{"id":8516,"date":"2020-04-27T18:50:02","date_gmt":"2020-04-28T00:50:02","guid":{"rendered":"http:\/\/bloquepopularjuvenil.org\/?p=8516"},"modified":"2020-04-27T21:15:58","modified_gmt":"2020-04-28T03:15:58","slug":"covid-19-la-mejor-excusa-de-una-dictadura","status":"publish","type":"post","link":"https:\/\/elcomunista.org\/?p=8516","title":{"rendered":"Covid-19: La mejor excusa de una dictadura"},"content":{"rendered":"<p>Contribuci\u00f3n de:\u00a0<strong>Joel Avil\u00e9s Flores<\/strong><\/p>\n<p>Es innegable el impacto actual que presenta la enfermedad del Covid-19 dentro del reajuste econ\u00f3mico a nivel mundial en favor de la clase dominante multinacional y local, esta enfermedad pone en evidencia las precarias condiciones que recrea el sistema econ\u00f3mico en su modelo neoliberal tanto en el sistema de salud como los dem\u00e1s servicios sociales ignorados por el gran capital, a\u00fan m\u00e1s acentuado en los pa\u00edses de Latinoam\u00e9rica y concretamente en El salvador donde el sistema de salud es de los peores a nivel regional.<\/p>\n<p>Ante este momento hist\u00f3rico las medidas pol\u00edticas efectuadas por los gobernantes demuestran su verdadero rostro subordinado a los intereses econ\u00f3micos de n\u00facleos empresariales criminales, nuestro pa\u00eds vive una dictadura econ\u00f3mica desde hace siglos donde la voluntad del mercado liderado por la clase dominante sobre las poblaciones m\u00e1s empobrecidas y expoliadas desde la invasi\u00f3n castellana es la perpetuaci\u00f3n de la misma explotaci\u00f3n y desigualdad imperante que deja a la mayor\u00eda de la poblaci\u00f3n sin acceso a los servicios m\u00e1s necesarios y b\u00e1sicos para su existencia material. Esta dictadura se proyecta con la hegemon\u00eda del poder cultural representado m\u00e1s que nunca bajo la influencia masiva de los medios de comunicaci\u00f3n y redes sociales promoviendo el consumismo ego\u00edsta, proliferaci\u00f3n de la ideolog\u00eda capitalista, expresi\u00f3n idealizada de los intereses de dominaci\u00f3n psicol\u00f3gica de las masas y la desinformaci\u00f3n en un mundo virtualizado lejos de la realidad social.\u00a0\u00a0<\/p>\n<p>Sumado a esto, existe la dictadura como forma de gobierno caracterizada por suprimir derechos democr\u00e1ticos b\u00e1sicos, como libertad de expresi\u00f3n y pensamiento, ausencia e inoperancia de la ley que garantice los derechos de los ciudadanos y la ruptura del equilibrio entre los poderes del estado recayendo en un centralismo dirigido por un personaje o su grupo af\u00edn.<\/p>\n<p>La dictadura aparece en momentos de crisis donde impera la confusi\u00f3n haci\u00e9ndose necesario centralizar el poder autoritario limitando la acci\u00f3n pol\u00edtica de los sectores mayoritarios que tienen el derecho a levantarse a exigir sus demandas. Pensar sobre dictaduras nos hace recordar el pasado sangriento en la memoria colectiva herida por el militarismo asesino del siglo XX y la guerra civil que tantas vidas masacr\u00f3, sembrando dolor a\u00fan presente de distintas formas en la realidad salvadore\u00f1a, un recuerdo doloroso a quienes vivieron la dictadura militar de manera directa bajo la ley del fusil y la autoridad del miedo.<\/p>\n<p>Hoy en pleno 2020, el gobierno de la rep\u00fablica sistematiza el mismo objetivo de introducir en la poblaci\u00f3n miedo asesino para cometer sus putrefactos intereses bajo el pretexto de combatir la enfermedad del Covid-19. Desde la toma del poder Ejecutivo por parte del presidente Nayib Armando Bukele demostr\u00f3 su obscena prioridad de fortalecer militarmente los cuerpos de seguridad mientras recortaba el apoyo hacia los programas sociales de beneficio al agro, salud, educaci\u00f3n, entre otros.<\/p>\n<p>En un fallido intento golpista conocido como 9F intervino y militariz\u00f3 la Asamblea Legislativa por la \u00fanica raz\u00f3n de no aprob\u00e1rsele un presupuesto millonario para seguridad, poco especificado e irregular, malinterpretando el derecho a la insurrecci\u00f3n popular contenido en la Constituci\u00f3n de la Rep\u00fablica, llamado que no moviliz\u00f3 la cantidad de adeptos que esperaba para tal ocasi\u00f3n.<\/p>\n<p>La mejor arma de su propaganda es la red social de Twitter, donde ordena a sus funcionarios acatar \u00f3rdenes personales poco razonables, el discurso del presidente Bukele sigue un eje ubic\u00e1ndose como el \u00fanico l\u00edder del pueblo en una imagen mesi\u00e1nica, la responsabilizaci\u00f3n pol\u00edtica dirigida a la oposici\u00f3n de su gobierno mediante mensajes de divisi\u00f3n social donde cualquier cr\u00edtica argumentada es un atentado directo al gobierno y la poblaci\u00f3n. Adem\u00e1s la difusi\u00f3n de noticias pol\u00e9micas sin especificaciones fidedignas, teniendo como resultado la persecuci\u00f3n y estigmatizaci\u00f3n de cualquier persona que\u00a0 cuestione el accionar del gobierno por redes sociales, la misma imagen del presidente es la conformaci\u00f3n del s\u00edmbolo <em>millenial, <\/em>reflejo del podrido imaginario del capitalismo cultural de consumo, fanatismo a la imagen del gobernante en un pasionismo irracional por la mayor\u00eda de sus seguidores virtuales.<\/p>\n<p>Desde la alarmante noticia del repunte de casos a nivel mundial por la pandemia del Covid-19, el gobierno salvadore\u00f1o, sin entablar di\u00e1logo con los sectores populares m\u00e1s vulnerables del pa\u00eds, tom\u00f3 la abrupta decisi\u00f3n de cuarentena domiciliar obligatoria a nivel nacional, causando temor instant\u00e1neo en la poblaci\u00f3n, causando des\u00f3rdenes de personas que al momento abarrotaron los supermercados para acaparar utensilios de higiene e incluso productos que nada ten\u00edan que ver con la emergencia, de tal manera se evidenci\u00f3 el proyecto ideol\u00f3gico de manipular el pensamiento para el consumismo descontrolado ante el miedo generalizado contra la propia poblaci\u00f3n. Las medidas dictatoriales aparecieron cada vez m\u00e1s con las siguientes medidas:<\/p>\n<p>-Control Total: A trav\u00e9s de la ruptura del orden constitucional, el ejecutivo se hizo con el aparente control absoluto de la emergencia irrespetando la actividad de las instituciones defensoras de los Derechos Humanos en el marco de atender la pandemia, el Gobierno monopoliz\u00f3 la &lt;&lt;versi\u00f3n oficial&gt;&gt; para presentar sus hechos interesados ocultando otros de mayor importancia, el 15 de abril se conoci\u00f3 la decisi\u00f3n por parte del presidente de omitir las resoluciones de la Sala de lo Constitucional que llamaba al Ejecutivo frenar las detenciones arbitrarias con que se procedi\u00f3 a detener cientos de habitantes sin especificaciones tan siquiera legales, transport\u00e1ndolos incluso hacia bartolinas y a los llamados centros de contenci\u00f3n en un hacinamiento total, sin ning\u00fan protocolo de aislamiento.<\/p>\n<p>La cuarentena domiciliar no garantiza una medida eficaz para aquellos hogares que no poseen las condiciones b\u00e1sicas para permanecer en casa, muchos de ellos sin agua potable y otros con la necesidad de trabajar considerando que el sector informal conforma el grueso de la clase trabajadora del pa\u00eds, la aparente soluci\u00f3n por el gobierno fue una suspensi\u00f3n de pagos de servicios b\u00e1sicos o crediticios para pagarse posteriormente y una supuesta ayuda econ\u00f3mica de trescientos d\u00f3lares para los hogares m\u00e1s necesitados con fondos que ser\u00e1n pagados despu\u00e9s de la pandemia por los sectores m\u00e1s empobrecidos ante la billonaria deuda adquirida. Tal plan improvisado gener\u00f3 que muchas personas se remitieran a los CENADE, instituci\u00f3n que en voz del presidente era la encargada de solucionar los problemas en caso de no salir &lt;&lt;beneficiado&gt;&gt; cumpliendo los requisitos para el dep\u00f3sito, no obstante se neg\u00f3 la soluci\u00f3n, el gobierno orden\u00f3 cerrar los CENADE y la presencia militar no se hizo esperar, incluso personas fueron roseadas con gas pimienta y otras detenidas, la respuesta del presidente Nayib Bukele fue una c\u00e1ndida disculpa como si se tratara de un asunto trivial, adem\u00e1s de culpar a la poblaci\u00f3n por no tener paciencia y por si fuera poco, inculpar a la &lt;&lt;oposici\u00f3n pol\u00edtica&gt;&gt; de generar los disturbios. Es un hecho que la cuarentena beneficia indiscutiblemente a las grandes empresas de alimentos, supermercados y de env\u00edo, mientras las mayor\u00edas quedan a merced de la buena fortuna.<\/p>\n<p>-R\u00e9gimen de excepci\u00f3n:\u00a0 La militarizaci\u00f3n que se reforz\u00f3 con el denominado Plan Control Territorial, permiti\u00f3 el despliegue de efectivos militares y policiales de una manera amplia, al aprobarse el r\u00e9gimen de excepci\u00f3n por algunos diputados de la Asamblea Legislativa con el eufemismo de Ley de suspensi\u00f3n de derechos constitucionales concretos, hizo de \u00e9sta una estrategia pol\u00edtica de intimidaci\u00f3n la cual tuvo consecuencias muy serias, cientos de denuncias a la Procuradur\u00eda de la Defensa de Derechos Humanos as\u00ed como diversos casos de golpes a personas supuestamente incumpliendo las disposiciones de la cuarentena, llegando al colmo de un caso en San Juli\u00e1n donde un joven fue herido de bala, por elementos policiales que reclamaban dinero a cambio de dejarle pasar sin problemas el ret\u00e9n llevado a cabo en la zona, sin olvidar el allanamiento a casas de personas injustificadamente por autoridades y sin los mecanismos de salud correspondiente como se hab\u00eda planteado supuestamente por el Decreto Ejecutivo. Todo ello siguiendo las \u00f3rdenes del presidente por cadena nacional de endurecer las medidas autoritarias sin considerar los derechos de protecci\u00f3n a las personas que por ninguna manera debieran ser sometidas al capricho de las autoridades.<\/p>\n<p>-Cercos militares: La dictadura comenz\u00f3 implantando un llamado &lt;&lt;cerco sanitario&gt;&gt; en el municipio La Libertad con la excusa que numerosas personas estaban saliendo de sus hogares \u00a0injustificadamente, el presidente en su caracter\u00edstico pronunciamiento por Twitter orden\u00f3 el encierro de los habitantes a\u00fan con causas justificadas de salir de sus hogares, inici\u00f3 as\u00ed el ensayo del cerco militar el 17 de abril. Como era de esperarse el d\u00eda 20 de abril a las 6:00 am, buena parte de San Salvador amaneci\u00f3 sitiada por carros del ej\u00e9rcitos y centenares de efectivos armados en un &lt;&lt;cord\u00f3n sanitario&gt;&gt; coordinado con el alcalde de San Salvador, paso restringido \u00a0a empleados y usuarios de mercados, supermercados, bancos, farmacias y hospitales hasta el d\u00eda 28, otra medida que pone en evidencia que las grandes empresas no se ven afectadas econ\u00f3micamente mientras que los peque\u00f1os, medianos empresarios y el gran sector informal s\u00ed. Este es un llamado simb\u00f3lico del r\u00e9gimen ante la inminente crisis econ\u00f3mica que se avecina, los cercos militares son la soluci\u00f3n justamente cuando sectores populares empiezan a cuestionar las nefastas medidas ejecutadas. Aparte de los numerosos casos de unidades policiales amenazando por meg\u00e1fono a la ciudadan\u00eda a no salir de sus casas por la noche, en el municipio de Nuevo Cuscatl\u00e1n se implement\u00f3 &lt;&lt;Toque de queda&gt;&gt; de 9:00pm a 5:00am aun cuando dicho mecanismo es ilegal al no estar vigente dentro del ordenamiento jur\u00eddico, ya que su uso era propio de los reg\u00edmenes militares en el tiempo del conflicto armado para que los elementos paramilitares cometiesen todo tipo de cr\u00edmenes contra la oposici\u00f3n pol\u00edtica. As\u00ed mismo se presenta como la mayor\u00eda del aparataje estatal est\u00e1 al servicio del poder centralizado, PNC, FAES y dem\u00e1s elementos del gobierno siguen las \u00f3rdenes de los tuits del presidente. \u00daltimamente para garantizar el cumplimiento de estas medidas no basta el patrullaje de las unidades armadas sino el uso de drones y helic\u00f3pteros que mantienen en zozobra a la poblaci\u00f3n.<\/p>\n<p>-Manipulaci\u00f3n medi\u00e1tica: La publicidad del gobierno, pagada por la misma poblaci\u00f3n, es utilizada para demostrar alarde de su poder, sembrar miedo y distraer al p\u00fablico de las infamias cometidas en vez de informar sobre las medidas urgentes que se necesitan. Mediante las cadenas nacionales el presidente Nayib Bukele presenta informaciones, estad\u00edsticas y ejemplos internacionales exagerados y poco sustentables para atemorizar al p\u00fablico, todo esto en la m\u00e1s descarada propaganda pol\u00edtica para los comicios electorales del pr\u00f3ximo a\u00f1o atacando p\u00fablicamente todo cuestionamiento a su manera de hacer las cosas, haciendo uso del sentimentalismo religioso presente en la sociedad, todo el espect\u00e1culo pol\u00edtico sucio se desenvuelve en la plataforma virtual manipulando oscuramente todo tipo de informaci\u00f3n instrumentaliz\u00e1ndola para ejecutar la persecuci\u00f3n pol\u00edtica de opositores instando incluso a la violencia y odio, en lugar de mostrar el funcionamiento sanitario que hasta la fecha parece secreto de Estado. Recientemente el 23 de abril el autoproclamado l\u00edder dirigi\u00f3 un ataque contra la Asamblea Legislativa que con mayor\u00eda de votos superaba los decretos vetados por \u00e9l sin argumento l\u00f3gico referente al equipamiento necesario y obligatorio de los profesionales de la salud, la repatriaci\u00f3n de cientos de salvadore\u00f1os varados en el extranjero y la incorporaci\u00f3n de las medidas dadas por la Sala de lo Constitucional para garantizar el respeto a los derechos humanos tan violentados por el gobierno, publicando que se hab\u00eda detectado la posibilidad de presencia del virus en el recinto de la Asamblea, generando alarma a nivel nacional como presi\u00f3n descarada para suspender dicha superaci\u00f3n de veto.<\/p>\n<p>En s\u00edntesis, la dictadura gubernamental busca suprimir el pensamiento libre y la raz\u00f3n cr\u00edtica a punta de fusiles, tanques y ataques digitales, el espect\u00e1culo pol\u00edtico genera innumerables violaciones f\u00edsicas (lesiones, heridos, etc.) y psicol\u00f3gicas (miedo social, ansiedad, histeria colectiva, odio instrumentalizado contra cualquier oposici\u00f3n) de manera masiva a los sectores populares m\u00e1s vulnerables del pa\u00eds. Esto es el inicio de una serie de medidas encaminadas a cumplir los m\u00e1s retorcidos intereses de una \u00e9lite comercial a costa de sangre, golpe y dolor, jugando con las vidas de los m\u00e1s explotados por el sistema econ\u00f3mico imperante utilizando el miedo cada vez en aumento para suprimir el accionar real de la poblaci\u00f3n que pronto se ver\u00e1 en la necesidad de exigir sus derechos, la alimentaci\u00f3n, frente a la oleada de desinformaci\u00f3n condensada en las redes sociales con rumores y mentiras interesadas. La dictadura est\u00e1 y seguir\u00e1 al servicio del gran capital salvadore\u00f1o e internacional.<\/p>\n<p>En nombre de toda la poblaci\u00f3n sufrida, vilipendiada por el viejo y nuevo abuso del poder dominante y la mano criminal del gobierno servil a la clase dominante condenamos las medidas nefastas, desp\u00f3ticas y dictatoriales, exigimos el respeto de la salud f\u00edsica y mental de todos los salvadore\u00f1os, en especial de los sectores empobrecidos, los encuarentenados en centros de contenci\u00f3n, los recluidos en centros penitenciarios insalubres y los muchos trabajadores expuestos a toda clase de contagios. Teniendo en cuenta que la sociedad se encuentra dividida por los intereses de clase cada vez m\u00e1s evidentes y que la oligarqu\u00eda misma se encuentra en disputa de poder y hegemon\u00eda econ\u00f3mica instamos a los sectores populares, clase trabajadora, movimientos sociales, colectivos, comunidades, instituciones y al pueblo en general a organizarse tomando consciencia cr\u00edtica contra el r\u00e9gimen criminal que utiliza la excusa de frenar la pandemia del Covid-19 para establecer una dictadura bajo nueva est\u00e9tica publicitaria as\u00ed como enga\u00f1adora\u00a0 y frente a la venidera crisis econ\u00f3mica que amerita nuestra lucha con visi\u00f3n humana contra el miedo y la represi\u00f3n.<\/p>","protected":false},"excerpt":{"rendered":"<p>Contribuci\u00f3n de:\u00a0Joel Avil\u00e9s Flores Es innegable el impacto actual que presenta la enfermedad del Covid-19 dentro del reajuste econ\u00f3mico a nivel mundial en favor de la clase dominante multinacional y local, esta enfermedad pone en evidencia las precarias condiciones que recrea el sistema econ\u00f3mico en su modelo neoliberal tanto en el sistema de salud como&#8230;<\/p>\n","protected":false},"author":1,"featured_media":8517,"comment_status":"open","ping_status":"open","sticky":false,"template":"","format":"standard","meta":{"_monsterinsights_skip_tracking":false,"_monsterinsights_sitenote_active":false,"_monsterinsights_sitenote_note":"","_monsterinsights_sitenote_category":0,"_uf_show_specific_survey":0,"_uf_disable_surveys":false,"_jetpack_memberships_contains_paid_content":false,"footnotes":""},"categories":[3],"tags":[1043,1062],"class_list":["post-8516","post","type-post","status-publish","format-standard","has-post-thumbnail","hentry","category-politica","tag-coronavirus","tag-militarizacion"],"aioseo_notices":[],"yoast_head":"<!-- This site is optimized with the Yoast SEO plugin v25.6 - https:\/\/yoast.com\/wordpress\/plugins\/seo\/ -->\n<title>Covid-19: La mejor excusa de una dictadura<\/title>\n<meta name=\"robots\" content=\"index, follow, max-snippet:-1, max-image-preview:large, max-video-preview:-1\" \/>\n<link rel=\"canonical\" href=\"https:\/\/elcomunista.org\/?p=8516\" \/>\n<meta property=\"og:locale\" content=\"es_ES\" \/>\n<meta property=\"og:type\" content=\"article\" \/>\n<meta property=\"og:title\" content=\"Covid-19: La mejor excusa de una dictadura\" \/>\n<meta property=\"og:description\" content=\"Contribuci\u00f3n de:\u00a0Joel Avil\u00e9s Flores Es innegable el impacto actual que presenta la enfermedad del Covid-19 dentro del reajuste econ\u00f3mico a nivel mundial en favor de la clase dominante multinacional y local, esta enfermedad pone en evidencia las precarias condiciones que recrea el sistema econ\u00f3mico en su modelo neoliberal tanto en el sistema de salud como...\" \/>\n<meta property=\"og:url\" content=\"https:\/\/elcomunista.org\/?p=8516\" \/>\n<meta property=\"og:site_name\" content=\"Revoluci\u00f3n Comunista\" \/>\n<meta property=\"article:publisher\" content=\"https:\/\/www.facebook.com\/Bloquepopularjuvenil\" \/>\n<meta property=\"article:published_time\" content=\"2020-04-28T00:50:02+00:00\" \/>\n<meta property=\"article:modified_time\" content=\"2020-04-28T03:15:58+00:00\" \/>\n<meta property=\"og:image\" content=\"https:\/\/elcomunista.org\/wp-content\/uploads\/2020\/04\/faes.jpg\" \/>\n\t<meta property=\"og:image:width\" content=\"1024\" \/>\n\t<meta property=\"og:image:height\" content=\"683\" \/>\n\t<meta property=\"og:image:type\" content=\"image\/jpeg\" \/>\n<meta name=\"author\" content=\"Bloque Popular Juvenil\" \/>\n<meta name=\"twitter:card\" content=\"summary_large_image\" \/>\n<meta name=\"twitter:creator\" content=\"@ElBPJ\" \/>\n<meta name=\"twitter:site\" content=\"@ElBPJ\" \/>\n<meta name=\"twitter:label1\" content=\"Escrito por\" \/>\n\t<meta name=\"twitter:data1\" content=\"Bloque Popular Juvenil\" \/>\n\t<meta name=\"twitter:label2\" content=\"Tiempo de lectura\" \/>\n\t<meta name=\"twitter:data2\" content=\"12 minutos\" \/>\n<script type=\"application\/ld+json\" class=\"yoast-schema-graph\">{\"@context\":\"https:\/\/schema.org\",\"@graph\":[{\"@type\":\"Article\",\"@id\":\"https:\/\/elcomunista.org\/?p=8516#article\",\"isPartOf\":{\"@id\":\"https:\/\/elcomunista.org\/?p=8516\"},\"author\":{\"name\":\"Bloque Popular Juvenil\",\"@id\":\"https:\/\/elcomunista.org\/#\/schema\/person\/d55d5350d790a4464cbc0e898065567d\"},\"headline\":\"Covid-19: La mejor excusa de una dictadura\",\"datePublished\":\"2020-04-28T00:50:02+00:00\",\"dateModified\":\"2020-04-28T03:15:58+00:00\",\"mainEntityOfPage\":{\"@id\":\"https:\/\/elcomunista.org\/?p=8516\"},\"wordCount\":2434,\"commentCount\":0,\"publisher\":{\"@id\":\"https:\/\/elcomunista.org\/#organization\"},\"image\":{\"@id\":\"https:\/\/elcomunista.org\/?p=8516#primaryimage\"},\"thumbnailUrl\":\"https:\/\/elcomunista.org\/wp-content\/uploads\/2020\/04\/faes.jpg\",\"keywords\":[\"Coronavirus\",\"Militarizacion\"],\"articleSection\":[\"Pol\u00edtica\"],\"inLanguage\":\"es\",\"potentialAction\":[{\"@type\":\"CommentAction\",\"name\":\"Comment\",\"target\":[\"https:\/\/elcomunista.org\/?p=8516#respond\"]}]},{\"@type\":\"WebPage\",\"@id\":\"https:\/\/elcomunista.org\/?p=8516\",\"url\":\"https:\/\/elcomunista.org\/?p=8516\",\"name\":\"Covid-19: La mejor excusa de una dictadura\",\"isPartOf\":{\"@id\":\"https:\/\/elcomunista.org\/#website\"},\"primaryImageOfPage\":{\"@id\":\"https:\/\/elcomunista.org\/?p=8516#primaryimage\"},\"image\":{\"@id\":\"https:\/\/elcomunista.org\/?p=8516#primaryimage\"},\"thumbnailUrl\":\"https:\/\/elcomunista.org\/wp-content\/uploads\/2020\/04\/faes.jpg\",\"datePublished\":\"2020-04-28T00:50:02+00:00\",\"dateModified\":\"2020-04-28T03:15:58+00:00\",\"breadcrumb\":{\"@id\":\"https:\/\/elcomunista.org\/?p=8516#breadcrumb\"},\"inLanguage\":\"es\",\"potentialAction\":[{\"@type\":\"ReadAction\",\"target\":[\"https:\/\/elcomunista.org\/?p=8516\"]}]},{\"@type\":\"ImageObject\",\"inLanguage\":\"es\",\"@id\":\"https:\/\/elcomunista.org\/?p=8516#primaryimage\",\"url\":\"https:\/\/elcomunista.org\/wp-content\/uploads\/2020\/04\/faes.jpg\",\"contentUrl\":\"https:\/\/elcomunista.org\/wp-content\/uploads\/2020\/04\/faes.jpg\",\"width\":1024,\"height\":683},{\"@type\":\"BreadcrumbList\",\"@id\":\"https:\/\/elcomunista.org\/?p=8516#breadcrumb\",\"itemListElement\":[{\"@type\":\"ListItem\",\"position\":1,\"name\":\"Portada\",\"item\":\"https:\/\/elcomunista.org\/\"},{\"@type\":\"ListItem\",\"position\":2,\"name\":\"Covid-19: La mejor excusa de una dictadura\"}]},{\"@type\":\"WebSite\",\"@id\":\"https:\/\/elcomunista.org\/#website\",\"url\":\"https:\/\/elcomunista.org\/\",\"name\":\"Revoluci\u00f3n Comunista\",\"description\":\"Internacional Comunista Revolucionaria\",\"publisher\":{\"@id\":\"https:\/\/elcomunista.org\/#organization\"},\"potentialAction\":[{\"@type\":\"SearchAction\",\"target\":{\"@type\":\"EntryPoint\",\"urlTemplate\":\"https:\/\/elcomunista.org\/?s={search_term_string}\"},\"query-input\":{\"@type\":\"PropertyValueSpecification\",\"valueRequired\":true,\"valueName\":\"search_term_string\"}}],\"inLanguage\":\"es\"},{\"@type\":\"Organization\",\"@id\":\"https:\/\/elcomunista.org\/#organization\",\"name\":\"Bloque Popular Juvenil\",\"url\":\"https:\/\/elcomunista.org\/\",\"logo\":{\"@type\":\"ImageObject\",\"inLanguage\":\"es\",\"@id\":\"https:\/\/elcomunista.org\/#\/schema\/logo\/image\/\",\"url\":\"https:\/\/bloquepopularjuvenil.org\/wp-content\/uploads\/2018\/11\/bpj-militante.jpg\",\"contentUrl\":\"https:\/\/bloquepopularjuvenil.org\/wp-content\/uploads\/2018\/11\/bpj-militante.jpg\",\"width\":4000,\"height\":1390,\"caption\":\"Bloque Popular Juvenil\"},\"image\":{\"@id\":\"https:\/\/elcomunista.org\/#\/schema\/logo\/image\/\"},\"sameAs\":[\"https:\/\/www.facebook.com\/Bloquepopularjuvenil\",\"https:\/\/x.com\/ElBPJ\",\"https:\/\/www.instagram.com\/elbloque_bpj\/?hl=es-la\"]},{\"@type\":\"Person\",\"@id\":\"https:\/\/elcomunista.org\/#\/schema\/person\/d55d5350d790a4464cbc0e898065567d\",\"name\":\"Bloque Popular Juvenil\",\"image\":{\"@type\":\"ImageObject\",\"inLanguage\":\"es\",\"@id\":\"https:\/\/elcomunista.org\/#\/schema\/person\/image\/\",\"url\":\"https:\/\/secure.gravatar.com\/avatar\/85d12dca789bb6379dc38a198e1576cd?s=96&d=mm&r=g\",\"contentUrl\":\"https:\/\/secure.gravatar.com\/avatar\/85d12dca789bb6379dc38a198e1576cd?s=96&d=mm&r=g\",\"caption\":\"Bloque Popular Juvenil\"},\"url\":\"https:\/\/elcomunista.org\/?author=1\"}]}<\/script>\n<!-- \/ Yoast SEO plugin. -->","yoast_head_json":{"title":"Covid-19: La mejor excusa de una dictadura","robots":{"index":"index","follow":"follow","max-snippet":"max-snippet:-1","max-image-preview":"max-image-preview:large","max-video-preview":"max-video-preview:-1"},"canonical":"https:\/\/elcomunista.org\/?p=8516","og_locale":"es_ES","og_type":"article","og_title":"Covid-19: La mejor excusa de una dictadura","og_description":"Contribuci\u00f3n de:\u00a0Joel Avil\u00e9s Flores Es innegable el impacto actual que presenta la enfermedad del Covid-19 dentro del reajuste econ\u00f3mico a nivel mundial en favor de la clase dominante multinacional y local, esta enfermedad pone en evidencia las precarias condiciones que recrea el sistema econ\u00f3mico en su modelo neoliberal tanto en el sistema de salud como...","og_url":"https:\/\/elcomunista.org\/?p=8516","og_site_name":"Revoluci\u00f3n Comunista","article_publisher":"https:\/\/www.facebook.com\/Bloquepopularjuvenil","article_published_time":"2020-04-28T00:50:02+00:00","article_modified_time":"2020-04-28T03:15:58+00:00","og_image":[{"width":1024,"height":683,"url":"https:\/\/elcomunista.org\/wp-content\/uploads\/2020\/04\/faes.jpg","type":"image\/jpeg"}],"author":"Bloque Popular Juvenil","twitter_card":"summary_large_image","twitter_creator":"@ElBPJ","twitter_site":"@ElBPJ","twitter_misc":{"Escrito por":"Bloque Popular Juvenil","Tiempo de lectura":"12 minutos"},"schema":{"@context":"https:\/\/schema.org","@graph":[{"@type":"Article","@id":"https:\/\/elcomunista.org\/?p=8516#article","isPartOf":{"@id":"https:\/\/elcomunista.org\/?p=8516"},"author":{"name":"Bloque Popular Juvenil","@id":"https:\/\/elcomunista.org\/#\/schema\/person\/d55d5350d790a4464cbc0e898065567d"},"headline":"Covid-19: La mejor excusa de una dictadura","datePublished":"2020-04-28T00:50:02+00:00","dateModified":"2020-04-28T03:15:58+00:00","mainEntityOfPage":{"@id":"https:\/\/elcomunista.org\/?p=8516"},"wordCount":2434,"commentCount":0,"publisher":{"@id":"https:\/\/elcomunista.org\/#organization"},"image":{"@id":"https:\/\/elcomunista.org\/?p=8516#primaryimage"},"thumbnailUrl":"https:\/\/elcomunista.org\/wp-content\/uploads\/2020\/04\/faes.jpg","keywords":["Coronavirus","Militarizacion"],"articleSection":["Pol\u00edtica"],"inLanguage":"es","potentialAction":[{"@type":"CommentAction","name":"Comment","target":["https:\/\/elcomunista.org\/?p=8516#respond"]}]},{"@type":"WebPage","@id":"https:\/\/elcomunista.org\/?p=8516","url":"https:\/\/elcomunista.org\/?p=8516","name":"Covid-19: La mejor excusa de una dictadura","isPartOf":{"@id":"https:\/\/elcomunista.org\/#website"},"primaryImageOfPage":{"@id":"https:\/\/elcomunista.org\/?p=8516#primaryimage"},"image":{"@id":"https:\/\/elcomunista.org\/?p=8516#primaryimage"},"thumbnailUrl":"https:\/\/elcomunista.org\/wp-content\/uploads\/2020\/04\/faes.jpg","datePublished":"2020-04-28T00:50:02+00:00","dateModified":"2020-04-28T03:15:58+00:00","breadcrumb":{"@id":"https:\/\/elcomunista.org\/?p=8516#breadcrumb"},"inLanguage":"es","potentialAction":[{"@type":"ReadAction","target":["https:\/\/elcomunista.org\/?p=8516"]}]},{"@type":"ImageObject","inLanguage":"es","@id":"https:\/\/elcomunista.org\/?p=8516#primaryimage","url":"https:\/\/elcomunista.org\/wp-content\/uploads\/2020\/04\/faes.jpg","contentUrl":"https:\/\/elcomunista.org\/wp-content\/uploads\/2020\/04\/faes.jpg","width":1024,"height":683},{"@type":"BreadcrumbList","@id":"https:\/\/elcomunista.org\/?p=8516#breadcrumb","itemListElement":[{"@type":"ListItem","position":1,"name":"Portada","item":"https:\/\/elcomunista.org\/"},{"@type":"ListItem","position":2,"name":"Covid-19: La mejor excusa de una dictadura"}]},{"@type":"WebSite","@id":"https:\/\/elcomunista.org\/#website","url":"https:\/\/elcomunista.org\/","name":"Revoluci\u00f3n Comunista","description":"Internacional Comunista Revolucionaria","publisher":{"@id":"https:\/\/elcomunista.org\/#organization"},"potentialAction":[{"@type":"SearchAction","target":{"@type":"EntryPoint","urlTemplate":"https:\/\/elcomunista.org\/?s={search_term_string}"},"query-input":{"@type":"PropertyValueSpecification","valueRequired":true,"valueName":"search_term_string"}}],"inLanguage":"es"},{"@type":"Organization","@id":"https:\/\/elcomunista.org\/#organization","name":"Bloque Popular Juvenil","url":"https:\/\/elcomunista.org\/","logo":{"@type":"ImageObject","inLanguage":"es","@id":"https:\/\/elcomunista.org\/#\/schema\/logo\/image\/","url":"https:\/\/bloquepopularjuvenil.org\/wp-content\/uploads\/2018\/11\/bpj-militante.jpg","contentUrl":"https:\/\/bloquepopularjuvenil.org\/wp-content\/uploads\/2018\/11\/bpj-militante.jpg","width":4000,"height":1390,"caption":"Bloque Popular Juvenil"},"image":{"@id":"https:\/\/elcomunista.org\/#\/schema\/logo\/image\/"},"sameAs":["https:\/\/www.facebook.com\/Bloquepopularjuvenil","https:\/\/x.com\/ElBPJ","https:\/\/www.instagram.com\/elbloque_bpj\/?hl=es-la"]},{"@type":"Person","@id":"https:\/\/elcomunista.org\/#\/schema\/person\/d55d5350d790a4464cbc0e898065567d","name":"Bloque Popular Juvenil","image":{"@type":"ImageObject","inLanguage":"es","@id":"https:\/\/elcomunista.org\/#\/schema\/person\/image\/","url":"https:\/\/secure.gravatar.com\/avatar\/85d12dca789bb6379dc38a198e1576cd?s=96&d=mm&r=g","contentUrl":"https:\/\/secure.gravatar.com\/avatar\/85d12dca789bb6379dc38a198e1576cd?s=96&d=mm&r=g","caption":"Bloque Popular Juvenil"},"url":"https:\/\/elcomunista.org\/?author=1"}]}},"jetpack_featured_media_url":"https:\/\/elcomunista.org\/wp-content\/uploads\/2020\/04\/faes.jpg","jetpack_likes_enabled":true,"jetpack_sharing_enabled":true,"_links":{"self":[{"href":"https:\/\/elcomunista.org\/index.php?rest_route=\/wp\/v2\/posts\/8516"}],"collection":[{"href":"https:\/\/elcomunista.org\/index.php?rest_route=\/wp\/v2\/posts"}],"about":[{"href":"https:\/\/elcomunista.org\/index.php?rest_route=\/wp\/v2\/types\/post"}],"author":[{"embeddable":true,"href":"https:\/\/elcomunista.org\/index.php?rest_route=\/wp\/v2\/users\/1"}],"replies":[{"embeddable":true,"href":"https:\/\/elcomunista.org\/index.php?rest_route=%2Fwp%2Fv2%2Fcomments&post=8516"}],"version-history":[{"count":0,"href":"https:\/\/elcomunista.org\/index.php?rest_route=\/wp\/v2\/posts\/8516\/revisions"}],"wp:featuredmedia":[{"embeddable":true,"href":"https:\/\/elcomunista.org\/index.php?rest_route=\/wp\/v2\/media\/8517"}],"wp:attachment":[{"href":"https:\/\/elcomunista.org\/index.php?rest_route=%2Fwp%2Fv2%2Fmedia&parent=8516"}],"wp:term":[{"taxonomy":"category","embeddable":true,"href":"https:\/\/elcomunista.org\/index.php?rest_route=%2Fwp%2Fv2%2Fcategories&post=8516"},{"taxonomy":"post_tag","embeddable":true,"href":"https:\/\/elcomunista.org\/index.php?rest_route=%2Fwp%2Fv2%2Ftags&post=8516"}],"curies":[{"name":"wp","href":"https:\/\/api.w.org\/{rel}","templated":true}]}}