{"id":8555,"date":"2020-05-04T18:35:47","date_gmt":"2020-05-05T00:35:47","guid":{"rendered":"http:\/\/bloquepopularjuvenil.org\/?p=8555"},"modified":"2020-05-04T18:35:52","modified_gmt":"2020-05-05T00:35:52","slug":"el-agua-en-tiempos-de-covid-19","status":"publish","type":"post","link":"https:\/\/elcomunista.org\/?p=8555","title":{"rendered":"El agua en tiempos de Covid-19"},"content":{"rendered":"<p>por: <strong>Katherine N\u00fa\u00f1ez<\/strong><\/p>\n<p>La importancia del agua queda de manifiesto en los diferentes escenarios ante los que la poblaci\u00f3n se ve obligada a enfrentar d\u00eda con d\u00eda, situaciones que se agudizan seg\u00fan el grado de vulnerabilidad social y econ\u00f3mica de la persona, provocando as\u00ed que sus impactos tambi\u00e9n sean diferenciados; es decir, los efectos de una crisis, en este caso, la crisis del agua, no la sufrimos todas y todos por igual.<\/p>\n<p>En ese sentido, la importancia del uso del agua para garantizar la salud p\u00fablica no es la excepci\u00f3n; y el acceso y goce de estos dos derechos tampoco ser\u00e1 igual para la poblaci\u00f3n.<\/p>\n<p>En El Salvador, as\u00ed como en los dem\u00e1s pa\u00edses y siguiendo las recomendaciones de la Organizaci\u00f3n Mundial de la Salud, se implementaron algunas medidas sanitarias, en las cuales el componente vital para poder realizarlas es el agua. Desde el gobierno central hasta los m\u00faltiples gobiernos locales, se inst\u00f3 a la poblaci\u00f3n a un adecuado y frecuente lavado de manos, a la limpieza continua de objetos y superficies, y por supuesto, el desinfectar calles y veh\u00edculos. Todas esas medidas demandan una gran cantidad de este bien h\u00eddrico.<\/p>\n<p>El primer caso positivo de COVID-19 por contagio local se detect\u00f3 el mi\u00e9rcoles 8 de abril y pertenece al municipio de San Salvador. Actualmente, las cifras reportan que el n\u00famero de contagios locales ha superado el de contagios importados. Ante esta situaci\u00f3n, las medidas anteriormente expuestas se convierten altamente necesarias de seguir implement\u00e1ndolas en cada municipio, comunidad y hogar.<\/p>\n<p>Los municipios que hasta el momento reportan casos positivos ascienden a 50. En el \u00c1rea Metropolitana de San Salvador (AMSS), donde se concentra una cantidad mayor al 27% de la poblaci\u00f3n total del pa\u00eds, de los 14 municipios que la conforman casi todos ellos presentan casos. \u00a0<\/p>\n<p>Lo impactante de estos datos es que en los municipios registrados con casos positivos, sus comunidades y colonias sufren de la problem\u00e1tica del agua, tanto en el acceso, la cantidad y su calidad. Esto no hace diferencia si el agua les es distribuida por la ANDA, una Junta de Agua o cualquier otro mecanismo. Tambi\u00e9n, es destacable reconocer que, al ser estos municipios en su mayor\u00eda zonas urbanas, suelen ser las \u00e1reas m\u00e1s pobladas y hacinadas del territorio nacional, donde residen las clases productoras del pa\u00eds y donde los niveles de acceso a los derechos fundamentales para una vida digna e integral es solo un sue\u00f1o lejano, en\u00a0 una realidad de miseria y pobreza.<\/p>\n<p>San Salvador, Soyapango, Ilopango, Apopa, Ciudad Delgado, Santo Tom\u00e1s y Mejicanos, son de los municipios con mayor cantidad de casos y donde en los \u00faltimos d\u00edas, sus pobladores han presentado denuncias por la falta de agua; por ejemplo, en Soyapango la Residencial Los \u00c1ngeles, Residencial Los Santos, Colonia Guadalupe, entre otras reportaban pasar d\u00edas sin agua; en Mejicanos la Comunidad Finca Argentina m\u00e1s de un mes con desabastecimiento; en Ilopango, la Colonia Cima I report\u00f3 que para el 8 de abril cumpl\u00edan 10 d\u00edas sin el bien h\u00eddrico.<\/p>\n<p>Esta situaci\u00f3n de desabastecimiento provoca que los y las habitantes pertenecientes a dichos municipios, sean m\u00e1s propensos a infectarse y padecer, no solo el COVID-19, sino tambi\u00e9n otras enfermedades. Por tanto, vemos claramente como la desigualdad social creada por el capitalismo convierte a los habitantes de estas zonas en pobres victimas indefensas de las enfermedades. \u00a0<\/p>\n<p>La escasez de agua, no s\u00f3lo se ve agudizada por la implementaci\u00f3n de las medidas sanitarias de desinfecci\u00f3n, sino que tambi\u00e9n, la cuarentena domiciliar ha obligado a la mayor\u00eda de los y las integrantes del c\u00edrculo familiar a permanecer en su casa, incrementando altamente la cantidad de agua necesaria para el consumo humano y el uso dom\u00e9stico.<\/p>\n<p>Lo que se traduce, en verse obligados a encontrar otras alternativas para conseguir algunos litros de agua y de ese modo abastecer a su familia, entre ellas, el comprar agua embotellada, tal como lo hace el 41.3 % de la poblaci\u00f3n<a href=\"#_ftn1\" name=\"_ftnref1\">[1]<\/a>, como soluci\u00f3n ante la mala calidad del agua que recibe cuando le suministran. Afectando as\u00ed tambi\u00e9n los pocos ingresos econ\u00f3micos que puedan obtener durante este Estado de Emergencia y que un gran n\u00famero de salvadore\u00f1os y salvadore\u00f1as que pertenecen al sector informal han dejado de percibir.<\/p>\n<p>El Estado a trav\u00e9s de la implementaci\u00f3n de las medidas sanitarias busca garantizar a la poblaci\u00f3n la salud, sin embargo, ha olvidado que para ello debe garantizarse, en primer lugar, el derecho humano al agua, el cual es exigido como derecho por un 99.5% de la poblaci\u00f3n salvadore\u00f1a<a href=\"#_ftn2\" name=\"_ftnref2\">[2]<\/a>, seg\u00fan la \u00faltima encuesta de opini\u00f3n de la UCA sobre la situaci\u00f3n del agua.<\/p>\n<h4><span style=\"color: #800000;\"><strong>Perspectivas sobre la crisis del agua en El Salvador\u00a0<\/strong><\/span><\/h4>\n<p>Seg\u00fan estudios del MARN, la crisis de agua se va a desplomar para el a\u00f1o 2022, es realmente alarmante como el estr\u00e9s h\u00eddrico va en un aumento r\u00e1pido y a gran escala; esta crisis ya es reconocida por un 90.6 % de la poblaci\u00f3n nacional<a href=\"#_ftn3\" name=\"_ftnref3\">[3]<\/a>. Por tanto, el Estado para resguardar la salud de sus habitantes, no s\u00f3lo ante el COVID-19, tambi\u00e9n debe implementar medidas para la protecci\u00f3n de este bien com\u00fan, las cuales deben estar planificadas bajo un enfoque de gesti\u00f3n sustentable de cuencas hidrogr\u00e1ficas y una gesti\u00f3n p\u00fablica con participaci\u00f3n efectiva de la sociedad.\u00a0<\/p>\n<p>Para garantizar la implementaci\u00f3n y cumplimiento de estas medidas, es necesario que se reconozca el derecho humano al agua en la Constituci\u00f3n y la aprobaci\u00f3n de una Propuesta Ciudadana de Ley General de Aguas, esto de manera urgente, tal como lo expresa un 91.5% y un 89.3% de la poblaci\u00f3n, respectivamente.<a href=\"#_ftn4\" name=\"_ftnref4\">[4]<\/a><\/p>\n<p>Sin embargo, la Comisi\u00f3n de Medio Ambiente y Cambio Clim\u00e1tico, la cual es encargada del estudio y an\u00e1lisis de los diferentes anteproyectos de Ley de Aguas, sesion\u00f3 por \u00faltima vez en marzo del presente a\u00f1o. Lo cual significar\u00e1 para la poblaci\u00f3n salvadore\u00f1a un a\u00f1o m\u00e1s sin una Ley General de Aguas. Es decir 14 a\u00f1os, hablando hist\u00f3ricamente, sin un marco regulatorio que garantice este derecho humano, el abastecimiento en calidad y cantidad a la poblaci\u00f3n y a la protecci\u00f3n de esta fuente de vida.<\/p>\n<p>Mientras tanto, las grandes empresas extractivas que utilizan el agua de forma voraz e indiscriminada para el riego del monocultivo de ca\u00f1a, durante esta cuarentena no han parado. Sino que aprovechan esta coyuntura porque las comunidades y las organizaciones que hist\u00f3ricamente le han dado vigilancia y protecci\u00f3n a los bienes naturales no han podido hacerlo.<\/p>\n<p>Por lo tanto, es necesario que durante esta pandemia el Estado no se olvide de la protecci\u00f3n de los bienes naturales.<\/p>\n<p style=\"text-align: center;\">\u201cSin agua, el COVID-19 avanza\u201d<\/p>\n<hr \/>\n<p><a href=\"#_ftnref1\" name=\"_ftn1\">[1]<\/a> Encuesta UCA.<\/p>\n<p><a href=\"#_ftnref2\" name=\"_ftn2\">[2]<\/a> Encuesta sobre el Derecho Humano al Agua, UCA, Marzo 2020.<\/p>\n<p><a href=\"#_ftnref3\" name=\"_ftn3\">[3]<\/a> Encuesta sobre el Derecho Humano al Agua, UCA, Marzo 2020.<\/p>\n<p><a href=\"#_ftnref4\" name=\"_ftn4\">[4]<\/a> Encuesta sobre el Derecho Humano al Agua, UCA, Marzo 2020.<\/p>","protected":false},"excerpt":{"rendered":"<p>por: Katherine N\u00fa\u00f1ez La importancia del agua queda de manifiesto en los diferentes escenarios ante los que la poblaci\u00f3n se ve obligada a enfrentar d\u00eda con d\u00eda, situaciones que se agudizan seg\u00fan el grado de vulnerabilidad social y econ\u00f3mica de la persona, provocando as\u00ed que sus impactos tambi\u00e9n sean diferenciados; es decir, los efectos de&#8230;<\/p>\n","protected":false},"author":1,"featured_media":8556,"comment_status":"open","ping_status":"open","sticky":false,"template":"","format":"standard","meta":{"_monsterinsights_skip_tracking":false,"_monsterinsights_sitenote_active":false,"_monsterinsights_sitenote_note":"","_monsterinsights_sitenote_category":0,"_uf_show_specific_survey":0,"_uf_disable_surveys":false,"_jetpack_memberships_contains_paid_content":false,"footnotes":""},"categories":[1084,391],"tags":[275,1043,192],"class_list":["post-8555","post","type-post","status-publish","format-standard","has-post-thumbnail","hentry","category-coronavirus","category-medio-ambiente","tag-agua","tag-coronavirus","tag-crisis"],"aioseo_notices":[],"yoast_head":"<!-- This site is optimized with the Yoast SEO plugin v25.6 - https:\/\/yoast.com\/wordpress\/plugins\/seo\/ -->\n<title>El agua en tiempos de Covid-19<\/title>\n<meta name=\"robots\" content=\"index, follow, max-snippet:-1, max-image-preview:large, max-video-preview:-1\" \/>\n<link rel=\"canonical\" href=\"https:\/\/elcomunista.org\/?p=8555\" \/>\n<meta property=\"og:locale\" content=\"es_ES\" \/>\n<meta property=\"og:type\" content=\"article\" \/>\n<meta property=\"og:title\" content=\"El agua en tiempos de Covid-19\" \/>\n<meta property=\"og:description\" content=\"por: Katherine N\u00fa\u00f1ez La importancia del agua queda de manifiesto en los diferentes escenarios ante los que la poblaci\u00f3n se ve obligada a enfrentar d\u00eda con d\u00eda, situaciones que se agudizan seg\u00fan el grado de vulnerabilidad social y econ\u00f3mica de la persona, provocando as\u00ed que sus impactos tambi\u00e9n sean diferenciados; es decir, los efectos de...\" \/>\n<meta property=\"og:url\" content=\"https:\/\/elcomunista.org\/?p=8555\" \/>\n<meta property=\"og:site_name\" content=\"Revoluci\u00f3n Comunista\" \/>\n<meta property=\"article:publisher\" content=\"https:\/\/www.facebook.com\/Bloquepopularjuvenil\" \/>\n<meta property=\"article:published_time\" content=\"2020-05-05T00:35:47+00:00\" \/>\n<meta property=\"article:modified_time\" content=\"2020-05-05T00:35:52+00:00\" \/>\n<meta property=\"og:image\" content=\"https:\/\/elcomunista.org\/wp-content\/uploads\/2020\/05\/cierre-agua.jpg\" \/>\n\t<meta property=\"og:image:width\" content=\"700\" \/>\n\t<meta property=\"og:image:height\" content=\"368\" \/>\n\t<meta property=\"og:image:type\" content=\"image\/jpeg\" \/>\n<meta name=\"author\" content=\"Bloque Popular Juvenil\" \/>\n<meta name=\"twitter:card\" content=\"summary_large_image\" \/>\n<meta name=\"twitter:creator\" content=\"@ElBPJ\" \/>\n<meta name=\"twitter:site\" content=\"@ElBPJ\" \/>\n<meta name=\"twitter:label1\" content=\"Escrito por\" \/>\n\t<meta name=\"twitter:data1\" content=\"Bloque Popular Juvenil\" \/>\n\t<meta name=\"twitter:label2\" content=\"Tiempo de lectura\" \/>\n\t<meta name=\"twitter:data2\" content=\"6 minutos\" \/>\n<script type=\"application\/ld+json\" class=\"yoast-schema-graph\">{\"@context\":\"https:\/\/schema.org\",\"@graph\":[{\"@type\":\"Article\",\"@id\":\"https:\/\/elcomunista.org\/?p=8555#article\",\"isPartOf\":{\"@id\":\"https:\/\/elcomunista.org\/?p=8555\"},\"author\":{\"name\":\"Bloque Popular Juvenil\",\"@id\":\"https:\/\/elcomunista.org\/#\/schema\/person\/d55d5350d790a4464cbc0e898065567d\"},\"headline\":\"El agua en tiempos de Covid-19\",\"datePublished\":\"2020-05-05T00:35:47+00:00\",\"dateModified\":\"2020-05-05T00:35:52+00:00\",\"mainEntityOfPage\":{\"@id\":\"https:\/\/elcomunista.org\/?p=8555\"},\"wordCount\":1196,\"commentCount\":0,\"publisher\":{\"@id\":\"https:\/\/elcomunista.org\/#organization\"},\"image\":{\"@id\":\"https:\/\/elcomunista.org\/?p=8555#primaryimage\"},\"thumbnailUrl\":\"https:\/\/elcomunista.org\/wp-content\/uploads\/2020\/05\/cierre-agua.jpg\",\"keywords\":[\"agua\",\"Coronavirus\",\"crisis\"],\"articleSection\":[\"Coronavirus\",\"Medio Ambiente\"],\"inLanguage\":\"es\",\"potentialAction\":[{\"@type\":\"CommentAction\",\"name\":\"Comment\",\"target\":[\"https:\/\/elcomunista.org\/?p=8555#respond\"]}]},{\"@type\":\"WebPage\",\"@id\":\"https:\/\/elcomunista.org\/?p=8555\",\"url\":\"https:\/\/elcomunista.org\/?p=8555\",\"name\":\"El agua en tiempos de Covid-19\",\"isPartOf\":{\"@id\":\"https:\/\/elcomunista.org\/#website\"},\"primaryImageOfPage\":{\"@id\":\"https:\/\/elcomunista.org\/?p=8555#primaryimage\"},\"image\":{\"@id\":\"https:\/\/elcomunista.org\/?p=8555#primaryimage\"},\"thumbnailUrl\":\"https:\/\/elcomunista.org\/wp-content\/uploads\/2020\/05\/cierre-agua.jpg\",\"datePublished\":\"2020-05-05T00:35:47+00:00\",\"dateModified\":\"2020-05-05T00:35:52+00:00\",\"breadcrumb\":{\"@id\":\"https:\/\/elcomunista.org\/?p=8555#breadcrumb\"},\"inLanguage\":\"es\",\"potentialAction\":[{\"@type\":\"ReadAction\",\"target\":[\"https:\/\/elcomunista.org\/?p=8555\"]}]},{\"@type\":\"ImageObject\",\"inLanguage\":\"es\",\"@id\":\"https:\/\/elcomunista.org\/?p=8555#primaryimage\",\"url\":\"https:\/\/elcomunista.org\/wp-content\/uploads\/2020\/05\/cierre-agua.jpg\",\"contentUrl\":\"https:\/\/elcomunista.org\/wp-content\/uploads\/2020\/05\/cierre-agua.jpg\",\"width\":700,\"height\":368},{\"@type\":\"BreadcrumbList\",\"@id\":\"https:\/\/elcomunista.org\/?p=8555#breadcrumb\",\"itemListElement\":[{\"@type\":\"ListItem\",\"position\":1,\"name\":\"Portada\",\"item\":\"https:\/\/elcomunista.org\/\"},{\"@type\":\"ListItem\",\"position\":2,\"name\":\"El agua en tiempos de Covid-19\"}]},{\"@type\":\"WebSite\",\"@id\":\"https:\/\/elcomunista.org\/#website\",\"url\":\"https:\/\/elcomunista.org\/\",\"name\":\"Revoluci\u00f3n Comunista\",\"description\":\"Internacional Comunista Revolucionaria\",\"publisher\":{\"@id\":\"https:\/\/elcomunista.org\/#organization\"},\"potentialAction\":[{\"@type\":\"SearchAction\",\"target\":{\"@type\":\"EntryPoint\",\"urlTemplate\":\"https:\/\/elcomunista.org\/?s={search_term_string}\"},\"query-input\":{\"@type\":\"PropertyValueSpecification\",\"valueRequired\":true,\"valueName\":\"search_term_string\"}}],\"inLanguage\":\"es\"},{\"@type\":\"Organization\",\"@id\":\"https:\/\/elcomunista.org\/#organization\",\"name\":\"Bloque Popular Juvenil\",\"url\":\"https:\/\/elcomunista.org\/\",\"logo\":{\"@type\":\"ImageObject\",\"inLanguage\":\"es\",\"@id\":\"https:\/\/elcomunista.org\/#\/schema\/logo\/image\/\",\"url\":\"https:\/\/bloquepopularjuvenil.org\/wp-content\/uploads\/2018\/11\/bpj-militante.jpg\",\"contentUrl\":\"https:\/\/bloquepopularjuvenil.org\/wp-content\/uploads\/2018\/11\/bpj-militante.jpg\",\"width\":4000,\"height\":1390,\"caption\":\"Bloque Popular Juvenil\"},\"image\":{\"@id\":\"https:\/\/elcomunista.org\/#\/schema\/logo\/image\/\"},\"sameAs\":[\"https:\/\/www.facebook.com\/Bloquepopularjuvenil\",\"https:\/\/x.com\/ElBPJ\",\"https:\/\/www.instagram.com\/elbloque_bpj\/?hl=es-la\"]},{\"@type\":\"Person\",\"@id\":\"https:\/\/elcomunista.org\/#\/schema\/person\/d55d5350d790a4464cbc0e898065567d\",\"name\":\"Bloque Popular Juvenil\",\"image\":{\"@type\":\"ImageObject\",\"inLanguage\":\"es\",\"@id\":\"https:\/\/elcomunista.org\/#\/schema\/person\/image\/\",\"url\":\"https:\/\/secure.gravatar.com\/avatar\/85d12dca789bb6379dc38a198e1576cd?s=96&d=mm&r=g\",\"contentUrl\":\"https:\/\/secure.gravatar.com\/avatar\/85d12dca789bb6379dc38a198e1576cd?s=96&d=mm&r=g\",\"caption\":\"Bloque Popular Juvenil\"},\"url\":\"https:\/\/elcomunista.org\/?author=1\"}]}<\/script>\n<!-- \/ Yoast SEO plugin. -->","yoast_head_json":{"title":"El agua en tiempos de Covid-19","robots":{"index":"index","follow":"follow","max-snippet":"max-snippet:-1","max-image-preview":"max-image-preview:large","max-video-preview":"max-video-preview:-1"},"canonical":"https:\/\/elcomunista.org\/?p=8555","og_locale":"es_ES","og_type":"article","og_title":"El agua en tiempos de Covid-19","og_description":"por: Katherine N\u00fa\u00f1ez La importancia del agua queda de manifiesto en los diferentes escenarios ante los que la poblaci\u00f3n se ve obligada a enfrentar d\u00eda con d\u00eda, situaciones que se agudizan seg\u00fan el grado de vulnerabilidad social y econ\u00f3mica de la persona, provocando as\u00ed que sus impactos tambi\u00e9n sean diferenciados; es decir, los efectos de...","og_url":"https:\/\/elcomunista.org\/?p=8555","og_site_name":"Revoluci\u00f3n Comunista","article_publisher":"https:\/\/www.facebook.com\/Bloquepopularjuvenil","article_published_time":"2020-05-05T00:35:47+00:00","article_modified_time":"2020-05-05T00:35:52+00:00","og_image":[{"width":700,"height":368,"url":"https:\/\/elcomunista.org\/wp-content\/uploads\/2020\/05\/cierre-agua.jpg","type":"image\/jpeg"}],"author":"Bloque Popular Juvenil","twitter_card":"summary_large_image","twitter_creator":"@ElBPJ","twitter_site":"@ElBPJ","twitter_misc":{"Escrito por":"Bloque Popular Juvenil","Tiempo de lectura":"6 minutos"},"schema":{"@context":"https:\/\/schema.org","@graph":[{"@type":"Article","@id":"https:\/\/elcomunista.org\/?p=8555#article","isPartOf":{"@id":"https:\/\/elcomunista.org\/?p=8555"},"author":{"name":"Bloque Popular Juvenil","@id":"https:\/\/elcomunista.org\/#\/schema\/person\/d55d5350d790a4464cbc0e898065567d"},"headline":"El agua en tiempos de Covid-19","datePublished":"2020-05-05T00:35:47+00:00","dateModified":"2020-05-05T00:35:52+00:00","mainEntityOfPage":{"@id":"https:\/\/elcomunista.org\/?p=8555"},"wordCount":1196,"commentCount":0,"publisher":{"@id":"https:\/\/elcomunista.org\/#organization"},"image":{"@id":"https:\/\/elcomunista.org\/?p=8555#primaryimage"},"thumbnailUrl":"https:\/\/elcomunista.org\/wp-content\/uploads\/2020\/05\/cierre-agua.jpg","keywords":["agua","Coronavirus","crisis"],"articleSection":["Coronavirus","Medio Ambiente"],"inLanguage":"es","potentialAction":[{"@type":"CommentAction","name":"Comment","target":["https:\/\/elcomunista.org\/?p=8555#respond"]}]},{"@type":"WebPage","@id":"https:\/\/elcomunista.org\/?p=8555","url":"https:\/\/elcomunista.org\/?p=8555","name":"El agua en tiempos de Covid-19","isPartOf":{"@id":"https:\/\/elcomunista.org\/#website"},"primaryImageOfPage":{"@id":"https:\/\/elcomunista.org\/?p=8555#primaryimage"},"image":{"@id":"https:\/\/elcomunista.org\/?p=8555#primaryimage"},"thumbnailUrl":"https:\/\/elcomunista.org\/wp-content\/uploads\/2020\/05\/cierre-agua.jpg","datePublished":"2020-05-05T00:35:47+00:00","dateModified":"2020-05-05T00:35:52+00:00","breadcrumb":{"@id":"https:\/\/elcomunista.org\/?p=8555#breadcrumb"},"inLanguage":"es","potentialAction":[{"@type":"ReadAction","target":["https:\/\/elcomunista.org\/?p=8555"]}]},{"@type":"ImageObject","inLanguage":"es","@id":"https:\/\/elcomunista.org\/?p=8555#primaryimage","url":"https:\/\/elcomunista.org\/wp-content\/uploads\/2020\/05\/cierre-agua.jpg","contentUrl":"https:\/\/elcomunista.org\/wp-content\/uploads\/2020\/05\/cierre-agua.jpg","width":700,"height":368},{"@type":"BreadcrumbList","@id":"https:\/\/elcomunista.org\/?p=8555#breadcrumb","itemListElement":[{"@type":"ListItem","position":1,"name":"Portada","item":"https:\/\/elcomunista.org\/"},{"@type":"ListItem","position":2,"name":"El agua en tiempos de Covid-19"}]},{"@type":"WebSite","@id":"https:\/\/elcomunista.org\/#website","url":"https:\/\/elcomunista.org\/","name":"Revoluci\u00f3n Comunista","description":"Internacional Comunista Revolucionaria","publisher":{"@id":"https:\/\/elcomunista.org\/#organization"},"potentialAction":[{"@type":"SearchAction","target":{"@type":"EntryPoint","urlTemplate":"https:\/\/elcomunista.org\/?s={search_term_string}"},"query-input":{"@type":"PropertyValueSpecification","valueRequired":true,"valueName":"search_term_string"}}],"inLanguage":"es"},{"@type":"Organization","@id":"https:\/\/elcomunista.org\/#organization","name":"Bloque Popular Juvenil","url":"https:\/\/elcomunista.org\/","logo":{"@type":"ImageObject","inLanguage":"es","@id":"https:\/\/elcomunista.org\/#\/schema\/logo\/image\/","url":"https:\/\/bloquepopularjuvenil.org\/wp-content\/uploads\/2018\/11\/bpj-militante.jpg","contentUrl":"https:\/\/bloquepopularjuvenil.org\/wp-content\/uploads\/2018\/11\/bpj-militante.jpg","width":4000,"height":1390,"caption":"Bloque Popular Juvenil"},"image":{"@id":"https:\/\/elcomunista.org\/#\/schema\/logo\/image\/"},"sameAs":["https:\/\/www.facebook.com\/Bloquepopularjuvenil","https:\/\/x.com\/ElBPJ","https:\/\/www.instagram.com\/elbloque_bpj\/?hl=es-la"]},{"@type":"Person","@id":"https:\/\/elcomunista.org\/#\/schema\/person\/d55d5350d790a4464cbc0e898065567d","name":"Bloque Popular Juvenil","image":{"@type":"ImageObject","inLanguage":"es","@id":"https:\/\/elcomunista.org\/#\/schema\/person\/image\/","url":"https:\/\/secure.gravatar.com\/avatar\/85d12dca789bb6379dc38a198e1576cd?s=96&d=mm&r=g","contentUrl":"https:\/\/secure.gravatar.com\/avatar\/85d12dca789bb6379dc38a198e1576cd?s=96&d=mm&r=g","caption":"Bloque Popular Juvenil"},"url":"https:\/\/elcomunista.org\/?author=1"}]}},"jetpack_featured_media_url":"https:\/\/elcomunista.org\/wp-content\/uploads\/2020\/05\/cierre-agua.jpg","jetpack_likes_enabled":true,"jetpack_sharing_enabled":true,"_links":{"self":[{"href":"https:\/\/elcomunista.org\/index.php?rest_route=\/wp\/v2\/posts\/8555"}],"collection":[{"href":"https:\/\/elcomunista.org\/index.php?rest_route=\/wp\/v2\/posts"}],"about":[{"href":"https:\/\/elcomunista.org\/index.php?rest_route=\/wp\/v2\/types\/post"}],"author":[{"embeddable":true,"href":"https:\/\/elcomunista.org\/index.php?rest_route=\/wp\/v2\/users\/1"}],"replies":[{"embeddable":true,"href":"https:\/\/elcomunista.org\/index.php?rest_route=%2Fwp%2Fv2%2Fcomments&post=8555"}],"version-history":[{"count":0,"href":"https:\/\/elcomunista.org\/index.php?rest_route=\/wp\/v2\/posts\/8555\/revisions"}],"wp:featuredmedia":[{"embeddable":true,"href":"https:\/\/elcomunista.org\/index.php?rest_route=\/wp\/v2\/media\/8556"}],"wp:attachment":[{"href":"https:\/\/elcomunista.org\/index.php?rest_route=%2Fwp%2Fv2%2Fmedia&parent=8555"}],"wp:term":[{"taxonomy":"category","embeddable":true,"href":"https:\/\/elcomunista.org\/index.php?rest_route=%2Fwp%2Fv2%2Fcategories&post=8555"},{"taxonomy":"post_tag","embeddable":true,"href":"https:\/\/elcomunista.org\/index.php?rest_route=%2Fwp%2Fv2%2Ftags&post=8555"}],"curies":[{"name":"wp","href":"https:\/\/api.w.org\/{rel}","templated":true}]}}