{"id":8632,"date":"2020-05-11T19:59:57","date_gmt":"2020-05-12T01:59:57","guid":{"rendered":"http:\/\/bloquepopularjuvenil.org\/?p=8632"},"modified":"2020-05-11T20:46:47","modified_gmt":"2020-05-12T02:46:47","slug":"la-filosofia-del-marxismo-segunda-jornada-escuela-marxista-online","status":"publish","type":"post","link":"https:\/\/elcomunista.org\/?p=8632","title":{"rendered":"La filosof\u00eda del marxismo: segunda jornada Escuela Marxista Online"},"content":{"rendered":"<p><a href=\"https:\/\/docs.google.com\/forms\/u\/1\/d\/13RaDzk4sRrOybtnCH8fJ33EPKGvdotodkTos7B1CkNM\/edit\">Inscr\u00edbete<\/a> a la Escuela Marxista Online del Bloque Popular Juvenil. Una jornada cada s\u00e1bado de mayo a las 10:00 am a trav\u00e9s de Zoom. \u00a1No te la pierdas!<\/p>\n<hr \/>\n<p>El marxismo abarca un campo m\u00e1s amplio que la econom\u00eda y la pol\u00edtica. Abarca todo el panorama del desarrollo de la sociedad humana, del pensamiento y de la naturaleza. En este sentido, el marxismo es una filosof\u00eda. Toda filosof\u00eda intenta explicar el mundo en que vivimos y las relaciones entre el ser humano y la naturaleza. La filosof\u00eda del marxismo representa la s\u00edntesis m\u00e1s elaborada del pensamiento humano que se ha alcanzado bajo el capitalismo. El nombre que recibe esta filosof\u00eda es el de Materialismo Dial\u00e9ctico, y es su m\u00e9todo de an\u00e1lisis para conocer, interpretar y transformar la realidad.<\/p>\n<p>El materialismo dial\u00e9ctico es la columna vertebral del marxismo. Su aplicaci\u00f3n a la historia humana es lo que se conoce como Materialismo Hist\u00f3rico, y su aplicaci\u00f3n al estudio de la econom\u00eda capitalista es lo que se conoce como Teor\u00eda Valor-Trabajo. Estudiar el materialismo dial\u00e9ctico, por tanto, es vital para entender c\u00f3mo funciona el mundo y dotarnos de una filosof\u00eda revolucionaria que promueva el cambio revolucionario en la sociedad.\u00a0<\/p>\n<p>\u00a0<\/p>\n<p><img loading=\"lazy\" decoding=\"async\" class=\"alignnone  wp-image-8583\" src=\"http:\/\/bloquepopularjuvenil.org\/wp-content\/uploads\/2020\/05\/94818308_10221379728863920_391131307163254784_o-1-300x213.jpg\" alt=\"\" width=\"570\" height=\"405\" srcset=\"https:\/\/elcomunista.org\/wp-content\/uploads\/2020\/05\/94818308_10221379728863920_391131307163254784_o-1-300x213.jpg 300w, https:\/\/elcomunista.org\/wp-content\/uploads\/2020\/05\/94818308_10221379728863920_391131307163254784_o-1-600x426.jpg 600w, https:\/\/elcomunista.org\/wp-content\/uploads\/2020\/05\/94818308_10221379728863920_391131307163254784_o-1-1024x727.jpg 1024w, https:\/\/elcomunista.org\/wp-content\/uploads\/2020\/05\/94818308_10221379728863920_391131307163254784_o-1-768x545.jpg 768w, https:\/\/elcomunista.org\/wp-content\/uploads\/2020\/05\/94818308_10221379728863920_391131307163254784_o-1-104x74.jpg 104w, https:\/\/elcomunista.org\/wp-content\/uploads\/2020\/05\/94818308_10221379728863920_391131307163254784_o-1.jpg 1440w\" sizes=\"(max-width: 570px) 100vw, 570px\" \/><\/p>","protected":false},"excerpt":{"rendered":"<p>Inscr\u00edbete a la Escuela Marxista Online del Bloque Popular Juvenil. Una jornada cada s\u00e1bado de mayo a las 10:00 am a trav\u00e9s de Zoom. \u00a1No te la pierdas! El marxismo abarca un campo m\u00e1s amplio que la econom\u00eda y la pol\u00edtica. Abarca todo el panorama del desarrollo de la sociedad humana, del pensamiento y de&#8230;<\/p>\n","protected":false},"author":1,"featured_media":8633,"comment_status":"open","ping_status":"open","sticky":false,"template":"","format":"standard","meta":{"_monsterinsights_skip_tracking":false,"_monsterinsights_sitenote_active":false,"_monsterinsights_sitenote_note":"","_monsterinsights_sitenote_category":0,"_uf_show_specific_survey":0,"_uf_disable_surveys":false,"_jetpack_memberships_contains_paid_content":false,"footnotes":""},"categories":[3],"tags":[],"class_list":["post-8632","post","type-post","status-publish","format-standard","has-post-thumbnail","hentry","category-politica"],"aioseo_notices":[],"yoast_head":"<!-- This site is optimized with the Yoast SEO plugin v25.6 - https:\/\/yoast.com\/wordpress\/plugins\/seo\/ -->\n<title>La filosof\u00eda del marxismo: segunda jornada Escuela Marxista Online<\/title>\n<meta name=\"robots\" content=\"index, follow, max-snippet:-1, max-image-preview:large, max-video-preview:-1\" \/>\n<link rel=\"canonical\" href=\"https:\/\/elcomunista.org\/?p=8632\" \/>\n<meta property=\"og:locale\" content=\"es_ES\" \/>\n<meta property=\"og:type\" content=\"article\" \/>\n<meta property=\"og:title\" content=\"La filosof\u00eda del marxismo: segunda jornada Escuela Marxista Online\" \/>\n<meta property=\"og:description\" content=\"Inscr\u00edbete a la Escuela Marxista Online del Bloque Popular Juvenil. Una jornada cada s\u00e1bado de mayo a las 10:00 am a trav\u00e9s de Zoom. \u00a1No te la pierdas! El marxismo abarca un campo m\u00e1s amplio que la econom\u00eda y la pol\u00edtica. Abarca todo el panorama del desarrollo de la sociedad humana, del pensamiento y de...\" \/>\n<meta property=\"og:url\" content=\"https:\/\/elcomunista.org\/?p=8632\" \/>\n<meta property=\"og:site_name\" content=\"Revoluci\u00f3n Comunista\" \/>\n<meta property=\"article:publisher\" content=\"https:\/\/www.facebook.com\/Bloquepopularjuvenil\" \/>\n<meta property=\"article:published_time\" content=\"2020-05-12T01:59:57+00:00\" \/>\n<meta property=\"article:modified_time\" content=\"2020-05-12T02:46:47+00:00\" \/>\n<meta property=\"og:image\" content=\"https:\/\/elcomunista.org\/wp-content\/uploads\/2020\/05\/J2-WEB-scaled.jpg\" \/>\n\t<meta property=\"og:image:width\" content=\"2560\" \/>\n\t<meta property=\"og:image:height\" content=\"2560\" \/>\n\t<meta property=\"og:image:type\" content=\"image\/jpeg\" \/>\n<meta name=\"author\" content=\"Bloque Popular Juvenil\" \/>\n<meta name=\"twitter:card\" content=\"summary_large_image\" \/>\n<meta name=\"twitter:creator\" content=\"@ElBPJ\" \/>\n<meta name=\"twitter:site\" content=\"@ElBPJ\" \/>\n<meta name=\"twitter:label1\" content=\"Escrito por\" \/>\n\t<meta name=\"twitter:data1\" content=\"Bloque Popular Juvenil\" \/>\n\t<meta name=\"twitter:label2\" content=\"Tiempo de lectura\" \/>\n\t<meta name=\"twitter:data2\" content=\"1 minuto\" \/>\n<script type=\"application\/ld+json\" class=\"yoast-schema-graph\">{\"@context\":\"https:\/\/schema.org\",\"@graph\":[{\"@type\":\"Article\",\"@id\":\"https:\/\/elcomunista.org\/?p=8632#article\",\"isPartOf\":{\"@id\":\"https:\/\/elcomunista.org\/?p=8632\"},\"author\":{\"name\":\"Bloque Popular Juvenil\",\"@id\":\"https:\/\/elcomunista.org\/#\/schema\/person\/d55d5350d790a4464cbc0e898065567d\"},\"headline\":\"La filosof\u00eda del marxismo: segunda jornada Escuela Marxista Online\",\"datePublished\":\"2020-05-12T01:59:57+00:00\",\"dateModified\":\"2020-05-12T02:46:47+00:00\",\"mainEntityOfPage\":{\"@id\":\"https:\/\/elcomunista.org\/?p=8632\"},\"wordCount\":228,\"commentCount\":0,\"publisher\":{\"@id\":\"https:\/\/elcomunista.org\/#organization\"},\"image\":{\"@id\":\"https:\/\/elcomunista.org\/?p=8632#primaryimage\"},\"thumbnailUrl\":\"https:\/\/elcomunista.org\/wp-content\/uploads\/2020\/05\/J2-WEB-scaled.jpg\",\"articleSection\":[\"Pol\u00edtica\"],\"inLanguage\":\"es\",\"potentialAction\":[{\"@type\":\"CommentAction\",\"name\":\"Comment\",\"target\":[\"https:\/\/elcomunista.org\/?p=8632#respond\"]}]},{\"@type\":\"WebPage\",\"@id\":\"https:\/\/elcomunista.org\/?p=8632\",\"url\":\"https:\/\/elcomunista.org\/?p=8632\",\"name\":\"La filosof\u00eda del marxismo: segunda jornada Escuela Marxista Online\",\"isPartOf\":{\"@id\":\"https:\/\/elcomunista.org\/#website\"},\"primaryImageOfPage\":{\"@id\":\"https:\/\/elcomunista.org\/?p=8632#primaryimage\"},\"image\":{\"@id\":\"https:\/\/elcomunista.org\/?p=8632#primaryimage\"},\"thumbnailUrl\":\"https:\/\/elcomunista.org\/wp-content\/uploads\/2020\/05\/J2-WEB-scaled.jpg\",\"datePublished\":\"2020-05-12T01:59:57+00:00\",\"dateModified\":\"2020-05-12T02:46:47+00:00\",\"breadcrumb\":{\"@id\":\"https:\/\/elcomunista.org\/?p=8632#breadcrumb\"},\"inLanguage\":\"es\",\"potentialAction\":[{\"@type\":\"ReadAction\",\"target\":[\"https:\/\/elcomunista.org\/?p=8632\"]}]},{\"@type\":\"ImageObject\",\"inLanguage\":\"es\",\"@id\":\"https:\/\/elcomunista.org\/?p=8632#primaryimage\",\"url\":\"https:\/\/elcomunista.org\/wp-content\/uploads\/2020\/05\/J2-WEB-scaled.jpg\",\"contentUrl\":\"https:\/\/elcomunista.org\/wp-content\/uploads\/2020\/05\/J2-WEB-scaled.jpg\",\"width\":2560,\"height\":2560},{\"@type\":\"BreadcrumbList\",\"@id\":\"https:\/\/elcomunista.org\/?p=8632#breadcrumb\",\"itemListElement\":[{\"@type\":\"ListItem\",\"position\":1,\"name\":\"Portada\",\"item\":\"https:\/\/elcomunista.org\/\"},{\"@type\":\"ListItem\",\"position\":2,\"name\":\"La filosof\u00eda del marxismo: segunda jornada Escuela Marxista Online\"}]},{\"@type\":\"WebSite\",\"@id\":\"https:\/\/elcomunista.org\/#website\",\"url\":\"https:\/\/elcomunista.org\/\",\"name\":\"Revoluci\u00f3n Comunista\",\"description\":\"Internacional Comunista Revolucionaria\",\"publisher\":{\"@id\":\"https:\/\/elcomunista.org\/#organization\"},\"potentialAction\":[{\"@type\":\"SearchAction\",\"target\":{\"@type\":\"EntryPoint\",\"urlTemplate\":\"https:\/\/elcomunista.org\/?s={search_term_string}\"},\"query-input\":{\"@type\":\"PropertyValueSpecification\",\"valueRequired\":true,\"valueName\":\"search_term_string\"}}],\"inLanguage\":\"es\"},{\"@type\":\"Organization\",\"@id\":\"https:\/\/elcomunista.org\/#organization\",\"name\":\"Bloque Popular Juvenil\",\"url\":\"https:\/\/elcomunista.org\/\",\"logo\":{\"@type\":\"ImageObject\",\"inLanguage\":\"es\",\"@id\":\"https:\/\/elcomunista.org\/#\/schema\/logo\/image\/\",\"url\":\"https:\/\/bloquepopularjuvenil.org\/wp-content\/uploads\/2018\/11\/bpj-militante.jpg\",\"contentUrl\":\"https:\/\/bloquepopularjuvenil.org\/wp-content\/uploads\/2018\/11\/bpj-militante.jpg\",\"width\":4000,\"height\":1390,\"caption\":\"Bloque Popular Juvenil\"},\"image\":{\"@id\":\"https:\/\/elcomunista.org\/#\/schema\/logo\/image\/\"},\"sameAs\":[\"https:\/\/www.facebook.com\/Bloquepopularjuvenil\",\"https:\/\/x.com\/ElBPJ\",\"https:\/\/www.instagram.com\/elbloque_bpj\/?hl=es-la\"]},{\"@type\":\"Person\",\"@id\":\"https:\/\/elcomunista.org\/#\/schema\/person\/d55d5350d790a4464cbc0e898065567d\",\"name\":\"Bloque Popular Juvenil\",\"image\":{\"@type\":\"ImageObject\",\"inLanguage\":\"es\",\"@id\":\"https:\/\/elcomunista.org\/#\/schema\/person\/image\/\",\"url\":\"https:\/\/secure.gravatar.com\/avatar\/85d12dca789bb6379dc38a198e1576cd?s=96&d=mm&r=g\",\"contentUrl\":\"https:\/\/secure.gravatar.com\/avatar\/85d12dca789bb6379dc38a198e1576cd?s=96&d=mm&r=g\",\"caption\":\"Bloque Popular Juvenil\"},\"url\":\"https:\/\/elcomunista.org\/?author=1\"}]}<\/script>\n<!-- \/ Yoast SEO plugin. -->","yoast_head_json":{"title":"La filosof\u00eda del marxismo: segunda jornada Escuela Marxista Online","robots":{"index":"index","follow":"follow","max-snippet":"max-snippet:-1","max-image-preview":"max-image-preview:large","max-video-preview":"max-video-preview:-1"},"canonical":"https:\/\/elcomunista.org\/?p=8632","og_locale":"es_ES","og_type":"article","og_title":"La filosof\u00eda del marxismo: segunda jornada Escuela Marxista Online","og_description":"Inscr\u00edbete a la Escuela Marxista Online del Bloque Popular Juvenil. Una jornada cada s\u00e1bado de mayo a las 10:00 am a trav\u00e9s de Zoom. \u00a1No te la pierdas! El marxismo abarca un campo m\u00e1s amplio que la econom\u00eda y la pol\u00edtica. Abarca todo el panorama del desarrollo de la sociedad humana, del pensamiento y de...","og_url":"https:\/\/elcomunista.org\/?p=8632","og_site_name":"Revoluci\u00f3n Comunista","article_publisher":"https:\/\/www.facebook.com\/Bloquepopularjuvenil","article_published_time":"2020-05-12T01:59:57+00:00","article_modified_time":"2020-05-12T02:46:47+00:00","og_image":[{"width":2560,"height":2560,"url":"https:\/\/elcomunista.org\/wp-content\/uploads\/2020\/05\/J2-WEB-scaled.jpg","type":"image\/jpeg"}],"author":"Bloque Popular Juvenil","twitter_card":"summary_large_image","twitter_creator":"@ElBPJ","twitter_site":"@ElBPJ","twitter_misc":{"Escrito por":"Bloque Popular Juvenil","Tiempo de lectura":"1 minuto"},"schema":{"@context":"https:\/\/schema.org","@graph":[{"@type":"Article","@id":"https:\/\/elcomunista.org\/?p=8632#article","isPartOf":{"@id":"https:\/\/elcomunista.org\/?p=8632"},"author":{"name":"Bloque Popular Juvenil","@id":"https:\/\/elcomunista.org\/#\/schema\/person\/d55d5350d790a4464cbc0e898065567d"},"headline":"La filosof\u00eda del marxismo: segunda jornada Escuela Marxista Online","datePublished":"2020-05-12T01:59:57+00:00","dateModified":"2020-05-12T02:46:47+00:00","mainEntityOfPage":{"@id":"https:\/\/elcomunista.org\/?p=8632"},"wordCount":228,"commentCount":0,"publisher":{"@id":"https:\/\/elcomunista.org\/#organization"},"image":{"@id":"https:\/\/elcomunista.org\/?p=8632#primaryimage"},"thumbnailUrl":"https:\/\/elcomunista.org\/wp-content\/uploads\/2020\/05\/J2-WEB-scaled.jpg","articleSection":["Pol\u00edtica"],"inLanguage":"es","potentialAction":[{"@type":"CommentAction","name":"Comment","target":["https:\/\/elcomunista.org\/?p=8632#respond"]}]},{"@type":"WebPage","@id":"https:\/\/elcomunista.org\/?p=8632","url":"https:\/\/elcomunista.org\/?p=8632","name":"La filosof\u00eda del marxismo: segunda jornada Escuela Marxista Online","isPartOf":{"@id":"https:\/\/elcomunista.org\/#website"},"primaryImageOfPage":{"@id":"https:\/\/elcomunista.org\/?p=8632#primaryimage"},"image":{"@id":"https:\/\/elcomunista.org\/?p=8632#primaryimage"},"thumbnailUrl":"https:\/\/elcomunista.org\/wp-content\/uploads\/2020\/05\/J2-WEB-scaled.jpg","datePublished":"2020-05-12T01:59:57+00:00","dateModified":"2020-05-12T02:46:47+00:00","breadcrumb":{"@id":"https:\/\/elcomunista.org\/?p=8632#breadcrumb"},"inLanguage":"es","potentialAction":[{"@type":"ReadAction","target":["https:\/\/elcomunista.org\/?p=8632"]}]},{"@type":"ImageObject","inLanguage":"es","@id":"https:\/\/elcomunista.org\/?p=8632#primaryimage","url":"https:\/\/elcomunista.org\/wp-content\/uploads\/2020\/05\/J2-WEB-scaled.jpg","contentUrl":"https:\/\/elcomunista.org\/wp-content\/uploads\/2020\/05\/J2-WEB-scaled.jpg","width":2560,"height":2560},{"@type":"BreadcrumbList","@id":"https:\/\/elcomunista.org\/?p=8632#breadcrumb","itemListElement":[{"@type":"ListItem","position":1,"name":"Portada","item":"https:\/\/elcomunista.org\/"},{"@type":"ListItem","position":2,"name":"La filosof\u00eda del marxismo: segunda jornada Escuela Marxista Online"}]},{"@type":"WebSite","@id":"https:\/\/elcomunista.org\/#website","url":"https:\/\/elcomunista.org\/","name":"Revoluci\u00f3n Comunista","description":"Internacional Comunista Revolucionaria","publisher":{"@id":"https:\/\/elcomunista.org\/#organization"},"potentialAction":[{"@type":"SearchAction","target":{"@type":"EntryPoint","urlTemplate":"https:\/\/elcomunista.org\/?s={search_term_string}"},"query-input":{"@type":"PropertyValueSpecification","valueRequired":true,"valueName":"search_term_string"}}],"inLanguage":"es"},{"@type":"Organization","@id":"https:\/\/elcomunista.org\/#organization","name":"Bloque Popular Juvenil","url":"https:\/\/elcomunista.org\/","logo":{"@type":"ImageObject","inLanguage":"es","@id":"https:\/\/elcomunista.org\/#\/schema\/logo\/image\/","url":"https:\/\/bloquepopularjuvenil.org\/wp-content\/uploads\/2018\/11\/bpj-militante.jpg","contentUrl":"https:\/\/bloquepopularjuvenil.org\/wp-content\/uploads\/2018\/11\/bpj-militante.jpg","width":4000,"height":1390,"caption":"Bloque Popular Juvenil"},"image":{"@id":"https:\/\/elcomunista.org\/#\/schema\/logo\/image\/"},"sameAs":["https:\/\/www.facebook.com\/Bloquepopularjuvenil","https:\/\/x.com\/ElBPJ","https:\/\/www.instagram.com\/elbloque_bpj\/?hl=es-la"]},{"@type":"Person","@id":"https:\/\/elcomunista.org\/#\/schema\/person\/d55d5350d790a4464cbc0e898065567d","name":"Bloque Popular Juvenil","image":{"@type":"ImageObject","inLanguage":"es","@id":"https:\/\/elcomunista.org\/#\/schema\/person\/image\/","url":"https:\/\/secure.gravatar.com\/avatar\/85d12dca789bb6379dc38a198e1576cd?s=96&d=mm&r=g","contentUrl":"https:\/\/secure.gravatar.com\/avatar\/85d12dca789bb6379dc38a198e1576cd?s=96&d=mm&r=g","caption":"Bloque Popular Juvenil"},"url":"https:\/\/elcomunista.org\/?author=1"}]}},"jetpack_featured_media_url":"https:\/\/elcomunista.org\/wp-content\/uploads\/2020\/05\/J2-WEB-scaled.jpg","jetpack_likes_enabled":true,"jetpack_sharing_enabled":true,"_links":{"self":[{"href":"https:\/\/elcomunista.org\/index.php?rest_route=\/wp\/v2\/posts\/8632"}],"collection":[{"href":"https:\/\/elcomunista.org\/index.php?rest_route=\/wp\/v2\/posts"}],"about":[{"href":"https:\/\/elcomunista.org\/index.php?rest_route=\/wp\/v2\/types\/post"}],"author":[{"embeddable":true,"href":"https:\/\/elcomunista.org\/index.php?rest_route=\/wp\/v2\/users\/1"}],"replies":[{"embeddable":true,"href":"https:\/\/elcomunista.org\/index.php?rest_route=%2Fwp%2Fv2%2Fcomments&post=8632"}],"version-history":[{"count":0,"href":"https:\/\/elcomunista.org\/index.php?rest_route=\/wp\/v2\/posts\/8632\/revisions"}],"wp:featuredmedia":[{"embeddable":true,"href":"https:\/\/elcomunista.org\/index.php?rest_route=\/wp\/v2\/media\/8633"}],"wp:attachment":[{"href":"https:\/\/elcomunista.org\/index.php?rest_route=%2Fwp%2Fv2%2Fmedia&parent=8632"}],"wp:term":[{"taxonomy":"category","embeddable":true,"href":"https:\/\/elcomunista.org\/index.php?rest_route=%2Fwp%2Fv2%2Fcategories&post=8632"},{"taxonomy":"post_tag","embeddable":true,"href":"https:\/\/elcomunista.org\/index.php?rest_route=%2Fwp%2Fv2%2Ftags&post=8632"}],"curies":[{"name":"wp","href":"https:\/\/api.w.org\/{rel}","templated":true}]}}