{"id":8690,"date":"2020-05-19T20:11:11","date_gmt":"2020-05-20T02:11:11","guid":{"rendered":"http:\/\/bloquepopularjuvenil.org\/?p=8690"},"modified":"2020-05-19T22:39:35","modified_gmt":"2020-05-20T04:39:35","slug":"guatemala-entre-la-pandemia-el-saqueo-del-estado-y-la-capacidad-militante-de-enfrentar-la-coyuntura","status":"publish","type":"post","link":"https:\/\/elcomunista.org\/?p=8690","title":{"rendered":"Guatemala: entre la pandemia, el saqueo del Estado y la capacidad militante de enfrentar la coyuntura"},"content":{"rendered":"<p>Por: Corriente Marxista Internacional Guatemala<\/p>\n<p>El Covid 19 representa un impacto en todas las esferas de la vida. Sin embargo es en la capacidad adquisitiva y el derecho al trabajo donde se percibe un impacto directo en la clase obrera. La econom\u00eda guatemalteca descansa en la econom\u00eda informal, con m\u00e1s del 70% de la poblaci\u00f3n econ\u00f3micamente activa, sobreviviendo en dicho sector.<\/p>\n<p>La situaci\u00f3n actual de bajo consumo fuera de lo alimentario y transporte, y la baja en la exportaci\u00f3n provoca que el gran empresariado presione por la normalizaci\u00f3n en lo econ\u00f3mico laboral. Esta presi\u00f3n se confirma con las medidas de protecci\u00f3n econ\u00f3micas, pr\u00e9stamos que administrar\u00e1n bancos privados, flexibilizaci\u00f3n de controles para producci\u00f3n, suspensi\u00f3n de contratos laborales, y otras m\u00e1s.<\/p>\n<p>Las c\u00e1maras empresariales, agrupadas en el Comit\u00e9 Coordinador de Asociaciones Agr\u00edcolas, Comerciales, Industriales y Financieras \u2013 CACIF- es el ente de mayor peso e incidencia en las decisiones de Gobierno, el poder real en Guatemala. Es ah\u00ed donde los grandes azucareros, due\u00f1os de maquilas, mineras, cafetaleros y m\u00e1s, definen la pol\u00edtica y control social del pa\u00eds.<\/p>\n<p>Son estos actores de poder quienes, ansiosos, esperan que eliminen controles para la actividad econ\u00f3mica, y adem\u00e1s poder hacer recortes de personal a conveniencia con los acuerdos gobernativos espurios, para la clase trabajadora. El sector maquilero, hist\u00f3ricamente beneficiado con para\u00edsos fiscales, se frota las manos con la posibilidad de competir en un mercado regional y hacia USA y Uni\u00f3n Europea en este momento at\u00edpico para la econom\u00eda regional.<\/p>\n<p>El modelo econ\u00f3mico de Guatemala sigue basado en la agroindustria de monocultivos y extractivismo de materia prima y producci\u00f3n de electricidad. Estos sectores determinan la pol\u00edtica econ\u00f3mica que causa conflicto permanente en las comunidades donde desarrolla su actividad extractiva y de explotaci\u00f3n de la naturaleza y mano de obra.<\/p>\n<p>En el momento actual, en medio de la Pandemia del Coronavirus, cientos de banderas blancas que indican no tener alimentos ni dinero aparecen en las calles. Esto canaliza los despidos y suspensi\u00f3n de contratos que el Gobierno ha respaldado. El sector informal se encuentra limitado frente a medidas de cierre de mercados desde las 12 horas del d\u00eda y un toque de queda con pena de c\u00e1rcel y multa a quien lo transgreda.<\/p>\n<p>La rebaja de salarios es otra medida justificada por el empresariado para mantener pocos puestos de trabajo y garantizar la productividad. Mientras la canasta b\u00e1sica vital supera los 1,100 usd, el salario m\u00ednimo de ley supera los 350 usd. Este salario m\u00ednimo es el que se est\u00e1 rebajando para sufragar la crisis.<\/p>\n<p>A estas condiciones se suma un momento de disminuci\u00f3n en \u00e9l envi\u00f3 de remesas desde USA. Al momento suman a m\u00e1s de 50 los guatemaltecos fallecidos en el pa\u00eds del norte. Adem\u00e1s los vuelos de inmigrantes deportados no se detienen. Esto provoca un estigma social donde el expulsado de USA es rechazado tambi\u00e9n en sus comunidades por miedo al contagio de Covid 19. Estos muestra un impacto en la din\u00e1mica comunitaria, en donde los territorios con m\u00e1s defensa de la vida en comunidad, asumen la postura de cerrarse y rechazar a los miembros que han emigrado, buscando mejores oportunidades labores y de ingreso econ\u00f3mico.<\/p>\n<p>En este marco el empresariado guatemalteco persigue mantener sus relaciones con Estados Unidos y la Uni\u00f3n Europea, a costa de flexibilizar medidas sanitarias, aun sabiendo que el sistema de salud nacional ha estado colapsado hist\u00f3ricamente.<\/p>\n<p>Estas acciones de gobierno se dan en un escenario donde la alianza militar-empresarial oligarca consolid\u00f3 su control sobre la administraci\u00f3n del Estado en sus tres poderes. El resultado electoral de 2019 deja como ganadores a una alianza de corruptos, que enfrent\u00f3 a la CICIG (Comisi\u00f3n Internacional contra la Impunidad en Guatemala) percibi\u00e9ndola como un instrumento que reordenar\u00eda el mapa de poder local, desmantelando estructuras ilegales dentro del Estado, en donde participa hist\u00f3ricamente la oligarqu\u00eda tradicional del pa\u00eds.<\/p>\n<p>Este bloque hist\u00f3rico que controla el Estado y mantiene su visi\u00f3n de finca-naci\u00f3n, logro mantener una negociaci\u00f3n con la administraci\u00f3n republicana estadounidense, misma que le permiti\u00f3 la continuidad de los actores en el poder econ\u00f3mico y del Estado de Guatemala. <a href=\"#_ftn1\" name=\"_ftnref1\">[1]<\/a><\/p>\n<p>La expulsi\u00f3n de la CICIG representa\u00a0 un quiebre en la coyuntura interna dejando como ganadores al bloque empresarial y militar responsables de los actos genocidas durante el conflicto armado\u00a0 interno y del modelo finca guatemalteco, que mantiene en la pobreza a millones de trabajadores y trabajadoras. La coyuntura ha sido ganada por la esta alianza de corrupci\u00f3n y explotaci\u00f3n, siendo el resultado electoral la posibilidad del reparto y ordenamiento de actores pol\u00edticos.<\/p>\n<p>Esta coyuntura trajo, adem\u00e1s, una expresi\u00f3n de avanzada de los movimientos sociales y descontento ciudadano: la Candidatura Thelma Cabrera, y el 4to lugar en los resultados a presidencia. Hace m\u00e1s de 20 a\u00f1os que un partido de izquierda no lograba figurar en las tendencias de voto de las primeras 5 fuerzas partidarias a la presidencia. El Comit\u00e9 de Desarrollo Campesino constituy\u00f3 un Partido Pol\u00edtico, el Movimiento para la Liberaci\u00f3n de los Pueblos (MLP), buscando movilizar a sus bases y proponiendo la refundaci\u00f3n del Estado bajo la consigna del \u201cEstado Plurinacional\u201d.<\/p>\n<p>Este resultado evidencio ya un nivel de alerta desde el empresariado tradicional, que evidencia su postura fascista y lanza inmediata propaganda anti comunista con discursos viscerales y violentos. Es de tal forma un frente de avanzada y lucha por el poder formal, aspecto siempre importante. Sin embargo exige lograr una acumulaci\u00f3n de fuerzas que logre enfrentar la maquinaria electoral de la derecha y cautivar a la masa de votantes. Enfrentar los aparatos de propaganda, monopolizados por la oligarqu\u00eda, y generar un programa que logren consensuar el descontento actual.<\/p>\n<p>La realidad actual de partidos de izquierda, de corte estalinista presenta grandes desaf\u00edos. Todos se basan en la direcci\u00f3n de un grupo, que defiende su posici\u00f3n dentro del Partido, sin lograr identificar la acci\u00f3n pol\u00edtica como el elemento central del proceso revolucionario. Un ejemplo actual es como se enfrenta la presente cuarentena, siendo saqueados, despedidos y fragmentados estando encerrados en casa. Aun no se logra construir un debate y un nuevo paradigma de la protesta social sobre las condiciones actuales.<\/p>\n<p>Sin embargo la unidad y un programa pol\u00edtico que logren consenso hacia reformas profundas es determinante para dar un impulso al movimiento popular y al proceso revolucionario sobre las condiciones espec\u00edficas de Guatemala y Centroam\u00e9rica.<\/p>\n<p>En tiempos de pandemia y de conformaci\u00f3n de Estados Policiales, se hace urgente entender la realidad y actuar sobre ella con nuevos m\u00e9todos, nuevas estrategias, nuevos consensos y manteniendo la convicci\u00f3n generar nuevos paradigmas para la transformaci\u00f3n de la realidad.<\/p>\n<p>Estamos viendo una tendencia regional en las respuestas a la crisis. Por una parte, las medidas de control poblacional a trav\u00e9s del uso de medidas de orden p\u00fablico establecidas en la legislaci\u00f3n vigente de inspiraci\u00f3n contrainsurgente que proviene de los a\u00f1os 60.\u00a0 H\u00e9ctor Rosada mencion\u00f3 en una ocasi\u00f3n que el Estado de Guatemala no se descontrainsurgentiz\u00f3. El lanzamiento de una aplicaci\u00f3n para tel\u00e9fonos celulares promovida por el gobierno de Guatemala en el marco de la crisis sanitaria en el pa\u00eds, y bajo el argumento de facilitar informaci\u00f3n relacionada con la pandemia, se encuentra en una pol\u00e9mica por los aspectos de inseguridad en cuanto a filtraci\u00f3n de datos personales de los usuarios hacia instancias gubernamentales. La aplicaci\u00f3n se llama \u201cAlerta Guate\u201d y fue desarrollada por In-telligent LLC, financiada por la empresa israel\u00ed Tenlot Group<a href=\"#_ftn2\" name=\"_ftnref2\">[2]<\/a><\/p>\n<p>Por otra parte, las medidas econ\u00f3micas, que claramente est\u00e1n buscando generar el menor impacto posible en cuanto a costos en el sector empresarial guatemalteco.\u00a0 Sin embargo los intereses de laa gran mayor\u00eda que dependen de la sobrevivencia cotidiana y del trabajo informal, no han estado dentro de los objetivos de las medidas gubernamentales. Eso se hace evidente en el veto presidencial a la \u00fanica propuesta de ley que podr\u00eda propiciar un alivio pasajero en cuanto al pago de servicios b\u00e1sica para la mayor\u00eda de la poblaci\u00f3n y el retraso intencionado para su aprobaci\u00f3n y publicaci\u00f3n. Por otra parte, las medidas de control y limitaci\u00f3n de la libertad de locomoci\u00f3n, no se han aplicado a muchas de las grandes corporaciones que siguen importando productos que no son de primera necesidad para la poblaci\u00f3n: bebidas carbonatadas y alcoh\u00f3licas, por ejemplo. Se ha obligado al cierre de actividades comerciales de peque\u00f1os agricultores y se ha permitido el funcionamiento de restaurantes con servicio a domicilio.<\/p>\n<p>En lo que se refiere a salud, el gobierno ha mostrado incapacidad t\u00e9cnica para afrontarla, en cuanto a lo m\u00e9dico y administrativo. Constantes contradicciones en el accionar del Ministerio de Salud, el ocultamiento de datos, la resistencia a realizar pruebas masivas, la casi nula ejecuci\u00f3n de los presupuestos asignados, evidencian la inexistencia de una estrategia con objetivos operativos claros.<\/p>\n<p>Todo esto constituye un escenario previsible si se considera la propia naturaleza del Estado guatemalteco, de esencia finquera, con matices precapitalistas y algunos elementos de modernizaci\u00f3n que se incorporaron a mediados del siglo XX. Adem\u00e1s, la incorporaci\u00f3n del pa\u00eds en la din\u00e1mica del neoliberalismo desde la \u00faltima d\u00e9cada del siglo XX, en la que se comenz\u00f3 a aplicar al pie de la letra el dec\u00e1logo del Consenso de Washington, coadyuv\u00f3\u00f3 al adelgazamiento de la casi inexistente democracia burguesa. De cualquier manera, el Estado en Guatemala ha sido un ente funcional para los interese de la clase dominante, la historia de su configuraci\u00f3n en el siglo XIX, su instrumentalizaci\u00f3n para el ejercicio de la represi\u00f3n a trav\u00e9s de diferentes pr\u00e1cticas de violencia durante la \u00e9poca de los gobiernos militares y su posterior adecuaci\u00f3n al modelo econ\u00f3mico neoliberal a trav\u00e9s de las medidas de ajuste estructural, dan cuenta de un ente que funciona y opera para intereses particulares.<\/p>\n<p>Como Corriente Marxista Internacional estamos dispuesto a debatir sobre el programa de lucha de la clase obrera guatemalteca y centroamericana, un programa de unidad\u00a0 de la clase obrera por la conquista del socialismo y contra la sociedad capitalista que hoy m\u00e1s que nunca nos empuja a la muerte y la enfermedad.\u00a0 Hacemos un llamado en\u00e9rgico a todos los j\u00f3venes, mujeres, trabajadores y trabajadoras revolucionarios a construir una herramienta revolucionaria que pueda guiar a la clase obrera guatemalteca a la consecuci\u00f3n de sus demandas m\u00e1s inmediatas, y a las demandas hist\u00f3ricas que los grandes ricos de este pa\u00eds les han negado durante d\u00e9cadas.<\/p>\n<p>Desde nuestra trinchera seguiremos, analizando, agitando y luchando por brindar una respuesta a la crisis a la que nos somete el Estado burgu\u00e9s y los intereses de los capitalistas nacionales e internacionales. Luchamos por el socialismo, por la vida y la salud de los oprimidos el futuro es tormentoso y ser\u00e1 de combate, prepar\u00e9monos para las batallas futuras. Construyamos juntos y juntas la Corriente Marxista Internacional en Guatemala y el mundo entero, trabajadores del mundo un\u00e1monos bajo la bandera del marxismo para luchar por el socialismo.<\/p>\n<hr \/>\n<p><a href=\"#_ftnref1\" name=\"_ftn1\">[1]<\/a> En este sentido, cabe recordar la configuraci\u00f3n del estado de Guatemala, que sigue respondiendo en su esencia, a una forma finquera en buena medida en la forma en la que se organiza el trabajo, y en el salario servil.. Tischler, Sergio. Guatemala 1944: Crisis y revoluci\u00f3n. Ocaso y quiebre de una forma estatal. FyG, Guatemala, 2001.<\/p>\n<p><a href=\"#_ftnref2\" name=\"_ftn2\">[2]<\/a> Alerta Guate la aplicaci\u00f3n que retendr\u00e1 hasta por diez a\u00f1os datos de 100 mil personas. Prensa Comunitaria. 14 de mayo de 2020. En: https:\/\/medium.com\/@PrensaComunitar\/alerta-guate-la-aplicaci%C3%B3n-que-retendr%C3%A1-hasta-por-diez-a%C3%B1os-datos-de-100-mil-personas-6b853b1a4e81<\/p>","protected":false},"excerpt":{"rendered":"<p>Por: Corriente Marxista Internacional Guatemala El Covid 19 representa un impacto en todas las esferas de la vida. Sin embargo es en la capacidad adquisitiva y el derecho al trabajo donde se percibe un impacto directo en la clase obrera. La econom\u00eda guatemalteca descansa en la econom\u00eda informal, con m\u00e1s del 70% de la poblaci\u00f3n&#8230;<\/p>\n","protected":false},"author":62,"featured_media":8691,"comment_status":"open","ping_status":"open","sticky":false,"template":"","format":"standard","meta":{"_monsterinsights_skip_tracking":false,"_monsterinsights_sitenote_active":false,"_monsterinsights_sitenote_note":"","_monsterinsights_sitenote_category":0,"_uf_show_specific_survey":0,"_uf_disable_surveys":false,"_jetpack_memberships_contains_paid_content":false,"footnotes":""},"categories":[7],"tags":[160,1170],"class_list":["post-8690","post","type-post","status-publish","format-standard","has-post-thumbnail","hentry","category-guatemala","tag-guatemala","tag-saqueo-del-estado"],"aioseo_notices":[],"yoast_head":"<!-- This site is optimized with the Yoast SEO plugin v25.6 - https:\/\/yoast.com\/wordpress\/plugins\/seo\/ -->\n<title>Guatemala: entre la pandemia, el saqueo del Estado y la capacidad militante de enfrentar la coyuntura<\/title>\n<meta name=\"robots\" content=\"index, follow, max-snippet:-1, max-image-preview:large, max-video-preview:-1\" \/>\n<link rel=\"canonical\" href=\"https:\/\/elcomunista.org\/?p=8690\" \/>\n<meta property=\"og:locale\" content=\"es_ES\" \/>\n<meta property=\"og:type\" content=\"article\" \/>\n<meta property=\"og:title\" content=\"Guatemala: entre la pandemia, el saqueo del Estado y la capacidad militante de enfrentar la coyuntura\" \/>\n<meta property=\"og:description\" content=\"Por: Corriente Marxista Internacional Guatemala El Covid 19 representa un impacto en todas las esferas de la vida. Sin embargo es en la capacidad adquisitiva y el derecho al trabajo donde se percibe un impacto directo en la clase obrera. La econom\u00eda guatemalteca descansa en la econom\u00eda informal, con m\u00e1s del 70% de la poblaci\u00f3n...\" \/>\n<meta property=\"og:url\" content=\"https:\/\/elcomunista.org\/?p=8690\" \/>\n<meta property=\"og:site_name\" content=\"Revoluci\u00f3n Comunista\" \/>\n<meta property=\"article:publisher\" content=\"https:\/\/www.facebook.com\/Bloquepopularjuvenil\" \/>\n<meta property=\"article:published_time\" content=\"2020-05-20T02:11:11+00:00\" \/>\n<meta property=\"article:modified_time\" content=\"2020-05-20T04:39:35+00:00\" \/>\n<meta property=\"og:image\" content=\"https:\/\/elcomunista.org\/wp-content\/uploads\/2020\/05\/manifestacionciudadanajueves16noviembre14-2484b6b9c2332a0940fa92f0e573fcbc-900x600-1.jpg\" \/>\n\t<meta property=\"og:image:width\" content=\"900\" \/>\n\t<meta property=\"og:image:height\" content=\"600\" \/>\n\t<meta property=\"og:image:type\" content=\"image\/jpeg\" \/>\n<meta name=\"author\" content=\"Internacional Comunista Revolucionaria\" \/>\n<meta name=\"twitter:card\" content=\"summary_large_image\" \/>\n<meta name=\"twitter:creator\" content=\"@ElBPJ\" \/>\n<meta name=\"twitter:site\" content=\"@ElBPJ\" \/>\n<meta name=\"twitter:label1\" content=\"Escrito por\" \/>\n\t<meta name=\"twitter:data1\" content=\"Internacional Comunista Revolucionaria\" \/>\n\t<meta name=\"twitter:label2\" content=\"Tiempo de lectura\" \/>\n\t<meta name=\"twitter:data2\" content=\"10 minutos\" \/>\n<script type=\"application\/ld+json\" class=\"yoast-schema-graph\">{\"@context\":\"https:\/\/schema.org\",\"@graph\":[{\"@type\":\"Article\",\"@id\":\"https:\/\/elcomunista.org\/?p=8690#article\",\"isPartOf\":{\"@id\":\"https:\/\/elcomunista.org\/?p=8690\"},\"author\":{\"name\":\"Internacional Comunista Revolucionaria\",\"@id\":\"https:\/\/elcomunista.org\/#\/schema\/person\/f263a81caf9b6558c019b2d6b83e55be\"},\"headline\":\"Guatemala: entre la pandemia, el saqueo del Estado y la capacidad militante de enfrentar la coyuntura\",\"datePublished\":\"2020-05-20T02:11:11+00:00\",\"dateModified\":\"2020-05-20T04:39:35+00:00\",\"mainEntityOfPage\":{\"@id\":\"https:\/\/elcomunista.org\/?p=8690\"},\"wordCount\":2023,\"commentCount\":0,\"publisher\":{\"@id\":\"https:\/\/elcomunista.org\/#organization\"},\"image\":{\"@id\":\"https:\/\/elcomunista.org\/?p=8690#primaryimage\"},\"thumbnailUrl\":\"https:\/\/elcomunista.org\/wp-content\/uploads\/2020\/05\/manifestacionciudadanajueves16noviembre14-2484b6b9c2332a0940fa92f0e573fcbc-900x600-1.jpg\",\"keywords\":[\"Guatemala\",\"Saqueo del Estado\"],\"articleSection\":[\"Guatemala\"],\"inLanguage\":\"es\",\"potentialAction\":[{\"@type\":\"CommentAction\",\"name\":\"Comment\",\"target\":[\"https:\/\/elcomunista.org\/?p=8690#respond\"]}]},{\"@type\":\"WebPage\",\"@id\":\"https:\/\/elcomunista.org\/?p=8690\",\"url\":\"https:\/\/elcomunista.org\/?p=8690\",\"name\":\"Guatemala: entre la pandemia, el saqueo del Estado y la capacidad militante de enfrentar la coyuntura\",\"isPartOf\":{\"@id\":\"https:\/\/elcomunista.org\/#website\"},\"primaryImageOfPage\":{\"@id\":\"https:\/\/elcomunista.org\/?p=8690#primaryimage\"},\"image\":{\"@id\":\"https:\/\/elcomunista.org\/?p=8690#primaryimage\"},\"thumbnailUrl\":\"https:\/\/elcomunista.org\/wp-content\/uploads\/2020\/05\/manifestacionciudadanajueves16noviembre14-2484b6b9c2332a0940fa92f0e573fcbc-900x600-1.jpg\",\"datePublished\":\"2020-05-20T02:11:11+00:00\",\"dateModified\":\"2020-05-20T04:39:35+00:00\",\"breadcrumb\":{\"@id\":\"https:\/\/elcomunista.org\/?p=8690#breadcrumb\"},\"inLanguage\":\"es\",\"potentialAction\":[{\"@type\":\"ReadAction\",\"target\":[\"https:\/\/elcomunista.org\/?p=8690\"]}]},{\"@type\":\"ImageObject\",\"inLanguage\":\"es\",\"@id\":\"https:\/\/elcomunista.org\/?p=8690#primaryimage\",\"url\":\"https:\/\/elcomunista.org\/wp-content\/uploads\/2020\/05\/manifestacionciudadanajueves16noviembre14-2484b6b9c2332a0940fa92f0e573fcbc-900x600-1.jpg\",\"contentUrl\":\"https:\/\/elcomunista.org\/wp-content\/uploads\/2020\/05\/manifestacionciudadanajueves16noviembre14-2484b6b9c2332a0940fa92f0e573fcbc-900x600-1.jpg\",\"width\":900,\"height\":600},{\"@type\":\"BreadcrumbList\",\"@id\":\"https:\/\/elcomunista.org\/?p=8690#breadcrumb\",\"itemListElement\":[{\"@type\":\"ListItem\",\"position\":1,\"name\":\"Portada\",\"item\":\"https:\/\/elcomunista.org\/\"},{\"@type\":\"ListItem\",\"position\":2,\"name\":\"Guatemala: entre la pandemia, el saqueo del Estado y la capacidad militante de enfrentar la coyuntura\"}]},{\"@type\":\"WebSite\",\"@id\":\"https:\/\/elcomunista.org\/#website\",\"url\":\"https:\/\/elcomunista.org\/\",\"name\":\"Revoluci\u00f3n Comunista\",\"description\":\"Internacional Comunista Revolucionaria\",\"publisher\":{\"@id\":\"https:\/\/elcomunista.org\/#organization\"},\"potentialAction\":[{\"@type\":\"SearchAction\",\"target\":{\"@type\":\"EntryPoint\",\"urlTemplate\":\"https:\/\/elcomunista.org\/?s={search_term_string}\"},\"query-input\":{\"@type\":\"PropertyValueSpecification\",\"valueRequired\":true,\"valueName\":\"search_term_string\"}}],\"inLanguage\":\"es\"},{\"@type\":\"Organization\",\"@id\":\"https:\/\/elcomunista.org\/#organization\",\"name\":\"Bloque Popular Juvenil\",\"url\":\"https:\/\/elcomunista.org\/\",\"logo\":{\"@type\":\"ImageObject\",\"inLanguage\":\"es\",\"@id\":\"https:\/\/elcomunista.org\/#\/schema\/logo\/image\/\",\"url\":\"https:\/\/bloquepopularjuvenil.org\/wp-content\/uploads\/2018\/11\/bpj-militante.jpg\",\"contentUrl\":\"https:\/\/bloquepopularjuvenil.org\/wp-content\/uploads\/2018\/11\/bpj-militante.jpg\",\"width\":4000,\"height\":1390,\"caption\":\"Bloque Popular Juvenil\"},\"image\":{\"@id\":\"https:\/\/elcomunista.org\/#\/schema\/logo\/image\/\"},\"sameAs\":[\"https:\/\/www.facebook.com\/Bloquepopularjuvenil\",\"https:\/\/x.com\/ElBPJ\",\"https:\/\/www.instagram.com\/elbloque_bpj\/?hl=es-la\"]},{\"@type\":\"Person\",\"@id\":\"https:\/\/elcomunista.org\/#\/schema\/person\/f263a81caf9b6558c019b2d6b83e55be\",\"name\":\"Internacional Comunista Revolucionaria\",\"image\":{\"@type\":\"ImageObject\",\"inLanguage\":\"es\",\"@id\":\"https:\/\/elcomunista.org\/#\/schema\/person\/image\/\",\"url\":\"https:\/\/secure.gravatar.com\/avatar\/007ae9c82193c93b7cbb3bbda1ed8c15?s=96&d=mm&r=g\",\"contentUrl\":\"https:\/\/secure.gravatar.com\/avatar\/007ae9c82193c93b7cbb3bbda1ed8c15?s=96&d=mm&r=g\",\"caption\":\"Internacional Comunista Revolucionaria\"},\"url\":\"https:\/\/elcomunista.org\/?author=62\"}]}<\/script>\n<!-- \/ Yoast SEO plugin. -->","yoast_head_json":{"title":"Guatemala: entre la pandemia, el saqueo del Estado y la capacidad militante de enfrentar la coyuntura","robots":{"index":"index","follow":"follow","max-snippet":"max-snippet:-1","max-image-preview":"max-image-preview:large","max-video-preview":"max-video-preview:-1"},"canonical":"https:\/\/elcomunista.org\/?p=8690","og_locale":"es_ES","og_type":"article","og_title":"Guatemala: entre la pandemia, el saqueo del Estado y la capacidad militante de enfrentar la coyuntura","og_description":"Por: Corriente Marxista Internacional Guatemala El Covid 19 representa un impacto en todas las esferas de la vida. Sin embargo es en la capacidad adquisitiva y el derecho al trabajo donde se percibe un impacto directo en la clase obrera. La econom\u00eda guatemalteca descansa en la econom\u00eda informal, con m\u00e1s del 70% de la poblaci\u00f3n...","og_url":"https:\/\/elcomunista.org\/?p=8690","og_site_name":"Revoluci\u00f3n Comunista","article_publisher":"https:\/\/www.facebook.com\/Bloquepopularjuvenil","article_published_time":"2020-05-20T02:11:11+00:00","article_modified_time":"2020-05-20T04:39:35+00:00","og_image":[{"width":900,"height":600,"url":"https:\/\/elcomunista.org\/wp-content\/uploads\/2020\/05\/manifestacionciudadanajueves16noviembre14-2484b6b9c2332a0940fa92f0e573fcbc-900x600-1.jpg","type":"image\/jpeg"}],"author":"Internacional Comunista Revolucionaria","twitter_card":"summary_large_image","twitter_creator":"@ElBPJ","twitter_site":"@ElBPJ","twitter_misc":{"Escrito por":"Internacional Comunista Revolucionaria","Tiempo de lectura":"10 minutos"},"schema":{"@context":"https:\/\/schema.org","@graph":[{"@type":"Article","@id":"https:\/\/elcomunista.org\/?p=8690#article","isPartOf":{"@id":"https:\/\/elcomunista.org\/?p=8690"},"author":{"name":"Internacional Comunista Revolucionaria","@id":"https:\/\/elcomunista.org\/#\/schema\/person\/f263a81caf9b6558c019b2d6b83e55be"},"headline":"Guatemala: entre la pandemia, el saqueo del Estado y la capacidad militante de enfrentar la coyuntura","datePublished":"2020-05-20T02:11:11+00:00","dateModified":"2020-05-20T04:39:35+00:00","mainEntityOfPage":{"@id":"https:\/\/elcomunista.org\/?p=8690"},"wordCount":2023,"commentCount":0,"publisher":{"@id":"https:\/\/elcomunista.org\/#organization"},"image":{"@id":"https:\/\/elcomunista.org\/?p=8690#primaryimage"},"thumbnailUrl":"https:\/\/elcomunista.org\/wp-content\/uploads\/2020\/05\/manifestacionciudadanajueves16noviembre14-2484b6b9c2332a0940fa92f0e573fcbc-900x600-1.jpg","keywords":["Guatemala","Saqueo del Estado"],"articleSection":["Guatemala"],"inLanguage":"es","potentialAction":[{"@type":"CommentAction","name":"Comment","target":["https:\/\/elcomunista.org\/?p=8690#respond"]}]},{"@type":"WebPage","@id":"https:\/\/elcomunista.org\/?p=8690","url":"https:\/\/elcomunista.org\/?p=8690","name":"Guatemala: entre la pandemia, el saqueo del Estado y la capacidad militante de enfrentar la coyuntura","isPartOf":{"@id":"https:\/\/elcomunista.org\/#website"},"primaryImageOfPage":{"@id":"https:\/\/elcomunista.org\/?p=8690#primaryimage"},"image":{"@id":"https:\/\/elcomunista.org\/?p=8690#primaryimage"},"thumbnailUrl":"https:\/\/elcomunista.org\/wp-content\/uploads\/2020\/05\/manifestacionciudadanajueves16noviembre14-2484b6b9c2332a0940fa92f0e573fcbc-900x600-1.jpg","datePublished":"2020-05-20T02:11:11+00:00","dateModified":"2020-05-20T04:39:35+00:00","breadcrumb":{"@id":"https:\/\/elcomunista.org\/?p=8690#breadcrumb"},"inLanguage":"es","potentialAction":[{"@type":"ReadAction","target":["https:\/\/elcomunista.org\/?p=8690"]}]},{"@type":"ImageObject","inLanguage":"es","@id":"https:\/\/elcomunista.org\/?p=8690#primaryimage","url":"https:\/\/elcomunista.org\/wp-content\/uploads\/2020\/05\/manifestacionciudadanajueves16noviembre14-2484b6b9c2332a0940fa92f0e573fcbc-900x600-1.jpg","contentUrl":"https:\/\/elcomunista.org\/wp-content\/uploads\/2020\/05\/manifestacionciudadanajueves16noviembre14-2484b6b9c2332a0940fa92f0e573fcbc-900x600-1.jpg","width":900,"height":600},{"@type":"BreadcrumbList","@id":"https:\/\/elcomunista.org\/?p=8690#breadcrumb","itemListElement":[{"@type":"ListItem","position":1,"name":"Portada","item":"https:\/\/elcomunista.org\/"},{"@type":"ListItem","position":2,"name":"Guatemala: entre la pandemia, el saqueo del Estado y la capacidad militante de enfrentar la coyuntura"}]},{"@type":"WebSite","@id":"https:\/\/elcomunista.org\/#website","url":"https:\/\/elcomunista.org\/","name":"Revoluci\u00f3n Comunista","description":"Internacional Comunista Revolucionaria","publisher":{"@id":"https:\/\/elcomunista.org\/#organization"},"potentialAction":[{"@type":"SearchAction","target":{"@type":"EntryPoint","urlTemplate":"https:\/\/elcomunista.org\/?s={search_term_string}"},"query-input":{"@type":"PropertyValueSpecification","valueRequired":true,"valueName":"search_term_string"}}],"inLanguage":"es"},{"@type":"Organization","@id":"https:\/\/elcomunista.org\/#organization","name":"Bloque Popular Juvenil","url":"https:\/\/elcomunista.org\/","logo":{"@type":"ImageObject","inLanguage":"es","@id":"https:\/\/elcomunista.org\/#\/schema\/logo\/image\/","url":"https:\/\/bloquepopularjuvenil.org\/wp-content\/uploads\/2018\/11\/bpj-militante.jpg","contentUrl":"https:\/\/bloquepopularjuvenil.org\/wp-content\/uploads\/2018\/11\/bpj-militante.jpg","width":4000,"height":1390,"caption":"Bloque Popular Juvenil"},"image":{"@id":"https:\/\/elcomunista.org\/#\/schema\/logo\/image\/"},"sameAs":["https:\/\/www.facebook.com\/Bloquepopularjuvenil","https:\/\/x.com\/ElBPJ","https:\/\/www.instagram.com\/elbloque_bpj\/?hl=es-la"]},{"@type":"Person","@id":"https:\/\/elcomunista.org\/#\/schema\/person\/f263a81caf9b6558c019b2d6b83e55be","name":"Internacional Comunista Revolucionaria","image":{"@type":"ImageObject","inLanguage":"es","@id":"https:\/\/elcomunista.org\/#\/schema\/person\/image\/","url":"https:\/\/secure.gravatar.com\/avatar\/007ae9c82193c93b7cbb3bbda1ed8c15?s=96&d=mm&r=g","contentUrl":"https:\/\/secure.gravatar.com\/avatar\/007ae9c82193c93b7cbb3bbda1ed8c15?s=96&d=mm&r=g","caption":"Internacional Comunista Revolucionaria"},"url":"https:\/\/elcomunista.org\/?author=62"}]}},"jetpack_featured_media_url":"https:\/\/elcomunista.org\/wp-content\/uploads\/2020\/05\/manifestacionciudadanajueves16noviembre14-2484b6b9c2332a0940fa92f0e573fcbc-900x600-1.jpg","jetpack_likes_enabled":true,"jetpack_sharing_enabled":true,"_links":{"self":[{"href":"https:\/\/elcomunista.org\/index.php?rest_route=\/wp\/v2\/posts\/8690"}],"collection":[{"href":"https:\/\/elcomunista.org\/index.php?rest_route=\/wp\/v2\/posts"}],"about":[{"href":"https:\/\/elcomunista.org\/index.php?rest_route=\/wp\/v2\/types\/post"}],"author":[{"embeddable":true,"href":"https:\/\/elcomunista.org\/index.php?rest_route=\/wp\/v2\/users\/62"}],"replies":[{"embeddable":true,"href":"https:\/\/elcomunista.org\/index.php?rest_route=%2Fwp%2Fv2%2Fcomments&post=8690"}],"version-history":[{"count":0,"href":"https:\/\/elcomunista.org\/index.php?rest_route=\/wp\/v2\/posts\/8690\/revisions"}],"wp:featuredmedia":[{"embeddable":true,"href":"https:\/\/elcomunista.org\/index.php?rest_route=\/wp\/v2\/media\/8691"}],"wp:attachment":[{"href":"https:\/\/elcomunista.org\/index.php?rest_route=%2Fwp%2Fv2%2Fmedia&parent=8690"}],"wp:term":[{"taxonomy":"category","embeddable":true,"href":"https:\/\/elcomunista.org\/index.php?rest_route=%2Fwp%2Fv2%2Fcategories&post=8690"},{"taxonomy":"post_tag","embeddable":true,"href":"https:\/\/elcomunista.org\/index.php?rest_route=%2Fwp%2Fv2%2Ftags&post=8690"}],"curies":[{"name":"wp","href":"https:\/\/api.w.org\/{rel}","templated":true}]}}