{"id":8764,"date":"2020-05-30T12:46:57","date_gmt":"2020-05-30T18:46:57","guid":{"rendered":"http:\/\/bloquepopularjuvenil.org\/?p=8764"},"modified":"2020-05-30T12:47:01","modified_gmt":"2020-05-30T18:47:01","slug":"estados-unidos-estalla-la-indignacion-por-el-asesinato-policial-en-minneapolis","status":"publish","type":"post","link":"https:\/\/elcomunista.org\/?p=8764","title":{"rendered":"Estados Unidos: estalla la indignaci\u00f3n por el asesinato policial en Minneapolis"},"content":{"rendered":"<p>Erika Roedl<\/p>\n<p>El sistema capitalista racista se ha cobrado otra nueva tragedia, la vida de George Floyd \u2013que como la de Eric Garner, en Staten Island, termin\u00f3 con la misma s\u00faplica \u201cNo puedo respirar\u201d. Su asesinato ha provocado una oleada de protestas, como nunca se hab\u00eda visto anteriormente, en el \u00e1rea de Minneapolis. Ciudades, como Los \u00c1ngeles y Memphis, han protagonizado acciones similares.<\/p>\n<section class=\"article-content\">\n<p>El lunes 25 de mayo por la noche a las 8 p.m., la polic\u00eda respond\u00eda a una llamada telef\u00f3nica en el supermercado\u00a0<em>Cup Foods<\/em>, en el sur de Minneapolis, para investigar un supuesto caso de fraude. Horas despu\u00e9s, un comunicado de la polic\u00eda dec\u00eda simplemente: \u00abEl hombre muere despu\u00e9s de un incidente m\u00e9dico durante la intervenci\u00f3n policial\u00bb.<\/p>\n<p>Por la noche, sin embargo, la versi\u00f3n oficial se deshizo al hacerse viral el v\u00eddeo en el que se ve a dos polic\u00edas de pie sobre el cuerpo de un hombre negro. Las im\u00e1genes, grabadas por un testigo, muestran a uno de los polic\u00edas presionando con su rodilla el cuello del hombre: \u00ab\u00a1No puedo respirar! \u00a1Por favor, no puedo respirar! \u00a1Estoy a punto de morir!\u00bb Mientras contin\u00faa jadeando desesperadamente por varios minutos, uno de los polic\u00edas le pregunta en un tono exasperado, \u00ab\u00bfqu\u00e9 quieres?\u00bb Pocas horas despu\u00e9s, \u00a0a George Floyd se le declara muerto.<\/p>\n<p>El comunicado policial original afirmaba que hab\u00edan encontrado a un hombre sospechoso de estar bajo los efectos de alguna sustancia. Se dec\u00eda que la polic\u00eda hab\u00eda pedido una ambulancia para alguien que hab\u00eda \u00absufrido problemas m\u00e9dicos\u00bb, sin mencionar que un polic\u00eda arrodillado en su cuello pudo haber provocado esos problemas.<\/p>\n<p>El martes por la ma\u00f1ana, se colgaron m\u00e1s fotos y videos en las redes sociales. Una imagen muestra a cuatro oficiales en total, tres de ellos de pie casualmente mientras su compa\u00f1ero de polic\u00eda se arrodilla sobre el cuello de George.<\/p>\n<p>Black Lives Matter Minnesota organiz\u00f3 r\u00e1pidamente una protesta a trav\u00e9s de Facebook ese mismo d\u00eda a las 5 de la tarde. A las 3 p.m., se cesa a los cuatro oficiales involucrados, Derek Chauvin, Thomas Lane, Tou Thao y J. Alexander Kueng, pero la gente ya hab\u00eda comenzado a manifestarse a las puertas de Cup Foods.<\/p>\n<p>En medio del brote de coronavirus, no estaba claro qu\u00e9 tipo de respuesta recibir\u00eda el llamamiento a la acci\u00f3n. Pero despu\u00e9s de un largo invierno, en medio de la peor crisis econ\u00f3mica en la historia de Estados Unidos, y los amargos resultados de las primarias presidenciales para millones de personas, la indignaci\u00f3n en la sociedad estaba a punto de estallar. Con \u00e9ste son 49 asesinatos policiales de hombres negros, solo en Minneapolis desde 2000, y estaba claro que ya era suficiente, con pandemia o sin pandemia.<\/p>\n<p><strong>\u00a1Sin justicia, no hay paz!<\/strong><\/p>\n<p>Los organizadores de la protesta distribuyeron mascarillas, desinfectante de manos y agua embotellada a cualquiera que lo necesitara y se alent\u00f3 el distanciamiento social. Se llegaron a llenar varias manzanas, cientos de personas se manifestaron pac\u00edficamente con carteles como \u00abBlack Lives Matter\u00bb, \u00ab\u00a1No puedo respirar!\u00bb y coreando: \u00ab\u00a1A la mierda con Trump!\u00bb y \u00abSin justicia, no hay paz!\u00bb<\/p>\n<p>Algunos veh\u00edculos policiales acabaron con los cristales rotos por la ira incontrolada y la sensaci\u00f3n de impotencia de algunas personas durante la manifestaci\u00f3n que se dirig\u00eda a la comisar\u00eda precintada en Lake St. y Minnehaha Ave. En represalia, la polic\u00eda lanz\u00f3 gases lacrim\u00f3genos y pelotas de goma a la multitud, en la que hab\u00eda ni\u00f1os, padres y abuelos. El mi\u00e9rcoles por la ma\u00f1ana, el alcalde de Minneapolis, Jacob Frey, emiti\u00f3 un comunicado pidiendo el arresto del polic\u00eda que mat\u00f3 a George Floyd.<\/p>\n<p>De forma espont\u00e1nea, una multitud m\u00e1s peque\u00f1a se concentr\u00f3 frente a la comisar\u00eda de polic\u00eda esa noche. Sin lugar a dudas, el tama\u00f1o de estas protestas habr\u00eda sido a\u00fan mayor si no fuera por la COVID-19. Las retransmisiones en vivo fueron vistas por miles de espectadores,\u00a0 que se mostraron sin lugar a dudas a favor de los manifestantes.<\/p>\n<p>Aunque los manifestantes se mostraron pac\u00edficos, los brazos levantados en la calle, gritando \u00abNo puedo respirar\u00bb y \u00abManos arriba, no disparen\u00bb, la polic\u00eda lanz\u00f3 gases lacrim\u00f3genos a la multitud nuevamente. Algunos de los manifestantes quitaron las tapas de los cubos de basura para usarlas como escudos contra las balas disparadas por la polic\u00eda, aquellos que intentaron arrojar objetos a los polic\u00edas desde detr\u00e1s de las improvisadas barricadas les fue pedido por otros manifestantes que se detuvieran.<\/p>\n<p>Hace unas semanas solamente, unos calmados polic\u00edas custodiaban el edificio del capitolio estatal en las cercan\u00edas de St. Paul mientras manifestantes armados exig\u00edan que el gobernador reabriera la econom\u00eda. La composici\u00f3n racial y de clase de esa protesta era, sin duda, diferente: blanca y peque\u00f1oburguesa. Pero como la polic\u00eda es una herramienta utilizada para proteger la propiedad privada y las ganancias de los capitalistas, las protestas a favor de reabrir la econom\u00eda estaban bajo su protecci\u00f3n. No as\u00ed las protestas para pedir justicia por el asesinato de George Floyd, cuya ra\u00edz es la protesta contra un sistema que se basa en el racismo para explotar y dividir a la clase trabajadora.<\/p>\n<p>Hasta ahora, las manifestaciones han sido en gran medida espont\u00e1neas, el malestar acumulado se ha liberado como un gas bajo presi\u00f3n que encuentra un agujero en su recipiente. Al igual que el movimiento Ferguson que estall\u00f3 de manera muy similar, la ira justificada de la comunidad se ha enfrentado a la violencia y represi\u00f3n policiales. En respuesta, se convocaron m\u00e1s protestas para el jueves y el s\u00e1bado de esta semana. Pero el movimiento no tiene l\u00edderes y, por lo tanto, en \u00faltima instancia, no tiene direcci\u00f3n.<\/p>\n<p>Varios sindicatos han publicado declaraciones condenando al Departamento de Polic\u00eda de Minneapolis y pidiendo al gobierno de la ciudad que \u00abtome medidas\u00bb. \u00a1Pero se necesita mucho m\u00e1s de las organizaciones sindicales! Deber\u00edan vincularse directamente con las protestas y movilizar a sus afiliados para inundar las calles. Con el apoyo de los 364.000 afiliados en todo el Estado, las calles de la ciudad podr\u00edan quedar inmovilizadas si los l\u00edderes sindicales tomaran medidas. \u00a1Es la clase obrera la que tiene el poder de paralizar la econom\u00eda! \u00a1Una huelga general en toda la ciudad, como la huelga de los Teamsters de 1934, llamar\u00eda la atenci\u00f3n de las autoridades! En \u00faltima instancia, plantear\u00eda la pregunta: \u00bfqui\u00e9n deber\u00eda dirigir la sociedad?<\/p>\n<p>No obstante, se han visto elementos de organizaci\u00f3n embrionarios en las primeras 48 horas de este movimiento, como la distribuci\u00f3n de mascarillas, desinfectante para manos y otras donaciones a quienes lo necesitan. Tambi\u00e9n vemos la evidencia de que grandes multitudes de manifestantes son perfectamente capaces de \u00abmantener el orden\u00bb entre ellos. Por ejemplo, cuando algunos individuos intentaron arrojar basura a la polic\u00eda llevados por la rabia, pero el resto de la multitud los detuvo para no dar a la polic\u00eda una excusa que desatara a\u00fan m\u00e1s violencia, si bien algunos se est\u00e1n aprovechando del caos y la violencia. Desorganizaci\u00f3n que proviene de un movimiento espont\u00e1neo y sin l\u00edderes para saquear tiendas e incluso quemar edificios. Estas acciones no son actos de las protestas, sino producto del sistema que la polic\u00eda est\u00e1 defendiendo. El capitalismo crea un mundo de abundancia en las grandes tiendas minoristas, mientras que cientos de personas hambrientas no pueden darse el lujo de comprar los productos, apartamentos de lujo vac\u00edos en medio de una crisis de vivienda. Estas contradicciones se han exacerbado por la cat\u00e1strofe econ\u00f3mica que ha afectado a los trabajadores y los pobres. Actualmente, en Estados Unidos hay 41 millones de trabajadores que han perdido sus empleos desde el pasado marzo, de entre los que se incluye a un 39% de trabajadores con salarios bajos, que ganan menos de 49.000 d\u00f3lares anuales. Actualmente, el 35% de los hogares con ni\u00f1os tienen inseguridad alimentaria. Esto ha llevado a un estado de indignaci\u00f3n explosivo que est\u00e1 buscando una salida.<\/p>\n<p>Para dar un paso adelante, los trabajadores organizados deber\u00edan vincularse activamente con los manifestantes como un reconocimiento de la lucha com\u00fan de los trabajadores contra el sistema capitalista racista. Con los recursos y la afiliaci\u00f3n de los sindicatos, el movimiento tomar\u00eda un car\u00e1cter completamente diferente. \u00a1Ser\u00eda menos probable que la polic\u00eda disparara gases lacrim\u00f3genos contra miles de bomberos, trabajadores del hierro y el acero! Pero si hicieran esto contra la clase trabajadora m\u00e1s amplia, podr\u00eda desencadenar una crisis mucho m\u00e1s aguda para el gobierno, y no se limitar\u00eda a las Ciudades Gemelas (Minneapolis-Saint Paul).<\/p>\n<p><strong>Desmantelar el sistema capitalista racista<\/strong><\/p>\n<p>A pesar de su fachada de \u00abMinnesota agradable\u00bb, Minnesota es uno de los Estados con mayor desigualdad racial en el pa\u00eds, donde la rabia y la frustraci\u00f3n de clase es palpable. Antes de la COVID-19, solo el 7% de los residentes blancos de Minnesota viv\u00eda por debajo del umbral oficial de pobreza, en comparaci\u00f3n con el 32% de los residentes negros. El desempleo oficial de los negros es casi tres veces mayor que la tasa de desempleo para los blancos. Durante d\u00e9cadas, a las familias negras se les prohibi\u00f3 comprar propiedades en los llamados \u00abbarrios blancos\u00bb a trav\u00e9s de los llamados \u00abpactos raciales\u00bb de los t\u00edtulos de propiedad entre 1910 y 1950. Esto es racismo institucionalizado, simple y llanamente, y est\u00e1 conectado al capitalismo estadounidense.<\/p>\n<p>Como regla general, los oficiales de polic\u00eda no patrullan sus propios vecindarios. A menudo son reclutados de las capas m\u00e1s reaccionarias de la sociedad y destinados en barrios pobres y de clase trabajadora para aterrorizar a la misma poblaci\u00f3n que desprecian. Esta es la raz\u00f3n por la cual peticiones como el \u00abcontrol de la comunidad\u00bb de la polic\u00eda, o que los polic\u00edas patrullen los vecindarios de donde provienen, est\u00e1n en la mente de muchas personas cada vez que un polic\u00eda blanco mata a una persona negra en la calle.<\/p>\n<p>Pero es imposible establecer el control comunitario sobre nuestros propios vecindarios y garantizar nuestra seguridad mientras haya desigualdad fundamental en todos los dem\u00e1s aspectos de la vida. La \u201cigualdad de vida\u201d solo se puede lograr aboliendo el capitalismo y reemplazando el Estado capitalista por uno dirigido democr\u00e1ticamente por los trabajadores. La polic\u00eda es parte del aparato del Estado capitalista utilizado para defender a la peque\u00f1a minor\u00eda que posee los medios de producci\u00f3n. Ning\u00fan tipo de medidas de supervisi\u00f3n o \u00abequipos de supervisi\u00f3n de la comunidad\u00bb cambiar\u00e1 la naturaleza represiva de estos organismos.<\/p>\n<p>Los trabajadores no pueden confiar en la polic\u00eda capitalista para protegernos. La Federaci\u00f3n Regional del Trabajo de Minneapolis deber\u00eda organizar comit\u00e9s de defensa de vecindarios para unir a los trabajadores sindicalizados y no organizados y a los desempleados para movilizarse en cualquier momento y responder a la violencia policial en vecindarios de clase trabajadora. \u00a1Podemos defendernos colectivamente!<\/p>\n<p>Del mismo modo, las recientes demandas de \u00abacci\u00f3n\u00bb y \u00abjusticia\u00bb no son lo suficientemente concretas. Qu\u00e9 tipo de acciones \u00bfPara qui\u00e9n es la justicia? \u00bfC\u00f3mo se hace justicia cuando todo el sistema es responsable?<\/p>\n<p>En comparaci\u00f3n con muchos otros casos similares, el alcalde Frey ha respondido de manera m\u00e1s agresiva para pedir cuentas a estos oficiales en particular, porque sabe que est\u00e1 sentado en un barril de p\u00f3lvora. Pero no debemos confiar en esta herramienta del Partido Dem\u00f3crata y los capitalistas de la ciudad. Tampoco debemos tener ninguna fe en que el FBI, al que se le ha pedido que abra una investigaci\u00f3n, pueda traer \u00abjusticia\u00bb de ning\u00fan tipo.<\/p>\n<p>La instituci\u00f3n de la polic\u00eda en su conjunto est\u00e1 plagada de racismo y abuso de poder, un reflejo del sistema que defiende. Eliminar algunas \u00abmanzanas podridas\u00bb no sirve para cambiar fundamentalmente las relaciones de clase que provocan tales tragedias. Incluso aunque la polic\u00eda \u201cse comporte mejor\u201d por un tiempo, al final, ocurrir\u00e1 otro asesinato extrajudicial por parte de otro oficial \u00abfuera de control\u00bb.<\/p>\n<p>Para mantener un sistema en el que una peque\u00f1a camarilla gobernante pueda reprimir a la gran mayor\u00eda de la sociedad, deben dividirnos por raza, nacionalidad, religi\u00f3n, sexualidad, g\u00e9nero y cualquier otra cosa que se les ocurra. Cuando un sector de la clase trabajadora culpa a otra por tener un pedazo m\u00e1s grande del pastel, la clase capitalista duerme tranquilamente sabiendo que es due\u00f1o de la panader\u00eda. Una revoluci\u00f3n socialista no eliminar\u00eda de inmediato todos los prejuicios de la sociedad capitalista, pero destruir\u00eda los cimientos sobre los que descansa el racismo, de modo que podamos desmantelarlo de abajo hacia arriba.<\/p>\n<p>Antes de que \u00e9l tambi\u00e9n fuera asesinado por la polic\u00eda en Chicago, Fred Hampton explic\u00f3:<\/p>\n<p>Vamos a luchar contra el racismo, no con racismo, vamos a luchar con solidaridad. No vamos a luchar contra el capitalismo con el capitalismo negro, sino que vamos a luchar en contra del capitalismo con socialismo &#8230; Vamos a combatir [a la reacci\u00f3n] con la uni\u00f3n de todos nosotros y a trav\u00e9s de una revoluci\u00f3n proletaria internacional.<\/p>\n<p>Y como explicamos en nuestro programa: \u00abLa reparaci\u00f3n a siglos de explotaci\u00f3n, racismo y opresi\u00f3n solo puede lograrse poniendo fin al capitalismo y construyendo el socialismo\u00bb.<\/p>\n<p>\u00a1\u00danete a la CMI y lucha para hacer esto realidad!<\/p>\n<p><img loading=\"lazy\" decoding=\"async\" class=\"alignnone  wp-image-8538\" src=\"http:\/\/bloquepopularjuvenil.org\/wp-content\/uploads\/2020\/04\/Copia-de-Rosa-Morado-Videojuego-Mando-Twitch-Banner1-300x169.png\" alt=\"\" width=\"614\" height=\"346\" srcset=\"https:\/\/elcomunista.org\/wp-content\/uploads\/2020\/04\/Copia-de-Rosa-Morado-Videojuego-Mando-Twitch-Banner1-300x169.png 300w, https:\/\/elcomunista.org\/wp-content\/uploads\/2020\/04\/Copia-de-Rosa-Morado-Videojuego-Mando-Twitch-Banner1.png 560w\" sizes=\"(max-width: 614px) 100vw, 614px\" \/><\/p>\n<\/section>","protected":false},"excerpt":{"rendered":"<p>Erika Roedl El sistema capitalista racista se ha cobrado otra nueva tragedia, la vida de George Floyd \u2013que como la de Eric Garner, en Staten Island, termin\u00f3 con la misma s\u00faplica \u201cNo puedo respirar\u201d. Su asesinato ha provocado una oleada de protestas, como nunca se hab\u00eda visto anteriormente, en el \u00e1rea de Minneapolis. Ciudades, como&#8230;<\/p>\n","protected":false},"author":62,"featured_media":8761,"comment_status":"open","ping_status":"open","sticky":false,"template":"","format":"standard","meta":{"_monsterinsights_skip_tracking":false,"_monsterinsights_sitenote_active":false,"_monsterinsights_sitenote_note":"","_monsterinsights_sitenote_category":0,"_uf_show_specific_survey":0,"_uf_disable_surveys":false,"_jetpack_memberships_contains_paid_content":false,"footnotes":""},"categories":[30,984,27,537],"tags":[168,591],"class_list":["post-8764","post","type-post","status-publish","format-standard","has-post-thumbnail","hentry","category-estados-unidos","category-internacional-comunista-revolucionaria","category-norteamerica","category-principales","tag-estados-unidos","tag-racismo"],"aioseo_notices":[],"yoast_head":"<!-- This site is optimized with the Yoast SEO plugin v25.6 - https:\/\/yoast.com\/wordpress\/plugins\/seo\/ -->\n<title>Estados Unidos: estalla la indignaci\u00f3n por el asesinato policial en Minneapolis<\/title>\n<meta name=\"robots\" content=\"index, follow, max-snippet:-1, max-image-preview:large, max-video-preview:-1\" \/>\n<link rel=\"canonical\" href=\"https:\/\/elcomunista.org\/?p=8764\" \/>\n<meta property=\"og:locale\" content=\"es_ES\" \/>\n<meta property=\"og:type\" content=\"article\" \/>\n<meta property=\"og:title\" content=\"Estados Unidos: estalla la indignaci\u00f3n por el asesinato policial en Minneapolis\" \/>\n<meta property=\"og:description\" content=\"Erika Roedl El sistema capitalista racista se ha cobrado otra nueva tragedia, la vida de George Floyd \u2013que como la de Eric Garner, en Staten Island, termin\u00f3 con la misma s\u00faplica \u201cNo puedo respirar\u201d. Su asesinato ha provocado una oleada de protestas, como nunca se hab\u00eda visto anteriormente, en el \u00e1rea de Minneapolis. Ciudades, como...\" \/>\n<meta property=\"og:url\" content=\"https:\/\/elcomunista.org\/?p=8764\" \/>\n<meta property=\"og:site_name\" content=\"Revoluci\u00f3n Comunista\" \/>\n<meta property=\"article:publisher\" content=\"https:\/\/www.facebook.com\/Bloquepopularjuvenil\" \/>\n<meta property=\"article:published_time\" content=\"2020-05-30T18:46:57+00:00\" \/>\n<meta property=\"article:modified_time\" content=\"2020-05-30T18:47:01+00:00\" \/>\n<meta property=\"og:image\" content=\"https:\/\/elcomunista.org\/wp-content\/uploads\/2020\/05\/floyd_fibonacci_Flickr.png\" \/>\n\t<meta property=\"og:image:width\" content=\"700\" \/>\n\t<meta property=\"og:image:height\" content=\"366\" \/>\n\t<meta property=\"og:image:type\" content=\"image\/png\" \/>\n<meta name=\"author\" content=\"Internacional Comunista Revolucionaria\" \/>\n<meta name=\"twitter:card\" content=\"summary_large_image\" \/>\n<meta name=\"twitter:creator\" content=\"@ElBPJ\" \/>\n<meta name=\"twitter:site\" content=\"@ElBPJ\" \/>\n<meta name=\"twitter:label1\" content=\"Escrito por\" \/>\n\t<meta name=\"twitter:data1\" content=\"Internacional Comunista Revolucionaria\" \/>\n\t<meta name=\"twitter:label2\" content=\"Tiempo de lectura\" \/>\n\t<meta name=\"twitter:data2\" content=\"11 minutos\" \/>\n<script type=\"application\/ld+json\" class=\"yoast-schema-graph\">{\"@context\":\"https:\/\/schema.org\",\"@graph\":[{\"@type\":\"Article\",\"@id\":\"https:\/\/elcomunista.org\/?p=8764#article\",\"isPartOf\":{\"@id\":\"https:\/\/elcomunista.org\/?p=8764\"},\"author\":{\"name\":\"Internacional Comunista Revolucionaria\",\"@id\":\"https:\/\/elcomunista.org\/#\/schema\/person\/f263a81caf9b6558c019b2d6b83e55be\"},\"headline\":\"Estados Unidos: estalla la indignaci\u00f3n por el asesinato policial en Minneapolis\",\"datePublished\":\"2020-05-30T18:46:57+00:00\",\"dateModified\":\"2020-05-30T18:47:01+00:00\",\"mainEntityOfPage\":{\"@id\":\"https:\/\/elcomunista.org\/?p=8764\"},\"wordCount\":2311,\"commentCount\":0,\"publisher\":{\"@id\":\"https:\/\/elcomunista.org\/#organization\"},\"image\":{\"@id\":\"https:\/\/elcomunista.org\/?p=8764#primaryimage\"},\"thumbnailUrl\":\"https:\/\/elcomunista.org\/wp-content\/uploads\/2020\/05\/floyd_fibonacci_Flickr.png\",\"keywords\":[\"Estados Unidos\",\"Racismo\"],\"articleSection\":[\"Estados Unidos\",\"Internacional Comunista Revolucionaria\",\"Norteam\u00e9rica\",\"Principales\"],\"inLanguage\":\"es\",\"potentialAction\":[{\"@type\":\"CommentAction\",\"name\":\"Comment\",\"target\":[\"https:\/\/elcomunista.org\/?p=8764#respond\"]}]},{\"@type\":\"WebPage\",\"@id\":\"https:\/\/elcomunista.org\/?p=8764\",\"url\":\"https:\/\/elcomunista.org\/?p=8764\",\"name\":\"Estados Unidos: estalla la indignaci\u00f3n por el asesinato policial en Minneapolis\",\"isPartOf\":{\"@id\":\"https:\/\/elcomunista.org\/#website\"},\"primaryImageOfPage\":{\"@id\":\"https:\/\/elcomunista.org\/?p=8764#primaryimage\"},\"image\":{\"@id\":\"https:\/\/elcomunista.org\/?p=8764#primaryimage\"},\"thumbnailUrl\":\"https:\/\/elcomunista.org\/wp-content\/uploads\/2020\/05\/floyd_fibonacci_Flickr.png\",\"datePublished\":\"2020-05-30T18:46:57+00:00\",\"dateModified\":\"2020-05-30T18:47:01+00:00\",\"breadcrumb\":{\"@id\":\"https:\/\/elcomunista.org\/?p=8764#breadcrumb\"},\"inLanguage\":\"es\",\"potentialAction\":[{\"@type\":\"ReadAction\",\"target\":[\"https:\/\/elcomunista.org\/?p=8764\"]}]},{\"@type\":\"ImageObject\",\"inLanguage\":\"es\",\"@id\":\"https:\/\/elcomunista.org\/?p=8764#primaryimage\",\"url\":\"https:\/\/elcomunista.org\/wp-content\/uploads\/2020\/05\/floyd_fibonacci_Flickr.png\",\"contentUrl\":\"https:\/\/elcomunista.org\/wp-content\/uploads\/2020\/05\/floyd_fibonacci_Flickr.png\",\"width\":700,\"height\":366},{\"@type\":\"BreadcrumbList\",\"@id\":\"https:\/\/elcomunista.org\/?p=8764#breadcrumb\",\"itemListElement\":[{\"@type\":\"ListItem\",\"position\":1,\"name\":\"Portada\",\"item\":\"https:\/\/elcomunista.org\/\"},{\"@type\":\"ListItem\",\"position\":2,\"name\":\"Estados Unidos: estalla la indignaci\u00f3n por el asesinato policial en Minneapolis\"}]},{\"@type\":\"WebSite\",\"@id\":\"https:\/\/elcomunista.org\/#website\",\"url\":\"https:\/\/elcomunista.org\/\",\"name\":\"Revoluci\u00f3n Comunista\",\"description\":\"Internacional Comunista Revolucionaria\",\"publisher\":{\"@id\":\"https:\/\/elcomunista.org\/#organization\"},\"potentialAction\":[{\"@type\":\"SearchAction\",\"target\":{\"@type\":\"EntryPoint\",\"urlTemplate\":\"https:\/\/elcomunista.org\/?s={search_term_string}\"},\"query-input\":{\"@type\":\"PropertyValueSpecification\",\"valueRequired\":true,\"valueName\":\"search_term_string\"}}],\"inLanguage\":\"es\"},{\"@type\":\"Organization\",\"@id\":\"https:\/\/elcomunista.org\/#organization\",\"name\":\"Bloque Popular Juvenil\",\"url\":\"https:\/\/elcomunista.org\/\",\"logo\":{\"@type\":\"ImageObject\",\"inLanguage\":\"es\",\"@id\":\"https:\/\/elcomunista.org\/#\/schema\/logo\/image\/\",\"url\":\"https:\/\/bloquepopularjuvenil.org\/wp-content\/uploads\/2018\/11\/bpj-militante.jpg\",\"contentUrl\":\"https:\/\/bloquepopularjuvenil.org\/wp-content\/uploads\/2018\/11\/bpj-militante.jpg\",\"width\":4000,\"height\":1390,\"caption\":\"Bloque Popular Juvenil\"},\"image\":{\"@id\":\"https:\/\/elcomunista.org\/#\/schema\/logo\/image\/\"},\"sameAs\":[\"https:\/\/www.facebook.com\/Bloquepopularjuvenil\",\"https:\/\/x.com\/ElBPJ\",\"https:\/\/www.instagram.com\/elbloque_bpj\/?hl=es-la\"]},{\"@type\":\"Person\",\"@id\":\"https:\/\/elcomunista.org\/#\/schema\/person\/f263a81caf9b6558c019b2d6b83e55be\",\"name\":\"Internacional Comunista Revolucionaria\",\"image\":{\"@type\":\"ImageObject\",\"inLanguage\":\"es\",\"@id\":\"https:\/\/elcomunista.org\/#\/schema\/person\/image\/\",\"url\":\"https:\/\/secure.gravatar.com\/avatar\/007ae9c82193c93b7cbb3bbda1ed8c15?s=96&d=mm&r=g\",\"contentUrl\":\"https:\/\/secure.gravatar.com\/avatar\/007ae9c82193c93b7cbb3bbda1ed8c15?s=96&d=mm&r=g\",\"caption\":\"Internacional Comunista Revolucionaria\"},\"url\":\"https:\/\/elcomunista.org\/?author=62\"}]}<\/script>\n<!-- \/ Yoast SEO plugin. -->","yoast_head_json":{"title":"Estados Unidos: estalla la indignaci\u00f3n por el asesinato policial en Minneapolis","robots":{"index":"index","follow":"follow","max-snippet":"max-snippet:-1","max-image-preview":"max-image-preview:large","max-video-preview":"max-video-preview:-1"},"canonical":"https:\/\/elcomunista.org\/?p=8764","og_locale":"es_ES","og_type":"article","og_title":"Estados Unidos: estalla la indignaci\u00f3n por el asesinato policial en Minneapolis","og_description":"Erika Roedl El sistema capitalista racista se ha cobrado otra nueva tragedia, la vida de George Floyd \u2013que como la de Eric Garner, en Staten Island, termin\u00f3 con la misma s\u00faplica \u201cNo puedo respirar\u201d. Su asesinato ha provocado una oleada de protestas, como nunca se hab\u00eda visto anteriormente, en el \u00e1rea de Minneapolis. Ciudades, como...","og_url":"https:\/\/elcomunista.org\/?p=8764","og_site_name":"Revoluci\u00f3n Comunista","article_publisher":"https:\/\/www.facebook.com\/Bloquepopularjuvenil","article_published_time":"2020-05-30T18:46:57+00:00","article_modified_time":"2020-05-30T18:47:01+00:00","og_image":[{"width":700,"height":366,"url":"https:\/\/elcomunista.org\/wp-content\/uploads\/2020\/05\/floyd_fibonacci_Flickr.png","type":"image\/png"}],"author":"Internacional Comunista Revolucionaria","twitter_card":"summary_large_image","twitter_creator":"@ElBPJ","twitter_site":"@ElBPJ","twitter_misc":{"Escrito por":"Internacional Comunista Revolucionaria","Tiempo de lectura":"11 minutos"},"schema":{"@context":"https:\/\/schema.org","@graph":[{"@type":"Article","@id":"https:\/\/elcomunista.org\/?p=8764#article","isPartOf":{"@id":"https:\/\/elcomunista.org\/?p=8764"},"author":{"name":"Internacional Comunista Revolucionaria","@id":"https:\/\/elcomunista.org\/#\/schema\/person\/f263a81caf9b6558c019b2d6b83e55be"},"headline":"Estados Unidos: estalla la indignaci\u00f3n por el asesinato policial en Minneapolis","datePublished":"2020-05-30T18:46:57+00:00","dateModified":"2020-05-30T18:47:01+00:00","mainEntityOfPage":{"@id":"https:\/\/elcomunista.org\/?p=8764"},"wordCount":2311,"commentCount":0,"publisher":{"@id":"https:\/\/elcomunista.org\/#organization"},"image":{"@id":"https:\/\/elcomunista.org\/?p=8764#primaryimage"},"thumbnailUrl":"https:\/\/elcomunista.org\/wp-content\/uploads\/2020\/05\/floyd_fibonacci_Flickr.png","keywords":["Estados Unidos","Racismo"],"articleSection":["Estados Unidos","Internacional Comunista Revolucionaria","Norteam\u00e9rica","Principales"],"inLanguage":"es","potentialAction":[{"@type":"CommentAction","name":"Comment","target":["https:\/\/elcomunista.org\/?p=8764#respond"]}]},{"@type":"WebPage","@id":"https:\/\/elcomunista.org\/?p=8764","url":"https:\/\/elcomunista.org\/?p=8764","name":"Estados Unidos: estalla la indignaci\u00f3n por el asesinato policial en Minneapolis","isPartOf":{"@id":"https:\/\/elcomunista.org\/#website"},"primaryImageOfPage":{"@id":"https:\/\/elcomunista.org\/?p=8764#primaryimage"},"image":{"@id":"https:\/\/elcomunista.org\/?p=8764#primaryimage"},"thumbnailUrl":"https:\/\/elcomunista.org\/wp-content\/uploads\/2020\/05\/floyd_fibonacci_Flickr.png","datePublished":"2020-05-30T18:46:57+00:00","dateModified":"2020-05-30T18:47:01+00:00","breadcrumb":{"@id":"https:\/\/elcomunista.org\/?p=8764#breadcrumb"},"inLanguage":"es","potentialAction":[{"@type":"ReadAction","target":["https:\/\/elcomunista.org\/?p=8764"]}]},{"@type":"ImageObject","inLanguage":"es","@id":"https:\/\/elcomunista.org\/?p=8764#primaryimage","url":"https:\/\/elcomunista.org\/wp-content\/uploads\/2020\/05\/floyd_fibonacci_Flickr.png","contentUrl":"https:\/\/elcomunista.org\/wp-content\/uploads\/2020\/05\/floyd_fibonacci_Flickr.png","width":700,"height":366},{"@type":"BreadcrumbList","@id":"https:\/\/elcomunista.org\/?p=8764#breadcrumb","itemListElement":[{"@type":"ListItem","position":1,"name":"Portada","item":"https:\/\/elcomunista.org\/"},{"@type":"ListItem","position":2,"name":"Estados Unidos: estalla la indignaci\u00f3n por el asesinato policial en Minneapolis"}]},{"@type":"WebSite","@id":"https:\/\/elcomunista.org\/#website","url":"https:\/\/elcomunista.org\/","name":"Revoluci\u00f3n Comunista","description":"Internacional Comunista Revolucionaria","publisher":{"@id":"https:\/\/elcomunista.org\/#organization"},"potentialAction":[{"@type":"SearchAction","target":{"@type":"EntryPoint","urlTemplate":"https:\/\/elcomunista.org\/?s={search_term_string}"},"query-input":{"@type":"PropertyValueSpecification","valueRequired":true,"valueName":"search_term_string"}}],"inLanguage":"es"},{"@type":"Organization","@id":"https:\/\/elcomunista.org\/#organization","name":"Bloque Popular Juvenil","url":"https:\/\/elcomunista.org\/","logo":{"@type":"ImageObject","inLanguage":"es","@id":"https:\/\/elcomunista.org\/#\/schema\/logo\/image\/","url":"https:\/\/bloquepopularjuvenil.org\/wp-content\/uploads\/2018\/11\/bpj-militante.jpg","contentUrl":"https:\/\/bloquepopularjuvenil.org\/wp-content\/uploads\/2018\/11\/bpj-militante.jpg","width":4000,"height":1390,"caption":"Bloque Popular Juvenil"},"image":{"@id":"https:\/\/elcomunista.org\/#\/schema\/logo\/image\/"},"sameAs":["https:\/\/www.facebook.com\/Bloquepopularjuvenil","https:\/\/x.com\/ElBPJ","https:\/\/www.instagram.com\/elbloque_bpj\/?hl=es-la"]},{"@type":"Person","@id":"https:\/\/elcomunista.org\/#\/schema\/person\/f263a81caf9b6558c019b2d6b83e55be","name":"Internacional Comunista Revolucionaria","image":{"@type":"ImageObject","inLanguage":"es","@id":"https:\/\/elcomunista.org\/#\/schema\/person\/image\/","url":"https:\/\/secure.gravatar.com\/avatar\/007ae9c82193c93b7cbb3bbda1ed8c15?s=96&d=mm&r=g","contentUrl":"https:\/\/secure.gravatar.com\/avatar\/007ae9c82193c93b7cbb3bbda1ed8c15?s=96&d=mm&r=g","caption":"Internacional Comunista Revolucionaria"},"url":"https:\/\/elcomunista.org\/?author=62"}]}},"jetpack_featured_media_url":"https:\/\/elcomunista.org\/wp-content\/uploads\/2020\/05\/floyd_fibonacci_Flickr.png","jetpack_likes_enabled":true,"jetpack_sharing_enabled":true,"_links":{"self":[{"href":"https:\/\/elcomunista.org\/index.php?rest_route=\/wp\/v2\/posts\/8764"}],"collection":[{"href":"https:\/\/elcomunista.org\/index.php?rest_route=\/wp\/v2\/posts"}],"about":[{"href":"https:\/\/elcomunista.org\/index.php?rest_route=\/wp\/v2\/types\/post"}],"author":[{"embeddable":true,"href":"https:\/\/elcomunista.org\/index.php?rest_route=\/wp\/v2\/users\/62"}],"replies":[{"embeddable":true,"href":"https:\/\/elcomunista.org\/index.php?rest_route=%2Fwp%2Fv2%2Fcomments&post=8764"}],"version-history":[{"count":0,"href":"https:\/\/elcomunista.org\/index.php?rest_route=\/wp\/v2\/posts\/8764\/revisions"}],"wp:featuredmedia":[{"embeddable":true,"href":"https:\/\/elcomunista.org\/index.php?rest_route=\/wp\/v2\/media\/8761"}],"wp:attachment":[{"href":"https:\/\/elcomunista.org\/index.php?rest_route=%2Fwp%2Fv2%2Fmedia&parent=8764"}],"wp:term":[{"taxonomy":"category","embeddable":true,"href":"https:\/\/elcomunista.org\/index.php?rest_route=%2Fwp%2Fv2%2Fcategories&post=8764"},{"taxonomy":"post_tag","embeddable":true,"href":"https:\/\/elcomunista.org\/index.php?rest_route=%2Fwp%2Fv2%2Ftags&post=8764"}],"curies":[{"name":"wp","href":"https:\/\/api.w.org\/{rel}","templated":true}]}}