{"id":8781,"date":"2020-06-03T18:16:30","date_gmt":"2020-06-04T00:16:30","guid":{"rendered":"http:\/\/bloquepopularjuvenil.org\/?p=8781"},"modified":"2020-06-03T18:16:35","modified_gmt":"2020-06-04T00:16:35","slug":"la-propiedad-privada-y-los-albergues-en-tiempos-de-covid-19","status":"publish","type":"post","link":"https:\/\/elcomunista.org\/?p=8781","title":{"rendered":"La propiedad privada y los albergues en tiempos de Covid-19"},"content":{"rendered":"<p>Por <strong>Katherin Nu\u00f1ez <\/strong><\/p>\n<p>Desde la declaraci\u00f3n de Emergencia Nacional del presidente Nayib Bukele se han implementado una serie de medidas que buscan reducir la cantidad de contagios a causa del Covid-19; dichas medidas incluyeron el cierre de las fronteras terrestres y \u00e1reas, y el comienzo de la cuarentena domiciliar obligatoria.<\/p>\n<p>Para asegurar el cumplimiento de la cuarentena por parte de las personas, nacionales o extranjeras que regresaban al pa\u00eds, fueron enviadas a una cuarentena obligatoria de 30 d\u00edas en diversos centros disponibles para dicho fin. Por otro lado, para asegurar el cumplimiento de la poblaci\u00f3n en general, el presidente decret\u00f3 una Ley que permit\u00eda detenciones a quienes incumplieran la cuarentena injustificadamente.<\/p>\n<p>Esto \u00faltimo, paralelamente, ha provocado un alza en la cantidad de detenciones ilegales realizadas por la Polic\u00eda Nacional Civil, mayor agresi\u00f3n y uso de fuerza por parte de los cuerpos de seguridad, y hasta ejecuciones extra judiciales.<\/p>\n<p>Para ambos casos, se habilitaron diferentes centros de contenci\u00f3n. El primero de ellos fue el albergue de Jiquilisco, y tras una serie de protestas por parte de las personas que se encontraban ah\u00ed, ocasionadas por el hacinamiento y las pocas medidas sanitarias de prevenci\u00f3n, el gobierno salvadore\u00f1o decidi\u00f3 utilizar distintos espacios institucionales para dicho fin como albergues nacionales, centros obreros del Ministerio de Trabajo, polideportivos, instituciones educativas, y otros como casas de retiro.<\/p>\n<p>El 11 de marzo, el presidente Bukele ofreci\u00f3 contratar diferentes hoteles para aislar y alojar a las personas que ingresen al pa\u00eds, esto como una medida de prevenci\u00f3n para evitar los contagios; la propuesta surgi\u00f3 durante una reuni\u00f3n que sostuvo en Casa Presidencial con representantes de diferentes gremiales empresariales, con el objetivo de informarles sobre las medidas del decreto de cuarentena nacional.<\/p>\n<p>Los primeros afectados por la paralizaci\u00f3n de la vida social ante la cuarentena obligatoria es el sector de hosteler\u00eda y turismo, por tanto, en esta crisis no es casualidad que el Estado empiece a jugar un papel importante para salvaguardar los intereses de los sectores comerciales e industriales m\u00e1s golpeados por la crisis; con dicha medida, \u00a0en realidad, se buscaba una nueva estrategia para proteger la econom\u00eda y los intereses de la empresa privada.<\/p>\n<p>La contrataci\u00f3n de hoteles para ser usados como Centros de Contenci\u00f3n, en el fondo, tambi\u00e9n se ha convertido en un negocio; que al contrario de lo que pasa en los tiempos normales, estos negocios est\u00e1n siendo financiados con el dinero de los contribuyentes; es decir, con el dinero recaudado por impuestos de los m\u00e1s pobres (seg\u00fan estad\u00edsticas somos los m\u00e1s pobres los que m\u00e1s aportamos en concepto de impuestos al Estado).<\/p>\n<p>No estamos en contra de que estos lugares sean utilizados como Centros de Cuarentena, sin duda, ello significa una mejora en las condiciones para las personas que se recluyen ah\u00ed; sin embargo, denunciamos que los sectores capitalistas due\u00f1os de estos hoteles est\u00e9n haciendo negocio y generando ganancias a costa de la crisis que vive el pa\u00eds.<\/p>\n<p>En un r\u00e9gimen verdaderamente democr\u00e1tico, los intereses de la mayor\u00eda deber\u00edan estar sobre los intereses individuales de los m\u00e1s ricos del pa\u00eds, pero eso no sucede en un Estado de democracia burguesa como el nuestro. Esto en la pr\u00e1ctica lo comprobamos con todos los grandes empresarios capitalistas individuales que poseen la infraestructura necesaria para salvaguardar vidas, no s\u00f3lo durante esta emergencia, y aun as\u00ed, no tienen el deseo de prestarla al servicio e inter\u00e9s colectivo.<\/p>\n<p>Un verdadero gobierno de los trabajadores hubiese nacionalizado esta gran propiedad como una medida de emergencia, y la hubiese puesto al servicio de la sociedad por tiempo indefinido. Pero aqu\u00ed vemos como se prioriza el inter\u00e9s del mercado antes que las vidas de los m\u00e1s pobres.\u00a0\u00a0<\/p>\n<p>Desde un inicio, el manejo y administraci\u00f3n de los Centros ha desatado diferentes cr\u00edticas, debido que no se garantizan condiciones dignas y m\u00ednimas para evitar el contagio; aunque el n\u00famero de los Centros de Contenci\u00f3n asciende a los 90, estas situaciones fueron y sigue siendo denunciadas en diferentes medios de comunicaci\u00f3n por parte de quienes cumplen su cuarentena en estos Centros.<\/p>\n<p>Seg\u00fan el Sondeo de opini\u00f3n sobre las medidas que las autoridades han tomado en los centros de contenci\u00f3n en cuarentena durante la emergencia nacional por COVID-19 de la UCA, mostr\u00f3 que el 75.6 % de las personas en cuarentena se encontraban en estos recintos por haber regresado de un viaje. El 13.3 % porque hab\u00eda sido sometida a una detenci\u00f3n injustificada por parte de las autoridades policiales y militares, y un 11.1 % porque hab\u00eda incumplido la cuarentena domiciliar.<\/p>\n<p>Entre las principales demandas que realizan las personas durante su permanencia en estos Centros se encuentran la falta de alimentos y agua en cantidades suficientes, solicitan adem\u00e1s atenci\u00f3n m\u00e9dica, denuncian los procedimientos o insumos inadecuados para prevenir el COVID-19, deficiencias en las instalaciones, solicitud de dieta especial por enfermedad, falta de informaci\u00f3n de procedimiento o fecha de salida, falta de realizaci\u00f3n de pruebas para detectar el COVID-19 o entrega de resultados, problemas de organizaci\u00f3n, necesidad de atenci\u00f3n en salud mental, hacinamiento, entre otras. A esto se le suma, la ansiedad que provoca una experiencia de confinamiento, seg\u00fan identifica el sondeo, las personas viven constantemente con preocupaciones, sensaci\u00f3n de inseguridad, miedo y llantos.<\/p>\n<p>Tras esta descripci\u00f3n sobre las realidades que afrontan las personas en estos Centros, es inevitable no prestar atenci\u00f3n ante las situaciones que podr\u00edan originarlas y los efectos de las mismas.<\/p>\n<p>Hasta el d\u00eda de hoy, se siguen emitiendo quejas sobre la falta de informaci\u00f3n sobre las fechas de salida de las personas ah\u00ed recluidas, quienes afirman haber cumplido m\u00e1s de los treinta d\u00edas reglamentarios, periodo durante el cual han sido trasladados a m\u00e1s de dos centros diferentes. A parte de la improvisaci\u00f3n con la que se ha manejado la administraci\u00f3n de estos Centros, \u00bfa qu\u00e9 se deben estas situaciones?<\/p>\n<p>Tal parece que se sigue alargando la estancia de dichas personas en estos lugares para que las grandes empresas hoteleras puedan seguir percibiendo sus ingresos gracias a la gran cantidad de habitaciones que el gobierno ha adquirido a \u201cun precio especial\u201d; puesto que en un Estado burgu\u00e9s con un gobierno oligarca al frente no es una opci\u00f3n que la gran empresa deje de recibir sus ganancias, pero s\u00ed es una obligaci\u00f3n para el resto de salvadore\u00f1os que son parte del sector informal o trabajadores a quienes sus contratos se les han suspendido; para ellos que son la mayor\u00eda de la poblaci\u00f3n, no se les ha brindado una alternativa econ\u00f3mica, y al pueblo en Centros de Cuarentena lo \u00fanico que se les ha ofrecido es una constante violaci\u00f3n a sus derechos humanos bajo el endurecimiento de las medidas de control.<\/p>\n<p>Finalmente, se avecina otra realidad, el invierno; el cual es una oportunidad para el pa\u00eds de poder\u00a0 abastecer sus mantos acu\u00edferos de agua subterr\u00e1nea, pero por otro, demostrar\u00e1 la vulnerabilidad social de muchos salvadore\u00f1os que no tienen una vivienda digna; as\u00ed mismo, el Estado demostrar\u00e1 su capacidad de enfrentar estos desastres. Bajo el contexto de un invierno fuerte como en a\u00f1os anteriores, donde comunidades han tenido que ser albergadas por vivir en zonas de riesgo ante desastres como inundaciones y deslaves \u00bfc\u00f3mo se har\u00e1 con ellos, si estos albergues ya est\u00e1n siendo utilizados para otros fines? \u00bfHay nuevas estrategias y medidas ante una posible emergencia de este tipo?<\/p>\n<p>Los problemas de los que estamos siendo testigos en los \u00faltimos meses, los cuales son parte de una realidad de la que no es ajena ning\u00fan trabajador o trabajadora, as\u00ed como las formas de combatirlos, no hacen m\u00e1s que crear incertidumbre y miedo sobre el futuro.<\/p>\n<p>No podemos confiar en nuestros gobernantes, vemos como el gobierno de Bukele, la Asamblea Legislativa y todas las instituciones estatales, han sido incapaces de poner a disposici\u00f3n de los m\u00e1s pobres los hospitales y cl\u00ednicas privadas, de utilizar los grandes hoteles para, de manera gratuita, poder mantener centros de cuarentena en condiciones humanas, y de utilizar la industria de la construcci\u00f3n para dotar a la sociedad de una red de hospitales adecuados para tratar la epidemia.<\/p>\n<p>\u00bfQu\u00e9 tipo de confianza se merecen estas instituciones que dicen defender y garantizar nuestros intereses? Ninguna.<\/p>\n<p>Los pol\u00edticos, aunque lo nieguen con su griter\u00edo, desde un inicio en esta crisis se han inclinado sobre la econom\u00eda, la propiedad privada y la defensa de las comodidades de los ricos; priorizando estos intereses antes que la vida de los m\u00e1s pobres.<\/p>\n<p>La pol\u00edtica y el Estado est\u00e1n bajo la dominaci\u00f3n de la clase dominante y el gran capital; la realidad concreta lo confirma hoy y lo terminar\u00e1 de confirmar ma\u00f1ana.\u00a0\u00a0 \u00a0<\/p>","protected":false},"excerpt":{"rendered":"<p>Por Katherin Nu\u00f1ez Desde la declaraci\u00f3n de Emergencia Nacional del presidente Nayib Bukele se han implementado una serie de medidas que buscan reducir la cantidad de contagios a causa del Covid-19; dichas medidas incluyeron el cierre de las fronteras terrestres y \u00e1reas, y el comienzo de la cuarentena domiciliar obligatoria. Para asegurar el cumplimiento de&#8230;<\/p>\n","protected":false},"author":1,"featured_media":8782,"comment_status":"open","ping_status":"open","sticky":false,"template":"","format":"standard","meta":{"_monsterinsights_skip_tracking":false,"_monsterinsights_sitenote_active":false,"_monsterinsights_sitenote_note":"","_monsterinsights_sitenote_category":0,"_uf_show_specific_survey":0,"_uf_disable_surveys":false,"_jetpack_memberships_contains_paid_content":false,"footnotes":""},"categories":[1084],"tags":[1183,1043],"class_list":["post-8781","post","type-post","status-publish","format-standard","has-post-thumbnail","hentry","category-coronavirus","tag-centros-de-contencion","tag-coronavirus"],"aioseo_notices":[],"yoast_head":"<!-- This site is optimized with the Yoast SEO plugin v25.6 - https:\/\/yoast.com\/wordpress\/plugins\/seo\/ -->\n<title>La propiedad privada y los albergues en tiempos de Covid-19<\/title>\n<meta name=\"robots\" content=\"index, follow, max-snippet:-1, max-image-preview:large, max-video-preview:-1\" \/>\n<link rel=\"canonical\" href=\"https:\/\/elcomunista.org\/?p=8781\" \/>\n<meta property=\"og:locale\" content=\"es_ES\" \/>\n<meta property=\"og:type\" content=\"article\" \/>\n<meta property=\"og:title\" content=\"La propiedad privada y los albergues en tiempos de Covid-19\" \/>\n<meta property=\"og:description\" content=\"Por Katherin Nu\u00f1ez Desde la declaraci\u00f3n de Emergencia Nacional del presidente Nayib Bukele se han implementado una serie de medidas que buscan reducir la cantidad de contagios a causa del Covid-19; dichas medidas incluyeron el cierre de las fronteras terrestres y \u00e1reas, y el comienzo de la cuarentena domiciliar obligatoria. Para asegurar el cumplimiento de...\" \/>\n<meta property=\"og:url\" content=\"https:\/\/elcomunista.org\/?p=8781\" \/>\n<meta property=\"og:site_name\" content=\"Revoluci\u00f3n Comunista\" \/>\n<meta property=\"article:publisher\" content=\"https:\/\/www.facebook.com\/Bloquepopularjuvenil\" \/>\n<meta property=\"article:published_time\" content=\"2020-06-04T00:16:30+00:00\" \/>\n<meta property=\"article:modified_time\" content=\"2020-06-04T00:16:35+00:00\" \/>\n<meta property=\"og:image\" content=\"https:\/\/elcomunista.org\/wp-content\/uploads\/2020\/06\/Centros-de-contencion.jpg\" \/>\n\t<meta property=\"og:image:width\" content=\"627\" \/>\n\t<meta property=\"og:image:height\" content=\"360\" \/>\n\t<meta property=\"og:image:type\" content=\"image\/jpeg\" \/>\n<meta name=\"author\" content=\"Bloque Popular Juvenil\" \/>\n<meta name=\"twitter:card\" content=\"summary_large_image\" \/>\n<meta name=\"twitter:creator\" content=\"@ElBPJ\" \/>\n<meta name=\"twitter:site\" content=\"@ElBPJ\" \/>\n<meta name=\"twitter:label1\" content=\"Escrito por\" \/>\n\t<meta name=\"twitter:data1\" content=\"Bloque Popular Juvenil\" \/>\n\t<meta name=\"twitter:label2\" content=\"Tiempo de lectura\" \/>\n\t<meta name=\"twitter:data2\" content=\"8 minutos\" \/>\n<script type=\"application\/ld+json\" class=\"yoast-schema-graph\">{\"@context\":\"https:\/\/schema.org\",\"@graph\":[{\"@type\":\"Article\",\"@id\":\"https:\/\/elcomunista.org\/?p=8781#article\",\"isPartOf\":{\"@id\":\"https:\/\/elcomunista.org\/?p=8781\"},\"author\":{\"name\":\"Bloque Popular Juvenil\",\"@id\":\"https:\/\/elcomunista.org\/#\/schema\/person\/d55d5350d790a4464cbc0e898065567d\"},\"headline\":\"La propiedad privada y los albergues en tiempos de Covid-19\",\"datePublished\":\"2020-06-04T00:16:30+00:00\",\"dateModified\":\"2020-06-04T00:16:35+00:00\",\"mainEntityOfPage\":{\"@id\":\"https:\/\/elcomunista.org\/?p=8781\"},\"wordCount\":1515,\"commentCount\":0,\"publisher\":{\"@id\":\"https:\/\/elcomunista.org\/#organization\"},\"image\":{\"@id\":\"https:\/\/elcomunista.org\/?p=8781#primaryimage\"},\"thumbnailUrl\":\"https:\/\/elcomunista.org\/wp-content\/uploads\/2020\/06\/Centros-de-contencion.jpg\",\"keywords\":[\"Centros de contenci\u00f3n\",\"Coronavirus\"],\"articleSection\":[\"Coronavirus\"],\"inLanguage\":\"es\",\"potentialAction\":[{\"@type\":\"CommentAction\",\"name\":\"Comment\",\"target\":[\"https:\/\/elcomunista.org\/?p=8781#respond\"]}]},{\"@type\":\"WebPage\",\"@id\":\"https:\/\/elcomunista.org\/?p=8781\",\"url\":\"https:\/\/elcomunista.org\/?p=8781\",\"name\":\"La propiedad privada y los albergues en tiempos de Covid-19\",\"isPartOf\":{\"@id\":\"https:\/\/elcomunista.org\/#website\"},\"primaryImageOfPage\":{\"@id\":\"https:\/\/elcomunista.org\/?p=8781#primaryimage\"},\"image\":{\"@id\":\"https:\/\/elcomunista.org\/?p=8781#primaryimage\"},\"thumbnailUrl\":\"https:\/\/elcomunista.org\/wp-content\/uploads\/2020\/06\/Centros-de-contencion.jpg\",\"datePublished\":\"2020-06-04T00:16:30+00:00\",\"dateModified\":\"2020-06-04T00:16:35+00:00\",\"breadcrumb\":{\"@id\":\"https:\/\/elcomunista.org\/?p=8781#breadcrumb\"},\"inLanguage\":\"es\",\"potentialAction\":[{\"@type\":\"ReadAction\",\"target\":[\"https:\/\/elcomunista.org\/?p=8781\"]}]},{\"@type\":\"ImageObject\",\"inLanguage\":\"es\",\"@id\":\"https:\/\/elcomunista.org\/?p=8781#primaryimage\",\"url\":\"https:\/\/elcomunista.org\/wp-content\/uploads\/2020\/06\/Centros-de-contencion.jpg\",\"contentUrl\":\"https:\/\/elcomunista.org\/wp-content\/uploads\/2020\/06\/Centros-de-contencion.jpg\",\"width\":627,\"height\":360},{\"@type\":\"BreadcrumbList\",\"@id\":\"https:\/\/elcomunista.org\/?p=8781#breadcrumb\",\"itemListElement\":[{\"@type\":\"ListItem\",\"position\":1,\"name\":\"Portada\",\"item\":\"https:\/\/elcomunista.org\/\"},{\"@type\":\"ListItem\",\"position\":2,\"name\":\"La propiedad privada y los albergues en tiempos de Covid-19\"}]},{\"@type\":\"WebSite\",\"@id\":\"https:\/\/elcomunista.org\/#website\",\"url\":\"https:\/\/elcomunista.org\/\",\"name\":\"Revoluci\u00f3n Comunista\",\"description\":\"Internacional Comunista Revolucionaria\",\"publisher\":{\"@id\":\"https:\/\/elcomunista.org\/#organization\"},\"potentialAction\":[{\"@type\":\"SearchAction\",\"target\":{\"@type\":\"EntryPoint\",\"urlTemplate\":\"https:\/\/elcomunista.org\/?s={search_term_string}\"},\"query-input\":{\"@type\":\"PropertyValueSpecification\",\"valueRequired\":true,\"valueName\":\"search_term_string\"}}],\"inLanguage\":\"es\"},{\"@type\":\"Organization\",\"@id\":\"https:\/\/elcomunista.org\/#organization\",\"name\":\"Bloque Popular Juvenil\",\"url\":\"https:\/\/elcomunista.org\/\",\"logo\":{\"@type\":\"ImageObject\",\"inLanguage\":\"es\",\"@id\":\"https:\/\/elcomunista.org\/#\/schema\/logo\/image\/\",\"url\":\"https:\/\/bloquepopularjuvenil.org\/wp-content\/uploads\/2018\/11\/bpj-militante.jpg\",\"contentUrl\":\"https:\/\/bloquepopularjuvenil.org\/wp-content\/uploads\/2018\/11\/bpj-militante.jpg\",\"width\":4000,\"height\":1390,\"caption\":\"Bloque Popular Juvenil\"},\"image\":{\"@id\":\"https:\/\/elcomunista.org\/#\/schema\/logo\/image\/\"},\"sameAs\":[\"https:\/\/www.facebook.com\/Bloquepopularjuvenil\",\"https:\/\/x.com\/ElBPJ\",\"https:\/\/www.instagram.com\/elbloque_bpj\/?hl=es-la\"]},{\"@type\":\"Person\",\"@id\":\"https:\/\/elcomunista.org\/#\/schema\/person\/d55d5350d790a4464cbc0e898065567d\",\"name\":\"Bloque Popular Juvenil\",\"image\":{\"@type\":\"ImageObject\",\"inLanguage\":\"es\",\"@id\":\"https:\/\/elcomunista.org\/#\/schema\/person\/image\/\",\"url\":\"https:\/\/secure.gravatar.com\/avatar\/85d12dca789bb6379dc38a198e1576cd?s=96&d=mm&r=g\",\"contentUrl\":\"https:\/\/secure.gravatar.com\/avatar\/85d12dca789bb6379dc38a198e1576cd?s=96&d=mm&r=g\",\"caption\":\"Bloque Popular Juvenil\"},\"url\":\"https:\/\/elcomunista.org\/?author=1\"}]}<\/script>\n<!-- \/ Yoast SEO plugin. -->","yoast_head_json":{"title":"La propiedad privada y los albergues en tiempos de Covid-19","robots":{"index":"index","follow":"follow","max-snippet":"max-snippet:-1","max-image-preview":"max-image-preview:large","max-video-preview":"max-video-preview:-1"},"canonical":"https:\/\/elcomunista.org\/?p=8781","og_locale":"es_ES","og_type":"article","og_title":"La propiedad privada y los albergues en tiempos de Covid-19","og_description":"Por Katherin Nu\u00f1ez Desde la declaraci\u00f3n de Emergencia Nacional del presidente Nayib Bukele se han implementado una serie de medidas que buscan reducir la cantidad de contagios a causa del Covid-19; dichas medidas incluyeron el cierre de las fronteras terrestres y \u00e1reas, y el comienzo de la cuarentena domiciliar obligatoria. Para asegurar el cumplimiento de...","og_url":"https:\/\/elcomunista.org\/?p=8781","og_site_name":"Revoluci\u00f3n Comunista","article_publisher":"https:\/\/www.facebook.com\/Bloquepopularjuvenil","article_published_time":"2020-06-04T00:16:30+00:00","article_modified_time":"2020-06-04T00:16:35+00:00","og_image":[{"width":627,"height":360,"url":"https:\/\/elcomunista.org\/wp-content\/uploads\/2020\/06\/Centros-de-contencion.jpg","type":"image\/jpeg"}],"author":"Bloque Popular Juvenil","twitter_card":"summary_large_image","twitter_creator":"@ElBPJ","twitter_site":"@ElBPJ","twitter_misc":{"Escrito por":"Bloque Popular Juvenil","Tiempo de lectura":"8 minutos"},"schema":{"@context":"https:\/\/schema.org","@graph":[{"@type":"Article","@id":"https:\/\/elcomunista.org\/?p=8781#article","isPartOf":{"@id":"https:\/\/elcomunista.org\/?p=8781"},"author":{"name":"Bloque Popular Juvenil","@id":"https:\/\/elcomunista.org\/#\/schema\/person\/d55d5350d790a4464cbc0e898065567d"},"headline":"La propiedad privada y los albergues en tiempos de Covid-19","datePublished":"2020-06-04T00:16:30+00:00","dateModified":"2020-06-04T00:16:35+00:00","mainEntityOfPage":{"@id":"https:\/\/elcomunista.org\/?p=8781"},"wordCount":1515,"commentCount":0,"publisher":{"@id":"https:\/\/elcomunista.org\/#organization"},"image":{"@id":"https:\/\/elcomunista.org\/?p=8781#primaryimage"},"thumbnailUrl":"https:\/\/elcomunista.org\/wp-content\/uploads\/2020\/06\/Centros-de-contencion.jpg","keywords":["Centros de contenci\u00f3n","Coronavirus"],"articleSection":["Coronavirus"],"inLanguage":"es","potentialAction":[{"@type":"CommentAction","name":"Comment","target":["https:\/\/elcomunista.org\/?p=8781#respond"]}]},{"@type":"WebPage","@id":"https:\/\/elcomunista.org\/?p=8781","url":"https:\/\/elcomunista.org\/?p=8781","name":"La propiedad privada y los albergues en tiempos de Covid-19","isPartOf":{"@id":"https:\/\/elcomunista.org\/#website"},"primaryImageOfPage":{"@id":"https:\/\/elcomunista.org\/?p=8781#primaryimage"},"image":{"@id":"https:\/\/elcomunista.org\/?p=8781#primaryimage"},"thumbnailUrl":"https:\/\/elcomunista.org\/wp-content\/uploads\/2020\/06\/Centros-de-contencion.jpg","datePublished":"2020-06-04T00:16:30+00:00","dateModified":"2020-06-04T00:16:35+00:00","breadcrumb":{"@id":"https:\/\/elcomunista.org\/?p=8781#breadcrumb"},"inLanguage":"es","potentialAction":[{"@type":"ReadAction","target":["https:\/\/elcomunista.org\/?p=8781"]}]},{"@type":"ImageObject","inLanguage":"es","@id":"https:\/\/elcomunista.org\/?p=8781#primaryimage","url":"https:\/\/elcomunista.org\/wp-content\/uploads\/2020\/06\/Centros-de-contencion.jpg","contentUrl":"https:\/\/elcomunista.org\/wp-content\/uploads\/2020\/06\/Centros-de-contencion.jpg","width":627,"height":360},{"@type":"BreadcrumbList","@id":"https:\/\/elcomunista.org\/?p=8781#breadcrumb","itemListElement":[{"@type":"ListItem","position":1,"name":"Portada","item":"https:\/\/elcomunista.org\/"},{"@type":"ListItem","position":2,"name":"La propiedad privada y los albergues en tiempos de Covid-19"}]},{"@type":"WebSite","@id":"https:\/\/elcomunista.org\/#website","url":"https:\/\/elcomunista.org\/","name":"Revoluci\u00f3n Comunista","description":"Internacional Comunista Revolucionaria","publisher":{"@id":"https:\/\/elcomunista.org\/#organization"},"potentialAction":[{"@type":"SearchAction","target":{"@type":"EntryPoint","urlTemplate":"https:\/\/elcomunista.org\/?s={search_term_string}"},"query-input":{"@type":"PropertyValueSpecification","valueRequired":true,"valueName":"search_term_string"}}],"inLanguage":"es"},{"@type":"Organization","@id":"https:\/\/elcomunista.org\/#organization","name":"Bloque Popular Juvenil","url":"https:\/\/elcomunista.org\/","logo":{"@type":"ImageObject","inLanguage":"es","@id":"https:\/\/elcomunista.org\/#\/schema\/logo\/image\/","url":"https:\/\/bloquepopularjuvenil.org\/wp-content\/uploads\/2018\/11\/bpj-militante.jpg","contentUrl":"https:\/\/bloquepopularjuvenil.org\/wp-content\/uploads\/2018\/11\/bpj-militante.jpg","width":4000,"height":1390,"caption":"Bloque Popular Juvenil"},"image":{"@id":"https:\/\/elcomunista.org\/#\/schema\/logo\/image\/"},"sameAs":["https:\/\/www.facebook.com\/Bloquepopularjuvenil","https:\/\/x.com\/ElBPJ","https:\/\/www.instagram.com\/elbloque_bpj\/?hl=es-la"]},{"@type":"Person","@id":"https:\/\/elcomunista.org\/#\/schema\/person\/d55d5350d790a4464cbc0e898065567d","name":"Bloque Popular Juvenil","image":{"@type":"ImageObject","inLanguage":"es","@id":"https:\/\/elcomunista.org\/#\/schema\/person\/image\/","url":"https:\/\/secure.gravatar.com\/avatar\/85d12dca789bb6379dc38a198e1576cd?s=96&d=mm&r=g","contentUrl":"https:\/\/secure.gravatar.com\/avatar\/85d12dca789bb6379dc38a198e1576cd?s=96&d=mm&r=g","caption":"Bloque Popular Juvenil"},"url":"https:\/\/elcomunista.org\/?author=1"}]}},"jetpack_featured_media_url":"https:\/\/elcomunista.org\/wp-content\/uploads\/2020\/06\/Centros-de-contencion.jpg","jetpack_likes_enabled":true,"jetpack_sharing_enabled":true,"_links":{"self":[{"href":"https:\/\/elcomunista.org\/index.php?rest_route=\/wp\/v2\/posts\/8781"}],"collection":[{"href":"https:\/\/elcomunista.org\/index.php?rest_route=\/wp\/v2\/posts"}],"about":[{"href":"https:\/\/elcomunista.org\/index.php?rest_route=\/wp\/v2\/types\/post"}],"author":[{"embeddable":true,"href":"https:\/\/elcomunista.org\/index.php?rest_route=\/wp\/v2\/users\/1"}],"replies":[{"embeddable":true,"href":"https:\/\/elcomunista.org\/index.php?rest_route=%2Fwp%2Fv2%2Fcomments&post=8781"}],"version-history":[{"count":0,"href":"https:\/\/elcomunista.org\/index.php?rest_route=\/wp\/v2\/posts\/8781\/revisions"}],"wp:featuredmedia":[{"embeddable":true,"href":"https:\/\/elcomunista.org\/index.php?rest_route=\/wp\/v2\/media\/8782"}],"wp:attachment":[{"href":"https:\/\/elcomunista.org\/index.php?rest_route=%2Fwp%2Fv2%2Fmedia&parent=8781"}],"wp:term":[{"taxonomy":"category","embeddable":true,"href":"https:\/\/elcomunista.org\/index.php?rest_route=%2Fwp%2Fv2%2Fcategories&post=8781"},{"taxonomy":"post_tag","embeddable":true,"href":"https:\/\/elcomunista.org\/index.php?rest_route=%2Fwp%2Fv2%2Ftags&post=8781"}],"curies":[{"name":"wp","href":"https:\/\/api.w.org\/{rel}","templated":true}]}}