{"id":8800,"date":"2020-06-06T15:50:44","date_gmt":"2020-06-06T21:50:44","guid":{"rendered":"http:\/\/bloquepopularjuvenil.org\/?p=8800"},"modified":"2020-06-06T17:28:37","modified_gmt":"2020-06-06T23:28:37","slug":"economia-planificada-la-alternativa-a-la-barbarie-del-capitalismo","status":"publish","type":"post","link":"https:\/\/elcomunista.org\/?p=8800","title":{"rendered":"Econom\u00eda planificada la alternativa a la barbarie del capitalismo"},"content":{"rendered":"<p>Estamos casi a mediados del 2020 y la econom\u00eda mundial est\u00e1 sufriendo uno de los periodos m\u00e1s cr\u00edticos de su historia. No es algo sorpresivo, ni es solo producto de la pandemia del Covid-19. Si bien la d\u00e9cada de 2008 hasta el 2018 fue un ciclo de recuperaci\u00f3n del capitalismo, desde antes de la enfermedad, incluso a\u00f1os antes, los centros de estudios de derecha y los diversos analistas del sistema ya preve\u00edan la entrada a un nuevo ciclo de desaceleraci\u00f3n<a href=\"#_edn1\" name=\"_ednref1\">[i]<\/a>. Claro la pandemia ha venido a asestar un dur\u00edsimo golpe directo a las entra\u00f1as del capital, pero no es la \u00fanica raz\u00f3n de su crisis actual.<\/p>\n<p>Sin embargo, tambi\u00e9n ha sido un ciclo de reflexi\u00f3n sobre el mismo muy enriquecedor, sobre todo para la clase trabajadora. Si ponemos atenci\u00f3n a las expresiones de la misma clase capitalista, en la voz de sus analistas, estos nos han dejado una serie de memorables citas que a estas alturas uno nunca hubiera cre\u00eddo posible escuchar de los defensores de este barb\u00e1rico sistema econ\u00f3mico. Por ejemplo, el Fondo Monetario Internacional -FMI- en junio del 2016 public\u00f3 un an\u00e1lisis en donde se cuestiona el alcance o los logros del sistema neoliberal para mejorar el crecimiento y productividad de los pa\u00edses donde se ha aplicado, dec\u00eda: <em>\u201cLas pol\u00edticas de austeridad no solo generan costos sustanciales de bienestar debido a los canales del lado de la oferta, sino que tambi\u00e9n perjudican la demanda y, por lo tanto, empeoran el empleo y el desempleo [\u2026]. En resumen, los beneficios de algunas pol\u00edticas que son una parte importante de la agenda neoliberal parecen haber sido exagerados\u201d<a href=\"#_edn2\" name=\"_ednref2\"><strong>[ii]<\/strong><\/a><\/em>. Por otro lado, el mism\u00edsimo Francis Fukuyama, autor en 1992 del libro El fin de la historia y el \u00faltimo hombre, donde expresa la idea de que el sistema de democracia liberal occidental y sus valores son el culmen de la ideolog\u00eda humana frente al descalabro del bloque de Rep\u00fablicas Socialistas de la Uni\u00f3n Sovi\u00e9tica, reconoce d\u00e9cadas despu\u00e9s, en una entrevista en 2018, que el \u201csocialismo deber\u00eda volver\u201d y agreg\u00f3 que: \u201cen este momento, me parece que ciertas cosas que Karl Marx dijo est\u00e1n resultando ciertas\u201d. Qu\u00e9 decir del peri\u00f3dico conservador brit\u00e1nico Financial Times que en una publicidad con su titular \u201c<em>hizo que se le atragantara la tostada a muchos de sus lectores: Capitalism. Time for a Reset<\/em>\u201d<a href=\"#_edn3\" name=\"_ednref3\">[iii]<\/a>. Atreverse a jugar con la idea no es cosa simple. Ver para creer.<\/p>\n<p>Sin duda las continuas crisis del capitalismo son un quebradero de cabeza para los que creen en el libre comercio y la mano invisible del mercado, sin entender la falsedad que existe en esos conceptos que sirven para ocultar el control del capital y la clase burguesa sobre la vida de los pa\u00edses y sus pueblos. No existe el libre comercio y la econom\u00eda de \u201clibre\u201d mercado es planificada bajo los intereses de los grandes monopolios transnacionales que pretenden hacerse invisibles ante la opini\u00f3n p\u00fablica descargando la responsabilidad de la econom\u00eda en las pol\u00edticas aplicadas por los gobiernos, que ellos mismos manejan a trav\u00e9s de la corrupci\u00f3n.<\/p>\n<p>Pero las constantes crisis del sistema, la crisis del cambio clim\u00e1tico, la crisis de las desigualdades socio econ\u00f3micas junto a los discursos de odio e intolerancia y las constantes guerras a las que ha llevado al mundo, empujan a diversos intelectuales a pensar en salidas, en alternativas a este caos que nos destruye y deshumaniza gradualmente. As\u00ed, surgen propuestas de modelos alternativos de producci\u00f3n -algunos pensadores de derecha tienen claro que es necesario reformar el sistema pol\u00edtico econ\u00f3mico- y surgen planteamientos como el llamado capitalismo progresista (Joseph Stiglitz); el socialismo participativo (Thomas Piketty); el Green New Deal (Alexandria Ocasio-Cortez); o una democracia econ\u00f3mica (Joe Guinan y Martin O\u2019Neill)<a href=\"#_edn4\" name=\"_ednref4\">[iv]<\/a>. No vamos a detallarlos en este espacio, pero es necesario se\u00f1alar con toda claridad, que como estudiosos de la lucha de clases, sabemos que a la base de las desigualdades econ\u00f3micas, la depredaci\u00f3n del planeta, las condiciones de miseria de la clase trabajadora, etc., est\u00e1 el sistema capitalista y la propiedad privada de los medios de producci\u00f3n. Mientras el sistema econ\u00f3mico privilegie la propiedad privada, la concentraci\u00f3n de la riqueza y la explotaci\u00f3n de la clase trabajadora; mientras los Estados est\u00e9n en funci\u00f3n de proteger los intereses de la clase burguesa, no importa por cual modelo y\/o modo de producci\u00f3n se opte bajo el capitalismo, nada cambiar\u00e1.\u00a0<\/p>\n<p>La alternativa, por tanto, es volver a estudiar la econom\u00eda planificada, la experiencia de la Revoluci\u00f3n Bolchevique y los logros que le permitieron a la Uni\u00f3n Sovi\u00e9tica, en un lapso de 50 a\u00f1os, convertirse en una potencia mundial equiparable a los Estados Unidos de Norte Am\u00e9rica, sin las crisis ni los vicios de la econom\u00eda de mercado.<\/p>\n<p>Para muchos seguramente la idea de la econom\u00eda planificada les resultara absurda, ya no digamos a los ilustres defensores del libre mercado. Como si actualmente no existiera la planificaci\u00f3n econ\u00f3mica en el mundo. Los gobiernos, las empresas, incluso los mercados planifican. Es una absurda mentira la idea de la mano invisible. Los grandes monopolios mundiales: Nestl\u00e9, Coca Cola, Microsoft, Aple, hasta el due\u00f1o de Facebook, planifican sus estrategias de mercado y elaboran planes econ\u00f3micos. La planificaci\u00f3n no es extra\u00f1a a la econom\u00eda por el contrario es una actividad fundamental. Pero, \u00bfpor qu\u00e9 se les retuerce el alma a los economistas capitalistas cuando la izquierda revolucionaria habla de planificaci\u00f3n? Simplemente porque el objetivo es distinto, la planificaci\u00f3n que hace el capitalismo es para lograr concentrar en unas pocas manos la riqueza que produce la clase trabajadora, la finalidad de la econom\u00eda planificada en el socialismo es la distribuci\u00f3n de la riqueza con el objetivo de garantizar que los seres humanos tengan acceso a una vida digna por derecho propio, no como un privilegio de clase.<\/p>\n<p>La econom\u00eda planificada ha permitido, por ejemplo, al pueblo de Cuba resistir por casi 60 a\u00f1os el criminal bloqueo econ\u00f3mico impuesto unilateralmente por Estados Unidos, como represalia hacia su gobierno revolucionario, con un costo de $930 mil millones de d\u00f3lares para la isla, y pese a esto, Cuba es de los pa\u00edses latinoamericanos que tienen un alto nivel de desarrollo humano (puesto 72) seg\u00fan el \u00edndice de desarrollo humano que publica anualmente el Programa de las Naciones Unidas para el Desarrollo -PNUD-.<\/p>\n<p>Otro ejemplo hist\u00f3rico y m\u00e1s impactante, que ya mencion\u00e1bamos, es el de la Revoluci\u00f3n Bolchevique de 1917 en Rusia, que saco al pa\u00eds del atraso econ\u00f3mico y social, llevando a la Uni\u00f3n Sovi\u00e9tica a convertirse, a trav\u00e9s de la econom\u00eda planificada, en una potencia econ\u00f3mica y militar equiparable a la de Estados Unidos en un espacio realmente corto de la historia. \u201c<em>En un periodo de 50 a\u00f1os, la URSS multiplic\u00f3 su producto interior bruto (PIB) por nueve. A pesar de la terrible destrucci\u00f3n de la Segunda Guerra Mundial, su PIB se multiplic\u00f3 por cinco entre 1945 y 1979. En 1950, el PIB de la URSS era s\u00f3lo el 33% del de los EEUU. Ya en el a\u00f1o 1979 alcanz\u00f3 el 58%. A finales de la d\u00e9cada de los 70, la Uni\u00f3n Sovi\u00e9tica se hab\u00eda convertido en una potencia industrial formidable que en t\u00e9rminos absolutos ya hab\u00eda superado al resto del mundo en toda una serie de sectores clave. La URSS era el mayor productor de petr\u00f3leo, acero, cemento, asbestos, tractores y muchos bienes de equipo. La producci\u00f3n industrial de la URSS era la segunda despu\u00e9s de la de EEUU [\u2026]. De un pa\u00eds atrasado, semi-feudal, principalmente analfabeto, en 1917, la URSS se convirti\u00f3 en una econom\u00eda moderna y desarrollada, pose\u00eda un cuarto de los cient\u00edficos del mundo, un sistema de salud y educaci\u00f3n igual o superior a cualquiera de los pa\u00edses de Occidente, lanz\u00f3 el primer sat\u00e9lite espacial y puso al primer hombre en el espacio. En la d\u00e9cada de 1980, la URSS ten\u00eda m\u00e1s cient\u00edficos que los Estados Unidos, Jap\u00f3n, Gran Breta\u00f1a y Alemania juntos. S\u00f3lo recientemente Occidente se vio obligado a admitir a rega\u00f1adientes que el programa espacial sovi\u00e9tico estaba muy por delante del de los Estados Unidos. El hecho de que Occidente todav\u00eda tenga que usar cohetes rusos para poner hombres y mujeres en el espacio es una prueba suficiente de esto<\/em>\u201d.<a href=\"#_edn5\" name=\"_ednref5\">[v]<\/a><\/p>\n<p>Seguramente m\u00e1s de alg\u00fan lector o lectora se preguntar\u00e1: \u00bfentonces por qu\u00e9 se desplom\u00f3 la Uni\u00f3n Sovi\u00e9tica? Y es una pregunta v\u00e1lida, sin embargo no es una respuesta sencilla. En realidad lo que se form\u00f3 en la extinta URSS, despu\u00e9s de la muerte de Lenin no fue un socialismo sano, es decir una democracia obrera, sino una deformaci\u00f3n conocida ahora como Stalinismo, dado que su gestor fue J\u00f3sif Vissari\u00f3novich Dzhugashvili, mejor conocido Joseph Stalin, qui\u00e9n desconoci\u00f3 todo el legado de la Revoluci\u00f3n Bolchevique para convertirla en una monstruosa burocracia que no fue capaz de mantenerse, esto requiere un estudio aparte. Sin embargo, la deformaci\u00f3n burocr\u00e1tica no impidi\u00f3 demostrar las ventajas y la superioridad de una econom\u00eda planificada, impulsada por la clase trabajadora.\u00a0\u00a0<\/p>\n<p>El mundo no tiene por el momento muchas alternativas. La crisis sanitaria generada por la pandemia del Covid-19, no solo ha acentuado la debacle del sistema capitalista neoliberal, que ya se ve\u00eda asomar en el horizonte como parte de sus ciclos, sino que ha expuesto su verdadera y deshumanizada cara. Durante a\u00f1os, el neoliberalismo ha visto en la salud solo un mercado m\u00e1s, del cual debe sacar la m\u00e1xima ganancia posible, privatizando los sistemas de salud, o reduci\u00e9ndolos, dejando expuesta a la clase trabajadora a sufrir, como lo esta haciendo ahora, las penurias de no poder tener acceso a un sistema que realmente le proteja. Pero esta es solo una cara de la moneda, la gravedad de la pandemia ha obligado al cierre temporal de fuentes de trabajo, las micro, peque\u00f1as y medianas empresas pronto quebrar\u00e1n dejando sin posibilidad de sustento a miles de familias, y la recuperaci\u00f3n no se estima que sea r\u00e1pida. \u201c<em>La crisis actual, entonces, no es un mero episodio ef\u00edmero. M\u00e1s bien representa un punto de inflexi\u00f3n fundamental en la historia del mundo, en el desarrollo y el declive del capitalismo.<\/em>\u201d<a href=\"#_edn6\" name=\"_ednref6\">[vi]<\/a><\/p>\n<p>Aunque los diferentes pa\u00edses est\u00e1n tomando medidas para enfrentar la crisis econ\u00f3mica, esta se reduce en una palabra: deuda. Que como bien sabemos, quien la terminar\u00e1 pagando ser\u00e1 el pueblo trabajador, la clase proletaria. No olvidemos que la principal funci\u00f3n del Estado burgu\u00e9s es la protecci\u00f3n de los intereses de la clase burguesa, la protecci\u00f3n de los grandes capitales.<\/p>\n<p>La \u00fanica respuesta, para la clase trabajadora, es el giro hacia una econom\u00eda planificada que ponga el \u00e9nfasis en las necesidades reales de la poblaci\u00f3n: alimentaci\u00f3n, salud, trabajo, acceso a educaci\u00f3n y viviendas dignas. Esto solo ser\u00e1 posible poniendo orden en la producci\u00f3n, limitando la tenencia de la propiedad privada, distribuyendo la riqueza, utilizando la tierra para asegurar nuestra soberan\u00eda alimentaria y resguardando nuestros limitados recursos naturales. Debemos poner atenci\u00f3n a esto, pues el mundo necesita un cambio sustancial, de lo contrario lo \u00fanico que se nos presenta en el futuro es la barbarie del capitalismo como bien dijo Rosa Luxemburgo.<\/p>\n<p>La organizaci\u00f3n es esencial, involucrarse es esencial, estudiar y prepararse es fundamental. Solo la organizaci\u00f3n pol\u00edtica de la clase proletaria alrededor de sus intereses de clase puede detener la destrucci\u00f3n de la vida que hace el capitalismo.<\/p>\n<p>El porque ha fracasado la izquierda antes tiene sus explicaciones, y los errores pueden corregirse, pero para ello es necesario tener la voluntad y el car\u00e1cter para hacerlo.<\/p>\n<hr \/>\n<pre><a href=\"#_ednref1\" name=\"_edn1\">[i]<\/a>\u00a0\u00a0\u00a0\u00a0\u00a0\u00a0 2008-2018: la d\u00e9cada perdida del capitalismo. Rob Sewell. 2018. <a href=\"https:\/\/www.marxist.com\/2008-2018-capitalism-s-lost-decade.htm\">https:\/\/www.marxist.com\/2008-2018-capitalism-s-lost-decade.htm<\/a><br \/><br \/><a href=\"#_ednref2\" name=\"_edn2\">[ii]<\/a>\u00a0\u00a0\u00a0\u00a0\u00a0 Neoliberalismo: \u00bfSobrevendido? FMI 2016. Jonathan D. Ostry es Director Adjunto, Prakash Loungani es Jefe de Divisi\u00f3n y Davide Furceri es Economista, todos en el Departamento de Investigaci\u00f3n del FMI.\u00a0 <a href=\"https:\/\/www.imf.org\/external\/pubs\/ft\/fandd\/2016\/06\/ostry.htm\">https:\/\/www.imf.org\/external\/pubs\/ft\/fandd\/2016\/06\/ostry.htm<\/a><br \/><br \/><a href=\"#_ednref3\" name=\"_edn3\">[iii]<\/a>\u00a0\u00a0\u00a0\u00a0 Las grietas del capitalismo obligan a su reinvenci\u00f3n. Miguel \u00c1ngel Garc\u00eda Vega. 2019. El Pa\u00eds. <a href=\"https:\/\/elpais.com\/economia\/2019\/10\/18\/actualidad\/1571397259_309335.html\">https:\/\/elpais.com\/economia\/2019\/10\/18\/actualidad\/1571397259_309335.html<\/a><br \/><br \/><a href=\"#_ednref4\" name=\"_edn4\">[iv]<\/a>\u00a0\u00a0\u00a0 IDEM<br \/><br \/><a href=\"#_ednref5\" name=\"_edn5\">[v]<\/a>\u00a0\u00a0\u00a0\u00a0 Qu\u00e9 consigui\u00f3 la Revoluci\u00f3n Rusa y por qu\u00e9 degener\u00f3. Alan Woods. 2017. <a href=\"https:\/\/www.marxist.com\/que-consiguio-la-revolucion-rusa-y-por-que-degenero.htm\">https:\/\/www.marxist.com\/que-consiguio-la-revolucion-rusa-y-por-que-degenero.htm<\/a><br \/><br \/><a href=\"#_ednref6\" name=\"_edn6\">[vi]<\/a>\u00a0\u00a0\u00a0 Despu\u00e9s del confinamiento: \u00bfc\u00f3mo ser\u00e1 el capitalismo?Adam Booth. 2020. <a href=\"http:\/\/bloquepopularjuvenil.org\/despues-del-confinamiento-como-sera-el-capitalismo\/\">http:\/\/bloquepopularjuvenil.org\/despues-del-confinamiento-como-sera-el-capitalismo\/<\/a><\/pre>\n<hr \/>\n<pre><img loading=\"lazy\" decoding=\"async\" class=\"wp-image-8538 aligncenter\" src=\"http:\/\/bloquepopularjuvenil.org\/wp-content\/uploads\/2020\/04\/Copia-de-Rosa-Morado-Videojuego-Mando-Twitch-Banner1-300x169.png\" alt=\"\" width=\"596\" height=\"336\" srcset=\"https:\/\/elcomunista.org\/wp-content\/uploads\/2020\/04\/Copia-de-Rosa-Morado-Videojuego-Mando-Twitch-Banner1-300x169.png 300w, https:\/\/elcomunista.org\/wp-content\/uploads\/2020\/04\/Copia-de-Rosa-Morado-Videojuego-Mando-Twitch-Banner1.png 560w\" sizes=\"(max-width: 596px) 100vw, 596px\" \/><\/pre>","protected":false},"excerpt":{"rendered":"<p>Estamos casi a mediados del 2020 y la econom\u00eda mundial est\u00e1 sufriendo uno de los periodos m\u00e1s cr\u00edticos de su historia. No es algo sorpresivo, ni es solo producto de la pandemia del Covid-19. Si bien la d\u00e9cada de 2008 hasta el 2018 fue un ciclo de recuperaci\u00f3n del capitalismo, desde antes de la enfermedad,&#8230;<\/p>\n","protected":false},"author":58,"featured_media":8801,"comment_status":"open","ping_status":"open","sticky":false,"template":"","format":"standard","meta":{"_monsterinsights_skip_tracking":false,"_monsterinsights_sitenote_active":false,"_monsterinsights_sitenote_note":"","_monsterinsights_sitenote_category":0,"_uf_show_specific_survey":0,"_uf_disable_surveys":false,"_jetpack_memberships_contains_paid_content":false,"footnotes":""},"categories":[983,4,2,537],"tags":[1023,1188],"class_list":["post-8800","post","type-post","status-publish","format-standard","has-post-thumbnail","hentry","category-bloque-popular-juvenil","category-economia","category-nacional","category-principales","tag-economia-2","tag-economia-planificada"],"aioseo_notices":[],"yoast_head":"<!-- This site is optimized with the Yoast SEO plugin v25.6 - https:\/\/yoast.com\/wordpress\/plugins\/seo\/ -->\n<title>Econom\u00eda planificada la alternativa a la barbarie del capitalismo<\/title>\n<meta name=\"robots\" content=\"index, follow, max-snippet:-1, max-image-preview:large, max-video-preview:-1\" \/>\n<link rel=\"canonical\" href=\"https:\/\/elcomunista.org\/?p=8800\" \/>\n<meta property=\"og:locale\" content=\"es_ES\" \/>\n<meta property=\"og:type\" content=\"article\" \/>\n<meta property=\"og:title\" content=\"Econom\u00eda planificada la alternativa a la barbarie del capitalismo\" \/>\n<meta property=\"og:description\" content=\"Estamos casi a mediados del 2020 y la econom\u00eda mundial est\u00e1 sufriendo uno de los periodos m\u00e1s cr\u00edticos de su historia. No es algo sorpresivo, ni es solo producto de la pandemia del Covid-19. Si bien la d\u00e9cada de 2008 hasta el 2018 fue un ciclo de recuperaci\u00f3n del capitalismo, desde antes de la enfermedad,...\" \/>\n<meta property=\"og:url\" content=\"https:\/\/elcomunista.org\/?p=8800\" \/>\n<meta property=\"og:site_name\" content=\"Revoluci\u00f3n Comunista\" \/>\n<meta property=\"article:publisher\" content=\"https:\/\/www.facebook.com\/Bloquepopularjuvenil\" \/>\n<meta property=\"article:published_time\" content=\"2020-06-06T21:50:44+00:00\" \/>\n<meta property=\"article:modified_time\" content=\"2020-06-06T23:28:37+00:00\" \/>\n<meta property=\"og:image\" content=\"https:\/\/elcomunista.org\/wp-content\/uploads\/2020\/06\/economia.jpg\" \/>\n\t<meta property=\"og:image:width\" content=\"512\" \/>\n\t<meta property=\"og:image:height\" content=\"337\" \/>\n\t<meta property=\"og:image:type\" content=\"image\/jpeg\" \/>\n<meta name=\"author\" content=\"Iv\u00e1n Castro\" \/>\n<meta name=\"twitter:card\" content=\"summary_large_image\" \/>\n<meta name=\"twitter:creator\" content=\"@ElBPJ\" \/>\n<meta name=\"twitter:site\" content=\"@ElBPJ\" \/>\n<meta name=\"twitter:label1\" content=\"Escrito por\" \/>\n\t<meta name=\"twitter:data1\" content=\"Iv\u00e1n Castro\" \/>\n\t<meta name=\"twitter:label2\" content=\"Tiempo de lectura\" \/>\n\t<meta name=\"twitter:data2\" content=\"11 minutos\" \/>\n<script type=\"application\/ld+json\" class=\"yoast-schema-graph\">{\"@context\":\"https:\/\/schema.org\",\"@graph\":[{\"@type\":\"Article\",\"@id\":\"https:\/\/elcomunista.org\/?p=8800#article\",\"isPartOf\":{\"@id\":\"https:\/\/elcomunista.org\/?p=8800\"},\"author\":{\"name\":\"Iv\u00e1n Castro\",\"@id\":\"https:\/\/elcomunista.org\/#\/schema\/person\/d969cd35d0a7ebe415a282c37e6f6b8d\"},\"headline\":\"Econom\u00eda planificada la alternativa a la barbarie del capitalismo\",\"datePublished\":\"2020-06-06T21:50:44+00:00\",\"dateModified\":\"2020-06-06T23:28:37+00:00\",\"mainEntityOfPage\":{\"@id\":\"https:\/\/elcomunista.org\/?p=8800\"},\"wordCount\":2044,\"commentCount\":0,\"publisher\":{\"@id\":\"https:\/\/elcomunista.org\/#organization\"},\"image\":{\"@id\":\"https:\/\/elcomunista.org\/?p=8800#primaryimage\"},\"thumbnailUrl\":\"https:\/\/elcomunista.org\/wp-content\/uploads\/2020\/06\/economia.jpg\",\"keywords\":[\"Economia\",\"Econom\u00eda planificada\"],\"articleSection\":[\"Bloque Popular Juvenil\",\"Econom\u00eda\",\"Nacional\",\"Principales\"],\"inLanguage\":\"es\",\"potentialAction\":[{\"@type\":\"CommentAction\",\"name\":\"Comment\",\"target\":[\"https:\/\/elcomunista.org\/?p=8800#respond\"]}]},{\"@type\":\"WebPage\",\"@id\":\"https:\/\/elcomunista.org\/?p=8800\",\"url\":\"https:\/\/elcomunista.org\/?p=8800\",\"name\":\"Econom\u00eda planificada la alternativa a la barbarie del capitalismo\",\"isPartOf\":{\"@id\":\"https:\/\/elcomunista.org\/#website\"},\"primaryImageOfPage\":{\"@id\":\"https:\/\/elcomunista.org\/?p=8800#primaryimage\"},\"image\":{\"@id\":\"https:\/\/elcomunista.org\/?p=8800#primaryimage\"},\"thumbnailUrl\":\"https:\/\/elcomunista.org\/wp-content\/uploads\/2020\/06\/economia.jpg\",\"datePublished\":\"2020-06-06T21:50:44+00:00\",\"dateModified\":\"2020-06-06T23:28:37+00:00\",\"breadcrumb\":{\"@id\":\"https:\/\/elcomunista.org\/?p=8800#breadcrumb\"},\"inLanguage\":\"es\",\"potentialAction\":[{\"@type\":\"ReadAction\",\"target\":[\"https:\/\/elcomunista.org\/?p=8800\"]}]},{\"@type\":\"ImageObject\",\"inLanguage\":\"es\",\"@id\":\"https:\/\/elcomunista.org\/?p=8800#primaryimage\",\"url\":\"https:\/\/elcomunista.org\/wp-content\/uploads\/2020\/06\/economia.jpg\",\"contentUrl\":\"https:\/\/elcomunista.org\/wp-content\/uploads\/2020\/06\/economia.jpg\",\"width\":512,\"height\":337},{\"@type\":\"BreadcrumbList\",\"@id\":\"https:\/\/elcomunista.org\/?p=8800#breadcrumb\",\"itemListElement\":[{\"@type\":\"ListItem\",\"position\":1,\"name\":\"Portada\",\"item\":\"https:\/\/elcomunista.org\/\"},{\"@type\":\"ListItem\",\"position\":2,\"name\":\"Econom\u00eda planificada la alternativa a la barbarie del capitalismo\"}]},{\"@type\":\"WebSite\",\"@id\":\"https:\/\/elcomunista.org\/#website\",\"url\":\"https:\/\/elcomunista.org\/\",\"name\":\"Revoluci\u00f3n Comunista\",\"description\":\"Internacional Comunista Revolucionaria\",\"publisher\":{\"@id\":\"https:\/\/elcomunista.org\/#organization\"},\"potentialAction\":[{\"@type\":\"SearchAction\",\"target\":{\"@type\":\"EntryPoint\",\"urlTemplate\":\"https:\/\/elcomunista.org\/?s={search_term_string}\"},\"query-input\":{\"@type\":\"PropertyValueSpecification\",\"valueRequired\":true,\"valueName\":\"search_term_string\"}}],\"inLanguage\":\"es\"},{\"@type\":\"Organization\",\"@id\":\"https:\/\/elcomunista.org\/#organization\",\"name\":\"Bloque Popular Juvenil\",\"url\":\"https:\/\/elcomunista.org\/\",\"logo\":{\"@type\":\"ImageObject\",\"inLanguage\":\"es\",\"@id\":\"https:\/\/elcomunista.org\/#\/schema\/logo\/image\/\",\"url\":\"https:\/\/bloquepopularjuvenil.org\/wp-content\/uploads\/2018\/11\/bpj-militante.jpg\",\"contentUrl\":\"https:\/\/bloquepopularjuvenil.org\/wp-content\/uploads\/2018\/11\/bpj-militante.jpg\",\"width\":4000,\"height\":1390,\"caption\":\"Bloque Popular Juvenil\"},\"image\":{\"@id\":\"https:\/\/elcomunista.org\/#\/schema\/logo\/image\/\"},\"sameAs\":[\"https:\/\/www.facebook.com\/Bloquepopularjuvenil\",\"https:\/\/x.com\/ElBPJ\",\"https:\/\/www.instagram.com\/elbloque_bpj\/?hl=es-la\"]},{\"@type\":\"Person\",\"@id\":\"https:\/\/elcomunista.org\/#\/schema\/person\/d969cd35d0a7ebe415a282c37e6f6b8d\",\"name\":\"Iv\u00e1n Castro\",\"image\":{\"@type\":\"ImageObject\",\"inLanguage\":\"es\",\"@id\":\"https:\/\/elcomunista.org\/#\/schema\/person\/image\/\",\"url\":\"https:\/\/secure.gravatar.com\/avatar\/f41b41e67177fdfed1326b3a5e4c449e?s=96&d=mm&r=g\",\"contentUrl\":\"https:\/\/secure.gravatar.com\/avatar\/f41b41e67177fdfed1326b3a5e4c449e?s=96&d=mm&r=g\",\"caption\":\"Iv\u00e1n Castro\"},\"url\":\"https:\/\/elcomunista.org\/?author=58\"}]}<\/script>\n<!-- \/ Yoast SEO plugin. -->","yoast_head_json":{"title":"Econom\u00eda planificada la alternativa a la barbarie del capitalismo","robots":{"index":"index","follow":"follow","max-snippet":"max-snippet:-1","max-image-preview":"max-image-preview:large","max-video-preview":"max-video-preview:-1"},"canonical":"https:\/\/elcomunista.org\/?p=8800","og_locale":"es_ES","og_type":"article","og_title":"Econom\u00eda planificada la alternativa a la barbarie del capitalismo","og_description":"Estamos casi a mediados del 2020 y la econom\u00eda mundial est\u00e1 sufriendo uno de los periodos m\u00e1s cr\u00edticos de su historia. No es algo sorpresivo, ni es solo producto de la pandemia del Covid-19. Si bien la d\u00e9cada de 2008 hasta el 2018 fue un ciclo de recuperaci\u00f3n del capitalismo, desde antes de la enfermedad,...","og_url":"https:\/\/elcomunista.org\/?p=8800","og_site_name":"Revoluci\u00f3n Comunista","article_publisher":"https:\/\/www.facebook.com\/Bloquepopularjuvenil","article_published_time":"2020-06-06T21:50:44+00:00","article_modified_time":"2020-06-06T23:28:37+00:00","og_image":[{"width":512,"height":337,"url":"https:\/\/elcomunista.org\/wp-content\/uploads\/2020\/06\/economia.jpg","type":"image\/jpeg"}],"author":"Iv\u00e1n Castro","twitter_card":"summary_large_image","twitter_creator":"@ElBPJ","twitter_site":"@ElBPJ","twitter_misc":{"Escrito por":"Iv\u00e1n Castro","Tiempo de lectura":"11 minutos"},"schema":{"@context":"https:\/\/schema.org","@graph":[{"@type":"Article","@id":"https:\/\/elcomunista.org\/?p=8800#article","isPartOf":{"@id":"https:\/\/elcomunista.org\/?p=8800"},"author":{"name":"Iv\u00e1n Castro","@id":"https:\/\/elcomunista.org\/#\/schema\/person\/d969cd35d0a7ebe415a282c37e6f6b8d"},"headline":"Econom\u00eda planificada la alternativa a la barbarie del capitalismo","datePublished":"2020-06-06T21:50:44+00:00","dateModified":"2020-06-06T23:28:37+00:00","mainEntityOfPage":{"@id":"https:\/\/elcomunista.org\/?p=8800"},"wordCount":2044,"commentCount":0,"publisher":{"@id":"https:\/\/elcomunista.org\/#organization"},"image":{"@id":"https:\/\/elcomunista.org\/?p=8800#primaryimage"},"thumbnailUrl":"https:\/\/elcomunista.org\/wp-content\/uploads\/2020\/06\/economia.jpg","keywords":["Economia","Econom\u00eda planificada"],"articleSection":["Bloque Popular Juvenil","Econom\u00eda","Nacional","Principales"],"inLanguage":"es","potentialAction":[{"@type":"CommentAction","name":"Comment","target":["https:\/\/elcomunista.org\/?p=8800#respond"]}]},{"@type":"WebPage","@id":"https:\/\/elcomunista.org\/?p=8800","url":"https:\/\/elcomunista.org\/?p=8800","name":"Econom\u00eda planificada la alternativa a la barbarie del capitalismo","isPartOf":{"@id":"https:\/\/elcomunista.org\/#website"},"primaryImageOfPage":{"@id":"https:\/\/elcomunista.org\/?p=8800#primaryimage"},"image":{"@id":"https:\/\/elcomunista.org\/?p=8800#primaryimage"},"thumbnailUrl":"https:\/\/elcomunista.org\/wp-content\/uploads\/2020\/06\/economia.jpg","datePublished":"2020-06-06T21:50:44+00:00","dateModified":"2020-06-06T23:28:37+00:00","breadcrumb":{"@id":"https:\/\/elcomunista.org\/?p=8800#breadcrumb"},"inLanguage":"es","potentialAction":[{"@type":"ReadAction","target":["https:\/\/elcomunista.org\/?p=8800"]}]},{"@type":"ImageObject","inLanguage":"es","@id":"https:\/\/elcomunista.org\/?p=8800#primaryimage","url":"https:\/\/elcomunista.org\/wp-content\/uploads\/2020\/06\/economia.jpg","contentUrl":"https:\/\/elcomunista.org\/wp-content\/uploads\/2020\/06\/economia.jpg","width":512,"height":337},{"@type":"BreadcrumbList","@id":"https:\/\/elcomunista.org\/?p=8800#breadcrumb","itemListElement":[{"@type":"ListItem","position":1,"name":"Portada","item":"https:\/\/elcomunista.org\/"},{"@type":"ListItem","position":2,"name":"Econom\u00eda planificada la alternativa a la barbarie del capitalismo"}]},{"@type":"WebSite","@id":"https:\/\/elcomunista.org\/#website","url":"https:\/\/elcomunista.org\/","name":"Revoluci\u00f3n Comunista","description":"Internacional Comunista Revolucionaria","publisher":{"@id":"https:\/\/elcomunista.org\/#organization"},"potentialAction":[{"@type":"SearchAction","target":{"@type":"EntryPoint","urlTemplate":"https:\/\/elcomunista.org\/?s={search_term_string}"},"query-input":{"@type":"PropertyValueSpecification","valueRequired":true,"valueName":"search_term_string"}}],"inLanguage":"es"},{"@type":"Organization","@id":"https:\/\/elcomunista.org\/#organization","name":"Bloque Popular Juvenil","url":"https:\/\/elcomunista.org\/","logo":{"@type":"ImageObject","inLanguage":"es","@id":"https:\/\/elcomunista.org\/#\/schema\/logo\/image\/","url":"https:\/\/bloquepopularjuvenil.org\/wp-content\/uploads\/2018\/11\/bpj-militante.jpg","contentUrl":"https:\/\/bloquepopularjuvenil.org\/wp-content\/uploads\/2018\/11\/bpj-militante.jpg","width":4000,"height":1390,"caption":"Bloque Popular Juvenil"},"image":{"@id":"https:\/\/elcomunista.org\/#\/schema\/logo\/image\/"},"sameAs":["https:\/\/www.facebook.com\/Bloquepopularjuvenil","https:\/\/x.com\/ElBPJ","https:\/\/www.instagram.com\/elbloque_bpj\/?hl=es-la"]},{"@type":"Person","@id":"https:\/\/elcomunista.org\/#\/schema\/person\/d969cd35d0a7ebe415a282c37e6f6b8d","name":"Iv\u00e1n Castro","image":{"@type":"ImageObject","inLanguage":"es","@id":"https:\/\/elcomunista.org\/#\/schema\/person\/image\/","url":"https:\/\/secure.gravatar.com\/avatar\/f41b41e67177fdfed1326b3a5e4c449e?s=96&d=mm&r=g","contentUrl":"https:\/\/secure.gravatar.com\/avatar\/f41b41e67177fdfed1326b3a5e4c449e?s=96&d=mm&r=g","caption":"Iv\u00e1n Castro"},"url":"https:\/\/elcomunista.org\/?author=58"}]}},"jetpack_featured_media_url":"https:\/\/elcomunista.org\/wp-content\/uploads\/2020\/06\/economia.jpg","jetpack_likes_enabled":true,"jetpack_sharing_enabled":true,"_links":{"self":[{"href":"https:\/\/elcomunista.org\/index.php?rest_route=\/wp\/v2\/posts\/8800"}],"collection":[{"href":"https:\/\/elcomunista.org\/index.php?rest_route=\/wp\/v2\/posts"}],"about":[{"href":"https:\/\/elcomunista.org\/index.php?rest_route=\/wp\/v2\/types\/post"}],"author":[{"embeddable":true,"href":"https:\/\/elcomunista.org\/index.php?rest_route=\/wp\/v2\/users\/58"}],"replies":[{"embeddable":true,"href":"https:\/\/elcomunista.org\/index.php?rest_route=%2Fwp%2Fv2%2Fcomments&post=8800"}],"version-history":[{"count":0,"href":"https:\/\/elcomunista.org\/index.php?rest_route=\/wp\/v2\/posts\/8800\/revisions"}],"wp:featuredmedia":[{"embeddable":true,"href":"https:\/\/elcomunista.org\/index.php?rest_route=\/wp\/v2\/media\/8801"}],"wp:attachment":[{"href":"https:\/\/elcomunista.org\/index.php?rest_route=%2Fwp%2Fv2%2Fmedia&parent=8800"}],"wp:term":[{"taxonomy":"category","embeddable":true,"href":"https:\/\/elcomunista.org\/index.php?rest_route=%2Fwp%2Fv2%2Fcategories&post=8800"},{"taxonomy":"post_tag","embeddable":true,"href":"https:\/\/elcomunista.org\/index.php?rest_route=%2Fwp%2Fv2%2Ftags&post=8800"}],"curies":[{"name":"wp","href":"https:\/\/api.w.org\/{rel}","templated":true}]}}