{"id":9061,"date":"2020-07-31T16:23:29","date_gmt":"2020-07-31T22:23:29","guid":{"rendered":"http:\/\/bloquepopularjuvenil.org\/?p=9061"},"modified":"2020-07-31T16:23:33","modified_gmt":"2020-07-31T22:23:33","slug":"curso-para-corresponsales-obreros-2","status":"publish","type":"post","link":"https:\/\/elcomunista.org\/?p=9061","title":{"rendered":"Curso para corresponsales obreros"},"content":{"rendered":"<p align=\"justify\">El marxista de origen cubano asesinado en M\u00e9xico, Julio Antonio Mella, durante su periodo de militancia en el Partido Comunista Mexicano escribi\u00f3 un breve curso para corresponsales obreros que esperamos sea de gran utilidad a todos aquellos trabajadores que se inician en el arte de la escritura. El curso consta de diez breves art\u00edculos publicados en la columna: \u201cCorrespondencia del Taller y el Campo\u201d del peri\u00f3dico del PCM: El Machete. Apareci\u00f3 entre el n\u00famero 67 (3\u00aa semana de junio de 1927) y el n\u00famero 77 (27 de agosto de 1927). Estos art\u00edculos han sido tomados del libro: Julio Antonio Mella en El Machete de Raquel Tibol. Esperamos anime a los trabajadores a escribir y a enviarnos sus art\u00edculos para publicarlas en las paginas de Militante BPJ.<\/p>\n<p align=\"justify\"><b>I. \u00a1\u00a1Un paso m\u00e1s!<\/b><\/p>\n<p align=\"justify\">Podemos decir sin jactancia alguna que El Machete es el peri\u00f3dico proletario de M\u00e9xico que m\u00e1s corresponsales tiene. La gran campa\u00f1a iniciada desde hace meses ha dado sus resultados. Pero ahora hay algo m\u00e1s que hacer. Los corresponsales de nuestro semanario van a tomar un curso libre a trav\u00e9s de estas columnas, para perfeccionarse. Vamos a convertir a cada camarada en un corresponsal que no tenga nada que envidiar a los corresponsales de la prensa diaria burguesa. Todos los secretos del periodismo, todas las recomendaciones, toda la experiencia de los corresponsales de otros diarios del mundo, van a desfilar por estas columnas para el perfeccionamiento de los compa\u00f1eros que lo escriben.<\/p>\n<p align=\"justify\">La conquista de los corresponsales obreros y campesinos ha sido una s\u00f3lida viga de hierro en el edificio de la revoluci\u00f3n social que estamos construyendo por medio de nuestras columnas y del Partido Comunista. Ahora, el perfeccionamiento de estos corresponsales, su educaci\u00f3n y preparaci\u00f3n como periodistas ser\u00e1, para continuar con el s\u00edmil anterior, una magn\u00edfica y \u00fatil decoraci\u00f3n a este mismo edificio.<\/p>\n<p align=\"justify\">\u00a1Un paso m\u00e1s!, compa\u00f1eros, un paso m\u00e1s hacia la conquista de nuestro ideal: la Republica Socialista de Obreros y Campesinos de M\u00e9xico.<\/p>\n<p align=\"justify\">As\u00ed, paso a paso, llegaremos.<\/p>\n<p align=\"justify\"><b>El Machete, N\u00fam. 67, 3\u00aa semana de junio de 1927<\/b><\/p>\n<p align=\"justify\">I<b>I. Brevedad y concisi\u00f3n: dos virtudes fundamentales del periodista<\/b><\/p>\n<p align=\"justify\">\u00bfQu\u00e9 significa ser breve y conciso? No decir una palabra m\u00e1s ni menos e lo que es necesario y expresar cada idea con el m\u00ednimo de palabras.<\/p>\n<p align=\"justify\">La brevedad es una virtud fundamental porque el peri\u00f3dico de los proletarios lo forman unas cuantas hojas que deben recoger todas las palpitaciones de la vida mundial que tengan inter\u00e9s para la clase trabajadora. Si usted no es breve roba espacio, impide que se puedan poner otras notas tan interesantes o m\u00e1s que la suya. No ser conciso, es decir, escribir m\u00e1s de lo necesario, constituye tambi\u00e9n una grave falta en un periodista. El peri\u00f3dico semanal o diario es una conquista de la vida moderna. Y, en esta \u00e9poca de grandes industrias, de vuelos trasatl\u00e1nticos en menos de 40 horas, todo el que vive de veras, vive algo r\u00e1pidamente. Por lo tanto, si usted, querido corresponsal, escribe algo m\u00e1s de lo necesario, no va a conseguir que su trabajo sea le\u00eddo por todos, lo que debe ser aspiraci\u00f3n de un buen periodista.<\/p>\n<p align=\"justify\"><b>El Machete, N\u00fam. 68. 25 de junio de 1927<\/b><\/p>\n<p align=\"justify\"><b>III. La unidad<\/b><\/p>\n<p align=\"justify\">\u00bfC\u00f3mo ser breve y conciso, sin dejar de expresar lo necesario? Vamos a intentar decir de qu\u00e9 manera. Cada art\u00edculo, informaci\u00f3n o cr\u00f3nica debe tener una sola idea central.<\/p>\n<p align=\"justify\">Esta idea central debe guiar al escritor durante todo el desarrollo del trabajo. Debe cuidar que nuevas ideas \u2014\u00bbideas parasitas\u00bb\u2014 no vengan a su mente y sean como hongos u otras plantas alrededor de un grueso tronco. As\u00ed se tendr\u00e1 ganada la concisi\u00f3n. Nada, fuera de lo necesario para explicar la idea central, ocupar\u00e1 lugar. Es \u00fatil recomendar que los art\u00edculos se escriban dos veces siempre. Primero, un borrador. Una vez terminado este, debe corregirse bajo los siguientes aspectos: de acuerdo con lo expuesto, para ver si es breve y conciso, todo lo superfluo debe quitarse. Una segunda revisi\u00f3n, de lo que reste, ser\u00e1 para aclarar bien los t\u00e9rminos y palabras; se ver\u00e1, antes que nada, si cada palabra indica lo que el escritor tenia en mente. Una buena manera de hacer este trabajo de an\u00e1lisis es \u00abolvidar\u00bb lo escrito y ponerse en la disposici\u00f3n de un lector que va a conocer lo que hemos escrito. De esta manera se podr\u00e1 dar cuanta todo corresponsal el efecto que va a causar en sus lectores lo escrito.<\/p>\n<p align=\"justify\"><b>El Machete N\u00famero 68, 25 de junio de 1927. <\/b><\/p>\n<p align=\"justify\"><b>IV. C\u00f3mo expresar ideas<\/b><\/p>\n<p align=\"justify\">Despu\u00e9s de la brevedad y la concisi\u00f3n, nada m\u00e1s interesante para el periodista que la forma de expresar ideas. Esto podr\u00e1 parecer una simpleza; pero no todos saben expresar con propiedad las ideas, y muchos se creen incapacitados. \u00bfQu\u00e9 es una idea? No vamos a contestar repitiendo la definici\u00f3n de un tratado de psicolog\u00eda. Esta es una secci\u00f3n popular. Una idea es para todos los compa\u00f1eros la representaci\u00f3n, la imagen de una cosa de la realidad que se la representan en su cerebro y desean expresarla por la palabra escrita o hablada. Tambi\u00e9n pueden venir comentarios, deducciones, de acuerdo con sus conocimientos y experiencias anteriores, y que llamar\u00edamos, no con mucha exactitud, ideas originales, porque las \u201cproduce\u201d su cerebro. Las primeras ser\u00edan reales porque representan la realidad.<\/p>\n<p align=\"justify\">Pues bien, no hay un ser humano que no tenga ideas y no las sepa expresar de alg\u00fan modo. Algunos afirman que hasta los animales tienen ideas y las expresan, como el perro que ladra ante un extra\u00f1o. Todo el mundo est\u00e1 constantemente transmitiendo ideas a sus amigos en las conversaciones. Nadie puede, por lo tanto, declararse incapacitado para \u201cexpresar sus ideas\u201d en el peri\u00f3dico.<\/p>\n<p align=\"justify\">Es necesario, despu\u00e9s de lo dicho, se\u00f1alar algunas conclusiones:<\/p>\n<ol>\n<li>Todo mudo puede expresar ideas con solo fijar bien en su mente lo que ha visto: la acci\u00f3n del patr\u00f3n o del capataz, el atropello de los guardias blancos de los federales.<\/li>\n<li>Debe ser expresada esta idea con la misma naturalidad y espontaneidad con que se habla a un amigo o se cuenta cualquier suceso familiar.<\/li>\n<li>Debe huirse de todo lo artificial, es decir, de palabras huecas, \u201cliterarias\u201d, \u201ccursis\u201d, p\u00e1rrafos in\u00fatiles, que no son comentarios naturales, ideas originales, sino \u201cfrases hechas\u201d que se han quedado en nuestra cabeza, producto de las lecturas de libros de otros autores. Esto es muy com\u00fan, a veces sin darse cuenta el mismo escritor.<\/li>\n<\/ol>\n<p align=\"justify\">Los camaradas deben ensayar y escribir para El Machete, que es el peri\u00f3dico para la defensa de sus intereses. Si algo no est\u00e1 bien, aqu\u00ed se arreglar\u00e1. Nadie naci\u00f3 sabiendo, y un obrero ni despu\u00e9s de nacer puede aprender, como no sea con la pr\u00e1ctica.<\/p>\n<p align=\"justify\"><b>El Machete, N\u00fam. 69, 2 de julio de 1927 <\/b><\/p>\n<p align=\"justify\"><b>V. La Estructura de los art\u00edculos<\/b><\/p>\n<p align=\"justify\">Una vez conocido todo lo expuesto en esta secci\u00f3n en los n\u00fameros pasados, nada m\u00e1s importante quela escritura de los art\u00edculos. Sabemos ya c\u00f3mo fundir el bronce, necesitamos ahora saber c\u00f3mo hacer el molde. Para esto, como para las cosas anteriores, no puede haber una regla infalible, de hierro. Pero si son \u00fatiles las sugestiones. Como tales se dan estas reglas:<\/p>\n<p align=\"justify\">Un art\u00edculo informativo como los que escriben los corresponsales, debe tener un t\u00edtulo que re\u00fana estas condiciones: ha de expresar claro lo que es la parte fundamental, y expresarlo de una manera sugestiva, llamativa.<\/p>\n<p align=\"justify\">Debe entrarse inmediatamente a la materia, diciendo lo ocurrido, el lugar, la fecha \u2013si es importante\u2013, etc. Hay, que huir de hacer un \u201cpr\u00f3logo\u201d\u00a0 para cada art\u00edculo. Este \u201cpr\u00f3logo\u201d no debe ser ni literario ni filos\u00f3fico, es decir, a los lectores no les interesa, por ejemplo, c\u00f3mo \u201cestaba el Sol\u201d, c\u00f3mo estaba \u201csu alma\u201d o \u201csu coraz\u00f3n\u201d. Tampoco interesa a los lectores que se les haga para cada informaci\u00f3n una s\u00edntesis de las doctrinas que el escritor sustenta.<\/p>\n<p align=\"justify\">Despu\u00e9s de esta parte, que llamar\u00edamos la exposici\u00f3n de los hechos, debe venir el juicio propio del corresponsal sobre el asunto. Aqu\u00ed tampoco es el lugar de lanzar maldiciones o lamentaciones. El juicio propio debe consistir en relacionar el asunto tratado \u2013pero con datos exactos, no condivagaciones\u2013 con la pol\u00edtica general de lugar, con los intereses y la pol\u00edtica de los que mandan all\u00ed: el gobernador, el due\u00f1o de la f\u00e1brica, el cacique, el militar, etc.<\/p>\n<p align=\"justify\">Un hecho no sucede aisladamente. Tiene siempre relaci\u00f3n, si es contrario a los intereses de los trabajadores, con la organizaci\u00f3n social, pol\u00edtica y econ\u00f3mica en general. Ense\u00f1ar esos hilos entre toda la tela de ara\u00f1a que nos cubre en la sociedad capitalista, es hacer labor de gran convencimiento revolucionario.<\/p>\n<p align=\"justify\">Finalmente, alguna sugesti\u00f3n pr\u00e1ctica debe ser dada, seg\u00fan el pensar el corresponsal, para remediar la situaci\u00f3n o luchar contra ella. Con esto basta. As\u00ed habr\u00e1 lugar para todos los corresponsales.<\/p>\n<p align=\"justify\"><b>El Machete, Num. 70, 9 de Julio de 1927<\/b><\/p>\n<p align=\"justify\"><b>VI. El Peri\u00f3dico de y para todos<\/b><\/p>\n<p align=\"justify\">Nuestra primera tarea inmediata, aquella en que debemos concentrar todas nuestras actividades, es la solidificaci\u00f3n del \u00f3rgano nacional del partido. Para Lenin, en los comienzos del movimiento bolchevique ruso, la organizaci\u00f3n de un \u201cperi\u00f3dico nacional\u201d era el primer paso. Hoy en M\u00e9xico, como en la Rusia de 1901, padecemos de dispersi\u00f3n. \u201cLa mayor\u00eda de los socialdem\u00f3cratas (el partido de donde salieron los bolcheviques) est\u00e1n sumergidos en la obra localista, lo cual estrecha sus puntos de vista, limita sus actividades y da\u00f1a sus habilidades\u201d.La situaci\u00f3n fraccionada de M\u00e9xico, la pol\u00edtica particular de los Estados favorece el fraccionamiento y dispersi\u00f3n del trabajo del partido. Un peri\u00f3dico nacional de intensa circulaci\u00f3n ser\u00e1 el que luche y hasta contribuya poderosamente a la unificaci\u00f3n y nacionalizaci\u00f3n (en el sentido unitario), del movimiento obrero y campesino de M\u00e9xico.<\/p>\n<p align=\"justify\">Hay que cambiar la educaci\u00f3n personal que los miembros del partido pueden hacerse con sus libros, lo mismo que la agitaci\u00f3n y propaganda en los peque\u00f1os c\u00edrculos, por la educaci\u00f3n y la propaganda en los peque\u00f1os c\u00edrculos, por la educaci\u00f3n y la propaganda a escala nacional por medio del peri\u00f3dico nacional. Esta labor no es solamente del Comit\u00e9 Ejecutivo y de la redacci\u00f3n del \u00f3rgano oficial del partido, sino que ha de ser tambi\u00e9n obra de las locales del partido, de las c\u00e9lulas en las f\u00e1bricas, de los simpatizantes en general. Todos deben enviar noticias de los sucesos y su opini\u00f3n sobre los asuntos locales y nacionales. Por medio del peri\u00f3dico nacional vamos a interesar a todas las secciones revolucionarias del pa\u00eds para pensar con el verdadero criterio socialista.<\/p>\n<p align=\"justify\">Los agentes y corresponsales son la base del trabajo. Pero ellos tienen que trabajar en contacto con las locales del partido. Agentes, corresponsales y locales son los que permitir\u00e1n hacer el peri\u00f3dico nacional y efectivo. Es de esperar que esta labor se coordine por los distintos camaradas. Claro es que no se intenta que el peri\u00f3dico trate solamente las cuestiones puramente nacionales.<\/p>\n<p align=\"justify\">Por el contrario, gran parte de la vida del mismo ha de venir de la exposici\u00f3n de la situaci\u00f3n local, estatal; pero nunca podr\u00e1 olvidarse que el r\u00e9gimen que nos oprime no es ya nacional, siquiera, sino internacional.<\/p>\n<p align=\"justify\">Solamente estando escrito por todos y expresando el sentir de toda la masa, en sus varias manifestaciones, el peri\u00f3dico ser\u00e1 \u00fatil. Vendr\u00e1 a ser un inmenso fuelle soplando en todos los lugares donde exista el descontento de una lucha de clases, para encender la hoguera general.<\/p>\n<p align=\"justify\"><b>El Machete, N\u00fam. 71, 23 de julio de 1927<\/b><\/p>\n<p align=\"justify\"><b>VII. El peri\u00f3dico pol\u00edtico nacional<\/b><\/p>\n<p align=\"justify\">Antes que nada, demos una interpretaci\u00f3n popular y clara de o que es pol\u00edtica. Todo acto o declaraci\u00f3n que se haga sobre el r\u00e9gimen social actual es un acto pol\u00edtico porque se relaciona con el Estado, la instituci\u00f3n pol\u00edtica por excelencia. Se dice, por ejemplo, que una huelga es pol\u00edtica cuando no se limita a un movimiento econ\u00f3mico, a hacer demandas puramente econ\u00f3micas, sino que demanda cambios en la organizaci\u00f3n pol\u00edtica capitalista o choca con esta. Como se ve, el concepto comunista de pol\u00edtica no tiene nada que ver con lo que se entiende casi siempre por pol\u00edtica: caudillaje, asalto a los puestos p\u00fablicos, sucias maniobras electorales.<\/p>\n<p align=\"justify\">Un \u00f3rgano nacional pol\u00edtico no ser\u00e1, como podr\u00eda decir cualquier ignorante o mal intencionado, un \u00f3rgano para apoderarse de los puestos p\u00fablicos y para beneficiar a los \u201c\u00e1guilas\u201d. No. Ese \u00f3rgano ser\u00e1 el peri\u00f3dico pol\u00edtico de los comunistas y de todos los simpatizantes. Por las campa\u00f1as de El Machete ya hemos levantado el entusiasmo para el ataque en el terreno econ\u00f3mico. Los obreros dicen todo lo que les pasa en la f\u00e1brica y en el sindicato; los campesinos cuentan lo que ocurre en sus rancher\u00edas o comunidades. Pero ahora es necesario dar un paso m\u00e1s: es necesario que cada trabajador sepa dirigir sus cr\u00edticas hacia el Estado capitalista. Eso es la lucha pol\u00edtica. Un \u00f3rgano para esta lucha queremos hacer de El Machete cuando decimos que sea el \u00f3rgano pol\u00edtico nacional de los obreros y campesinos.<\/p>\n<p align=\"justify\">Queremos que en \u00e9l se denuncien, al mismo tiempo que otras cuestiones, las injusticias, fallas y abusos de la estructura pol\u00edtica del pa\u00eds, que es el Estado capitalista, y se propongan cosas mejores.<\/p>\n<p align=\"justify\">Solamente acusando al Estado capitalista, luchando por convertirlo en un Estado proletario, levantando la capacidad de la clase obrera para que adquiera conciencia de sus derechos y del valor de su fuerza.<\/p>\n<p align=\"justify\"><b>El Machete, N\u00fam. 72, 23 de julio de 1927<\/b><\/p>\n<p align=\"justify\"><b>VIII. El peri\u00f3dico como organizador colectivo<\/b><\/p>\n<p align=\"justify\">Un peri\u00f3dico, \u00f3rgano oficial de un partido de clase, tiene una funci\u00f3n important\u00edsima, adem\u00e1s de la de propaganda en todas sus formas y de la creaci\u00f3n de la unidad de pensamiento en el partido. El peri\u00f3dico debe ser el mejor organizador colectivo. El partido debe ense\u00f1ar a resolver los problemas de cada d\u00eda desde las columnas de El Machete. Los problemas de organizaci\u00f3n de cada una de las entidades el partido deben encontrar una soluci\u00f3n. C\u00f3mo se organiza una c\u00e9lula de barrio, de taller o de campo. C\u00f3mo debe funcionar.<\/p>\n<p align=\"justify\">Cu\u00e1les son sus fines revolucionarios. Cu\u00e1l es el trabajo pol\u00edtico, sindical y de propaganda de las locales. C\u00f3mo se reparte la propaganda. Todos estos temas es necesario tratarlos \u2013se tratar\u00e1n uno a uno\u2212 para hacer del peri\u00f3dico lo que debe ser: un organizador colectivo.<\/p>\n<p align=\"justify\">Pero la ense\u00f1anza no puede venir de la simple exposici\u00f3n te\u00f3rica de la doctrina y de los principios de organizaci\u00f3n. Para que el peri\u00f3dico de resultado como organizador, es necesario que todos expongan sus experiencias, lo mismo cuando fracasan que cuando triunfan. Nosotros no somos burgueses hip\u00f3critas para ocultar nuestros fracasos e ineptitudes. El an\u00e1lisis de un fracaso puede impedir otros fracasos, y un triunfo prepara el terreno para los triunfos de los dem\u00e1s compa\u00f1eros.<\/p>\n<p align=\"justify\">Desde el pr\u00f3ximo n\u00famero existir\u00e1 una secci\u00f3n especial de organizaci\u00f3n en El Machete para discutir los problemas de organizaci\u00f3n del partido. En esa secci\u00f3n se expondr\u00e1 te\u00f3ricamente la organizaci\u00f3n, y despu\u00e9s se discutir\u00e1n los ensayos, hasta darle al partido la estructura f\u00e9rrea que necesita un Partido Comunista.<\/p>\n<p align=\"justify\">El primer tema que se discutir\u00e1 en varios n\u00fameros hasta su realizaci\u00f3n completa es la organizaci\u00f3n de las c\u00e9lulas.<\/p>\n<p align=\"justify\"><b>El Machete, N\u00fam. 73, 30 de julio de 1927 <\/b><\/p>\n<p align=\"justify\"><b>IX. Temas de organizaci\u00f3n: Campa\u00f1a de reclutamiento<\/b><\/p>\n<p align=\"justify\">Para que la organizaci\u00f3n de las c\u00e9lulas, la base org\u00e1nica del partido, pueda ser efectiva, hay que ampliar m\u00e1s las filas de las locales.<\/p>\n<p align=\"justify\">Es innegable que se han hecho muchos progresos en lo que respecta a la entrada de nuevos miembros. En esta campa\u00f1a la local de M\u00e9xico va a la cabeza. Pero mientras todos los que deben estar en el partido no lo est\u00e9n, no ser\u00e1 posible darles una organizaci\u00f3n s\u00f3lida que ponga las bases del partido de masas que queremos.<\/p>\n<p align=\"justify\">Antes de la campa\u00f1a por la organizaci\u00f3n celular hay que hacer una campa\u00f1a de todas las locales a un tiempo para el ingreso de nuevos miembros. Lo primero que debemos tener en cuenta es el gran n\u00famero de simpatizantes que tiene el partido. Gran parte de ellos puede convertirse en miembros activos si se les sabe atraer. El Machete est\u00e1 imprimiendo y distribuyendo estrat\u00e9gicamente 7,000 mil ejemplares. Esto indica m\u00e1s del doble de lectores, si se tiene en cuenta que en las f\u00e1bricas y rancher\u00edas cada ejemplar es le\u00eddo por muchos compa\u00f1eros.<\/p>\n<p align=\"justify\">Desde estas p\u00e1ginas haremos una campa\u00f1a nacional para el reclutamiento de nuevos miembros. Todos los simpatizadores que asiduamente leen el \u00f3rgano del partido; todos los compa\u00f1eros que ayudan en los trabajos sindicales a los miembros del partido; todos los corresponsales y agentes que han demostrado su amor a la causa comunista sin formar parte del partido; todos los socialistas y revolucionarios honrados que no\u00a0 encuentran ambiente en los partidos \u201cmoderados\u201d tienen su puesto en el Partido Comunista. Todos los luchadores sindicales que quieren y no saben c\u00f3mo destruir al capitalismo deben venir al Partido Comunista para emprender la verdadera ruta.<\/p>\n<p align=\"justify\"><b>El Machete, N\u00fam. 76, 20 de agosto de 1927 <\/b><\/p>\n<p align=\"justify\"><b>X. Agitaci\u00f3n y propaganda*<\/b><\/p>\n<p align=\"justify\">Para la captaci\u00f3n de nuevos miembros, nada m\u00e1s importante que la propaganda met\u00f3dica, especializada y pr\u00e1ctica. Ya dijimos la importancia que tiene El Machete en esa propaganda. Pero \u00e9l solo no basta. El \u00f3rgano del partido es de agitaci\u00f3n y de educaci\u00f3n, mediante la divulgaci\u00f3n de los problemas nacionales e internacionales. El exceso de noticias impide que se desarrolle una amplia campa\u00f1a educacional y de convencimiento. As\u00ed, pues, la propaga de nuestro semanario debe ser acompa\u00f1ada con la distribuci\u00f3n de literatura comunista: libros, folletos y manifiestos especiales.<\/p>\n<p align=\"justify\">Cada miembro del partido debe ser un propagandista diario y eficaz. No basta solo con comprar y repartir el \u00f3rgano del partido. Es necesario hacer tambi\u00e9n la distribuci\u00f3n de folletos y libros. Claro esta que estos no pueden darse gratis. Pero es un deber de cada miembro venderlos. Publicaremos en el pr\u00f3ximo n\u00famero una lista de las obras que tenemos para dar a la venta. Las locales deben hacer que sus secretarios de Propaganda se impongan como misi\u00f3n principal, en este momento de la vida del partido, la difusi\u00f3n de los libros y folletos. En cada junta el secretario responsable debe exhortar a los miembros para que lleven libros y los vendan. El comunista que no lleva un poco de convencimiento a alguien en los d\u00edas que pasan entre junta es un comunista in\u00fatil, una r\u00e9mora.<\/p>\n<p align=\"justify\">La otra parte importante de la propaganda es la impresi\u00f3n de hojas sobre problemas locales y de lucha inmediata para n\u00facleos especiales de trabajadores. Esto se tratar\u00e1 en el pr\u00f3ximo n\u00famero. Pero es necesario que cada miembro del partido comience, como tarea inmediata, la difusi\u00f3n de la literatura, repartiendo el folleto que acaba de imprimir el partido sobre La situaci\u00f3n actual, que es reflejo de la opini\u00f3n del Comit\u00e9 Central. Los 10,000 folletos impresos deben traer muchos miembros a nuestras filas. H\u00e1ganse los pedidos a la Administraci\u00f3n.<\/p>\n<p align=\"justify\"><b>El Machete, N\u00fam. 77, 27 de agosto de 1927<\/b><\/p>\n<p align=\"justify\">*Aun cuando Mella promete seguir publicando su cursillo para corresponsales obreros, en realidad esta decima parte fue la ultima entrega.<\/p>","protected":false},"excerpt":{"rendered":"<p>El marxista de origen cubano asesinado en M\u00e9xico, Julio Antonio Mella, durante su periodo de militancia en el Partido Comunista Mexicano escribi\u00f3 un breve curso para corresponsales obreros que esperamos sea de gran utilidad a todos aquellos trabajadores que se inician en el arte de la escritura. El curso consta de diez breves art\u00edculos publicados&#8230;<\/p>\n","protected":false},"author":62,"featured_media":9059,"comment_status":"open","ping_status":"open","sticky":false,"template":"","format":"standard","meta":{"_monsterinsights_skip_tracking":false,"_monsterinsights_sitenote_active":false,"_monsterinsights_sitenote_note":"","_monsterinsights_sitenote_category":0,"_uf_show_specific_survey":0,"_uf_disable_surveys":false,"_jetpack_memberships_contains_paid_content":false,"footnotes":""},"categories":[984,537],"tags":[1224,1018],"class_list":["post-9061","post","type-post","status-publish","format-standard","has-post-thumbnail","hentry","category-internacional-comunista-revolucionaria","category-principales","tag-el-machete","tag-julio-antonio-mella"],"aioseo_notices":[],"yoast_head":"<!-- This site is optimized with the Yoast SEO plugin v25.6 - https:\/\/yoast.com\/wordpress\/plugins\/seo\/ -->\n<title>Curso para corresponsales obreros<\/title>\n<meta name=\"robots\" content=\"index, follow, max-snippet:-1, max-image-preview:large, max-video-preview:-1\" \/>\n<link rel=\"canonical\" href=\"https:\/\/elcomunista.org\/?p=9061\" \/>\n<meta property=\"og:locale\" content=\"es_ES\" \/>\n<meta property=\"og:type\" content=\"article\" \/>\n<meta property=\"og:title\" content=\"Curso para corresponsales obreros\" \/>\n<meta property=\"og:description\" content=\"El marxista de origen cubano asesinado en M\u00e9xico, Julio Antonio Mella, durante su periodo de militancia en el Partido Comunista Mexicano escribi\u00f3 un breve curso para corresponsales obreros que esperamos sea de gran utilidad a todos aquellos trabajadores que se inician en el arte de la escritura. El curso consta de diez breves art\u00edculos publicados...\" \/>\n<meta property=\"og:url\" content=\"https:\/\/elcomunista.org\/?p=9061\" \/>\n<meta property=\"og:site_name\" content=\"Revoluci\u00f3n Comunista\" \/>\n<meta property=\"article:publisher\" content=\"https:\/\/www.facebook.com\/Bloquepopularjuvenil\" \/>\n<meta property=\"article:published_time\" content=\"2020-07-31T22:23:29+00:00\" \/>\n<meta property=\"article:modified_time\" content=\"2020-07-31T22:23:33+00:00\" \/>\n<meta property=\"og:image\" content=\"https:\/\/elcomunista.org\/wp-content\/uploads\/2010\/05\/Dise\u00f1o-sin-t\u00edtulo1.png\" \/>\n\t<meta property=\"og:image:width\" content=\"600\" \/>\n\t<meta property=\"og:image:height\" content=\"200\" \/>\n\t<meta property=\"og:image:type\" content=\"image\/png\" \/>\n<meta name=\"author\" content=\"Internacional Comunista Revolucionaria\" \/>\n<meta name=\"twitter:card\" content=\"summary_large_image\" \/>\n<meta name=\"twitter:creator\" content=\"@ElBPJ\" \/>\n<meta name=\"twitter:site\" content=\"@ElBPJ\" \/>\n<meta name=\"twitter:label1\" content=\"Escrito por\" \/>\n\t<meta name=\"twitter:data1\" content=\"Internacional Comunista Revolucionaria\" \/>\n\t<meta name=\"twitter:label2\" content=\"Tiempo de lectura\" \/>\n\t<meta name=\"twitter:data2\" content=\"17 minutos\" \/>\n<script type=\"application\/ld+json\" class=\"yoast-schema-graph\">{\"@context\":\"https:\/\/schema.org\",\"@graph\":[{\"@type\":\"Article\",\"@id\":\"https:\/\/elcomunista.org\/?p=9061#article\",\"isPartOf\":{\"@id\":\"https:\/\/elcomunista.org\/?p=9061\"},\"author\":{\"name\":\"Internacional Comunista Revolucionaria\",\"@id\":\"https:\/\/elcomunista.org\/#\/schema\/person\/f263a81caf9b6558c019b2d6b83e55be\"},\"headline\":\"Curso para corresponsales obreros\",\"datePublished\":\"2020-07-31T22:23:29+00:00\",\"dateModified\":\"2020-07-31T22:23:33+00:00\",\"mainEntityOfPage\":{\"@id\":\"https:\/\/elcomunista.org\/?p=9061\"},\"wordCount\":3381,\"commentCount\":0,\"publisher\":{\"@id\":\"https:\/\/elcomunista.org\/#organization\"},\"image\":{\"@id\":\"https:\/\/elcomunista.org\/?p=9061#primaryimage\"},\"thumbnailUrl\":\"https:\/\/elcomunista.org\/wp-content\/uploads\/2010\/05\/Dise\u00f1o-sin-t\u00edtulo1.png\",\"keywords\":[\"El machete\",\"Julio Antonio Mella\"],\"articleSection\":[\"Internacional Comunista Revolucionaria\",\"Principales\"],\"inLanguage\":\"es\",\"potentialAction\":[{\"@type\":\"CommentAction\",\"name\":\"Comment\",\"target\":[\"https:\/\/elcomunista.org\/?p=9061#respond\"]}]},{\"@type\":\"WebPage\",\"@id\":\"https:\/\/elcomunista.org\/?p=9061\",\"url\":\"https:\/\/elcomunista.org\/?p=9061\",\"name\":\"Curso para corresponsales obreros\",\"isPartOf\":{\"@id\":\"https:\/\/elcomunista.org\/#website\"},\"primaryImageOfPage\":{\"@id\":\"https:\/\/elcomunista.org\/?p=9061#primaryimage\"},\"image\":{\"@id\":\"https:\/\/elcomunista.org\/?p=9061#primaryimage\"},\"thumbnailUrl\":\"https:\/\/elcomunista.org\/wp-content\/uploads\/2010\/05\/Dise\u00f1o-sin-t\u00edtulo1.png\",\"datePublished\":\"2020-07-31T22:23:29+00:00\",\"dateModified\":\"2020-07-31T22:23:33+00:00\",\"breadcrumb\":{\"@id\":\"https:\/\/elcomunista.org\/?p=9061#breadcrumb\"},\"inLanguage\":\"es\",\"potentialAction\":[{\"@type\":\"ReadAction\",\"target\":[\"https:\/\/elcomunista.org\/?p=9061\"]}]},{\"@type\":\"ImageObject\",\"inLanguage\":\"es\",\"@id\":\"https:\/\/elcomunista.org\/?p=9061#primaryimage\",\"url\":\"https:\/\/elcomunista.org\/wp-content\/uploads\/2010\/05\/Dise\u00f1o-sin-t\u00edtulo1.png\",\"contentUrl\":\"https:\/\/elcomunista.org\/wp-content\/uploads\/2010\/05\/Dise\u00f1o-sin-t\u00edtulo1.png\",\"width\":600,\"height\":200},{\"@type\":\"BreadcrumbList\",\"@id\":\"https:\/\/elcomunista.org\/?p=9061#breadcrumb\",\"itemListElement\":[{\"@type\":\"ListItem\",\"position\":1,\"name\":\"Portada\",\"item\":\"https:\/\/elcomunista.org\/\"},{\"@type\":\"ListItem\",\"position\":2,\"name\":\"Curso para corresponsales obreros\"}]},{\"@type\":\"WebSite\",\"@id\":\"https:\/\/elcomunista.org\/#website\",\"url\":\"https:\/\/elcomunista.org\/\",\"name\":\"Revoluci\u00f3n Comunista\",\"description\":\"Internacional Comunista Revolucionaria\",\"publisher\":{\"@id\":\"https:\/\/elcomunista.org\/#organization\"},\"potentialAction\":[{\"@type\":\"SearchAction\",\"target\":{\"@type\":\"EntryPoint\",\"urlTemplate\":\"https:\/\/elcomunista.org\/?s={search_term_string}\"},\"query-input\":{\"@type\":\"PropertyValueSpecification\",\"valueRequired\":true,\"valueName\":\"search_term_string\"}}],\"inLanguage\":\"es\"},{\"@type\":\"Organization\",\"@id\":\"https:\/\/elcomunista.org\/#organization\",\"name\":\"Bloque Popular Juvenil\",\"url\":\"https:\/\/elcomunista.org\/\",\"logo\":{\"@type\":\"ImageObject\",\"inLanguage\":\"es\",\"@id\":\"https:\/\/elcomunista.org\/#\/schema\/logo\/image\/\",\"url\":\"https:\/\/bloquepopularjuvenil.org\/wp-content\/uploads\/2018\/11\/bpj-militante.jpg\",\"contentUrl\":\"https:\/\/bloquepopularjuvenil.org\/wp-content\/uploads\/2018\/11\/bpj-militante.jpg\",\"width\":4000,\"height\":1390,\"caption\":\"Bloque Popular Juvenil\"},\"image\":{\"@id\":\"https:\/\/elcomunista.org\/#\/schema\/logo\/image\/\"},\"sameAs\":[\"https:\/\/www.facebook.com\/Bloquepopularjuvenil\",\"https:\/\/x.com\/ElBPJ\",\"https:\/\/www.instagram.com\/elbloque_bpj\/?hl=es-la\"]},{\"@type\":\"Person\",\"@id\":\"https:\/\/elcomunista.org\/#\/schema\/person\/f263a81caf9b6558c019b2d6b83e55be\",\"name\":\"Internacional Comunista Revolucionaria\",\"image\":{\"@type\":\"ImageObject\",\"inLanguage\":\"es\",\"@id\":\"https:\/\/elcomunista.org\/#\/schema\/person\/image\/\",\"url\":\"https:\/\/secure.gravatar.com\/avatar\/007ae9c82193c93b7cbb3bbda1ed8c15?s=96&d=mm&r=g\",\"contentUrl\":\"https:\/\/secure.gravatar.com\/avatar\/007ae9c82193c93b7cbb3bbda1ed8c15?s=96&d=mm&r=g\",\"caption\":\"Internacional Comunista Revolucionaria\"},\"url\":\"https:\/\/elcomunista.org\/?author=62\"}]}<\/script>\n<!-- \/ Yoast SEO plugin. -->","yoast_head_json":{"title":"Curso para corresponsales obreros","robots":{"index":"index","follow":"follow","max-snippet":"max-snippet:-1","max-image-preview":"max-image-preview:large","max-video-preview":"max-video-preview:-1"},"canonical":"https:\/\/elcomunista.org\/?p=9061","og_locale":"es_ES","og_type":"article","og_title":"Curso para corresponsales obreros","og_description":"El marxista de origen cubano asesinado en M\u00e9xico, Julio Antonio Mella, durante su periodo de militancia en el Partido Comunista Mexicano escribi\u00f3 un breve curso para corresponsales obreros que esperamos sea de gran utilidad a todos aquellos trabajadores que se inician en el arte de la escritura. El curso consta de diez breves art\u00edculos publicados...","og_url":"https:\/\/elcomunista.org\/?p=9061","og_site_name":"Revoluci\u00f3n Comunista","article_publisher":"https:\/\/www.facebook.com\/Bloquepopularjuvenil","article_published_time":"2020-07-31T22:23:29+00:00","article_modified_time":"2020-07-31T22:23:33+00:00","og_image":[{"width":600,"height":200,"url":"https:\/\/elcomunista.org\/wp-content\/uploads\/2010\/05\/Dise\u00f1o-sin-t\u00edtulo1.png","type":"image\/png"}],"author":"Internacional Comunista Revolucionaria","twitter_card":"summary_large_image","twitter_creator":"@ElBPJ","twitter_site":"@ElBPJ","twitter_misc":{"Escrito por":"Internacional Comunista Revolucionaria","Tiempo de lectura":"17 minutos"},"schema":{"@context":"https:\/\/schema.org","@graph":[{"@type":"Article","@id":"https:\/\/elcomunista.org\/?p=9061#article","isPartOf":{"@id":"https:\/\/elcomunista.org\/?p=9061"},"author":{"name":"Internacional Comunista Revolucionaria","@id":"https:\/\/elcomunista.org\/#\/schema\/person\/f263a81caf9b6558c019b2d6b83e55be"},"headline":"Curso para corresponsales obreros","datePublished":"2020-07-31T22:23:29+00:00","dateModified":"2020-07-31T22:23:33+00:00","mainEntityOfPage":{"@id":"https:\/\/elcomunista.org\/?p=9061"},"wordCount":3381,"commentCount":0,"publisher":{"@id":"https:\/\/elcomunista.org\/#organization"},"image":{"@id":"https:\/\/elcomunista.org\/?p=9061#primaryimage"},"thumbnailUrl":"https:\/\/elcomunista.org\/wp-content\/uploads\/2010\/05\/Dise\u00f1o-sin-t\u00edtulo1.png","keywords":["El machete","Julio Antonio Mella"],"articleSection":["Internacional Comunista Revolucionaria","Principales"],"inLanguage":"es","potentialAction":[{"@type":"CommentAction","name":"Comment","target":["https:\/\/elcomunista.org\/?p=9061#respond"]}]},{"@type":"WebPage","@id":"https:\/\/elcomunista.org\/?p=9061","url":"https:\/\/elcomunista.org\/?p=9061","name":"Curso para corresponsales obreros","isPartOf":{"@id":"https:\/\/elcomunista.org\/#website"},"primaryImageOfPage":{"@id":"https:\/\/elcomunista.org\/?p=9061#primaryimage"},"image":{"@id":"https:\/\/elcomunista.org\/?p=9061#primaryimage"},"thumbnailUrl":"https:\/\/elcomunista.org\/wp-content\/uploads\/2010\/05\/Dise\u00f1o-sin-t\u00edtulo1.png","datePublished":"2020-07-31T22:23:29+00:00","dateModified":"2020-07-31T22:23:33+00:00","breadcrumb":{"@id":"https:\/\/elcomunista.org\/?p=9061#breadcrumb"},"inLanguage":"es","potentialAction":[{"@type":"ReadAction","target":["https:\/\/elcomunista.org\/?p=9061"]}]},{"@type":"ImageObject","inLanguage":"es","@id":"https:\/\/elcomunista.org\/?p=9061#primaryimage","url":"https:\/\/elcomunista.org\/wp-content\/uploads\/2010\/05\/Dise\u00f1o-sin-t\u00edtulo1.png","contentUrl":"https:\/\/elcomunista.org\/wp-content\/uploads\/2010\/05\/Dise\u00f1o-sin-t\u00edtulo1.png","width":600,"height":200},{"@type":"BreadcrumbList","@id":"https:\/\/elcomunista.org\/?p=9061#breadcrumb","itemListElement":[{"@type":"ListItem","position":1,"name":"Portada","item":"https:\/\/elcomunista.org\/"},{"@type":"ListItem","position":2,"name":"Curso para corresponsales obreros"}]},{"@type":"WebSite","@id":"https:\/\/elcomunista.org\/#website","url":"https:\/\/elcomunista.org\/","name":"Revoluci\u00f3n Comunista","description":"Internacional Comunista Revolucionaria","publisher":{"@id":"https:\/\/elcomunista.org\/#organization"},"potentialAction":[{"@type":"SearchAction","target":{"@type":"EntryPoint","urlTemplate":"https:\/\/elcomunista.org\/?s={search_term_string}"},"query-input":{"@type":"PropertyValueSpecification","valueRequired":true,"valueName":"search_term_string"}}],"inLanguage":"es"},{"@type":"Organization","@id":"https:\/\/elcomunista.org\/#organization","name":"Bloque Popular Juvenil","url":"https:\/\/elcomunista.org\/","logo":{"@type":"ImageObject","inLanguage":"es","@id":"https:\/\/elcomunista.org\/#\/schema\/logo\/image\/","url":"https:\/\/bloquepopularjuvenil.org\/wp-content\/uploads\/2018\/11\/bpj-militante.jpg","contentUrl":"https:\/\/bloquepopularjuvenil.org\/wp-content\/uploads\/2018\/11\/bpj-militante.jpg","width":4000,"height":1390,"caption":"Bloque Popular Juvenil"},"image":{"@id":"https:\/\/elcomunista.org\/#\/schema\/logo\/image\/"},"sameAs":["https:\/\/www.facebook.com\/Bloquepopularjuvenil","https:\/\/x.com\/ElBPJ","https:\/\/www.instagram.com\/elbloque_bpj\/?hl=es-la"]},{"@type":"Person","@id":"https:\/\/elcomunista.org\/#\/schema\/person\/f263a81caf9b6558c019b2d6b83e55be","name":"Internacional Comunista Revolucionaria","image":{"@type":"ImageObject","inLanguage":"es","@id":"https:\/\/elcomunista.org\/#\/schema\/person\/image\/","url":"https:\/\/secure.gravatar.com\/avatar\/007ae9c82193c93b7cbb3bbda1ed8c15?s=96&d=mm&r=g","contentUrl":"https:\/\/secure.gravatar.com\/avatar\/007ae9c82193c93b7cbb3bbda1ed8c15?s=96&d=mm&r=g","caption":"Internacional Comunista Revolucionaria"},"url":"https:\/\/elcomunista.org\/?author=62"}]}},"jetpack_featured_media_url":"https:\/\/elcomunista.org\/wp-content\/uploads\/2010\/05\/Dise\u00f1o-sin-t\u00edtulo1.png","jetpack_likes_enabled":true,"jetpack_sharing_enabled":true,"_links":{"self":[{"href":"https:\/\/elcomunista.org\/index.php?rest_route=\/wp\/v2\/posts\/9061"}],"collection":[{"href":"https:\/\/elcomunista.org\/index.php?rest_route=\/wp\/v2\/posts"}],"about":[{"href":"https:\/\/elcomunista.org\/index.php?rest_route=\/wp\/v2\/types\/post"}],"author":[{"embeddable":true,"href":"https:\/\/elcomunista.org\/index.php?rest_route=\/wp\/v2\/users\/62"}],"replies":[{"embeddable":true,"href":"https:\/\/elcomunista.org\/index.php?rest_route=%2Fwp%2Fv2%2Fcomments&post=9061"}],"version-history":[{"count":0,"href":"https:\/\/elcomunista.org\/index.php?rest_route=\/wp\/v2\/posts\/9061\/revisions"}],"wp:featuredmedia":[{"embeddable":true,"href":"https:\/\/elcomunista.org\/index.php?rest_route=\/wp\/v2\/media\/9059"}],"wp:attachment":[{"href":"https:\/\/elcomunista.org\/index.php?rest_route=%2Fwp%2Fv2%2Fmedia&parent=9061"}],"wp:term":[{"taxonomy":"category","embeddable":true,"href":"https:\/\/elcomunista.org\/index.php?rest_route=%2Fwp%2Fv2%2Fcategories&post=9061"},{"taxonomy":"post_tag","embeddable":true,"href":"https:\/\/elcomunista.org\/index.php?rest_route=%2Fwp%2Fv2%2Ftags&post=9061"}],"curies":[{"name":"wp","href":"https:\/\/api.w.org\/{rel}","templated":true}]}}