{"id":9146,"date":"2020-08-10T18:48:36","date_gmt":"2020-08-11T00:48:36","guid":{"rendered":"http:\/\/bloquepopularjuvenil.org\/?p=9146"},"modified":"2020-08-10T19:00:08","modified_gmt":"2020-08-11T01:00:08","slug":"la-economia-en-caida-libre-luchemos-porque-la-crisis-caiga-sobre-los-culpables-la-oligarquia-del-pais","status":"publish","type":"post","link":"https:\/\/elcomunista.org\/?p=9146","title":{"rendered":"La econom\u00eda en ca\u00edda libre luchemos porque la crisis caiga sobre los culpables: la oligarqu\u00eda del pa\u00eds"},"content":{"rendered":"<p>El 2020 ha sido un a\u00f1o revelador para toda la econom\u00eda mundial, el impacto del virus de la Covid-19 aceler\u00f3 la crisis mundial del capitalismo que a\u00f1os previos se hab\u00eda estado preparando, atravesamos ya m\u00e1s de la mitad de este a\u00f1o y las proyecciones econ\u00f3micas de c\u00f3mo terminar\u00e1 la econom\u00eda mundial a\u00fan no es certera del todo, esto tiene que ver con la incapacidad que se tiene para medir los efectos que tendr\u00e1 la crisis de la Covid-19 en las econom\u00edas. Ninguna proyecci\u00f3n puede tomarse como fija, el futuro es realmente incierto y todo conduce a un desastre sobre el cual los m\u00e1s afectados, como siempre, seremos los m\u00e1s pobres.<\/p>\n<p>El \u00faltimo informe de la Comisi\u00f3n Econ\u00f3mica para Am\u00e9rica Latina y el Caribe (CEPAL) pronosticaba que la regi\u00f3n se contraer\u00eda 9,1 en este a\u00f1o y se elevar\u00e1 la tasa de desempleo hasta el 13,5 %, sin embargo, estos datos a\u00fan no son firmes, en muchos pa\u00edses latinoamericanos el virus a\u00fan est\u00e1 en su etapa temprana y los efectos devastadores a\u00fan est\u00e1n por verse, sin duda las cifras pueden aumentarse en los pr\u00f3ximos meses.<\/p>\n<p>Para El Salvador, la CEPAL pronostica una contracci\u00f3n de la econom\u00eda del -8,6 %, el s\u00e9ptimo pa\u00eds m\u00e1s afectado de la regi\u00f3n latinoamericana y el m\u00e1s afectado de la regi\u00f3n centroamericana, tambi\u00e9n el informe afirma que cuatro de cada 10 salvadore\u00f1os estar\u00e1 en situaci\u00f3n de pobreza. Y la pobreza extrema aumentar\u00e1, en puntos porcentuales, 4,5% pasando del 7,4 % al 11,9 %.<\/p>\n<p>Siendo una econom\u00eda que depende en gran medida de las remesas, as\u00ed como de las exportaciones tenemos que tener en cuenta que la contracci\u00f3n de la econom\u00eda en EEUU de la cual pronosticaban en junio una contracci\u00f3n de 6,5%, cifra que puede cambiar con los futuros acontecimientos, afectar\u00e1 en todos los sentidos a nuestra d\u00e9bil econom\u00eda aumentando as\u00ed el desempleo, la pobreza y la explotaci\u00f3n.<\/p>\n<p>Como marxistas nos interesan, m\u00e1s que las cifras, los efectos de estos datos en la conciencia de las masas, que sin duda ya se est\u00e1n manifestando, las masas trabajadoras se puede decir permanecen en estado de shock ante las muertes por la pandemia, el hambre y la escasez, este estado de shock en el que esperan que los gobernantes resuelvan de la mejor forma sus problemas, ser\u00e1 solo transitorio y no durar\u00e1 mucho.<\/p>\n<p>En toda la historia de las crisis del capitalismo ning\u00fan gobierno capitalista ha podido lidiar con ella, esto es as\u00ed porque la econom\u00eda del capitalismo es an\u00e1rquica y no obedece a ning\u00fan orden, m\u00e1s que al orden de las ganancias de un peque\u00f1o grupo de la sociedad. Lo que hace imposible controlar sus crisis y sus efectos en los niveles de vida de las masas, por lo tanto, toda esperanza de los trabajadores sobre alg\u00fan plan del gobierno para evitar los golpes sobre los niveles de vida se ira diluyendo paulatinamente.<\/p>\n<p>Al contrario de que el gobierno tenga un plan claro que pueda beneficiar a las masas trabajadoras lo que vemos es que cada vez m\u00e1s la situaci\u00f3n se recrudece, cada periodo que avanza del a\u00f1o la presi\u00f3n sobre el Estado tiende a incrementarse.<\/p>\n<p>Recientemente hemos sido testigos como para enfrentar a la Covid-19 el gobierno salvadore\u00f1o ha tenido que endeudarse por m\u00e1s de 3 mil millones de d\u00f3lares, esta alternativa parece que es la preferida de los gobiernos o la \u00fanica desde la perspectiva de los intereses por los que trabajan. Pero el endeudamiento no resuelve nada, al contrario, solo recrudece la situaci\u00f3n, lo central aqu\u00ed es entender que quienes pagan la deuda son los mismos trabajadores a trav\u00e9s de impuestos, lo cual significa m\u00e1s ataques a los niveles de vida sobre la mayor\u00eda aplastante en el futuro pr\u00f3ximo.<\/p>\n<p>El nivel de endeudamiento, seg\u00fan el Instituto Centroamericano de Estudios Fiscales (ICEFI), del Estado salvadore\u00f1o podr\u00eda llegar este a\u00f1o a representar el 92 % del PIB, lo que significa que por cada 100 d\u00f3lares de producci\u00f3n 92 estar\u00e1n destinados a deuda. A pesar de esta situaci\u00f3n complicada, no dudamos que el pr\u00f3ximo a\u00f1o el gobierno nuevamente eche mano de m\u00e1s adquisici\u00f3n de deuda para resolver el d\u00e9ficit fiscal.<\/p>\n<p>El endeudamiento es la \u00fanica salida que al parecer tienen todos los gobiernos, incluyendo el gobierno de los Estados Unidos que ha inyectado billones de d\u00f3lares a la econom\u00eda con dinero estatal, contradiciendo su vieja m\u00e1xima que dice que el Estado no deber\u00eda intervenir en la econom\u00eda; a lo que podemos agregar, s\u00ed, el Estado no debe intervenir en la econom\u00eda cuando los capitalistas est\u00e1n acumulando fortunas a costa de la explotaci\u00f3n, pero cuando est\u00e1n sufriendo p\u00e9rdidas pues las debemos socializar, al final estamos juntos en este barco llamado mundo.<\/p>\n<p>Estas son las contradicciones de los gobiernos capitalistas que protegen los intereses de la burgues\u00eda, obviando que durante a\u00f1os han acumulado millones de d\u00f3lares a trav\u00e9s de nuestra explotaci\u00f3n. Nuestra pol\u00edtica no debe estar basada en lo que se puede hacer desde el marco capitalista, ni tampoco creernos la reaccionaria consigna de que todos debemos unirnos, al contrario, la situaci\u00f3n de crisis exige medidas revolucionarias y la clase obrera debe organizarse de manera independiente en los sindicatos y otras organizaciones de lucha para impulsar medidas directas contra los grandes ricos del pa\u00eds.<\/p>\n<p>La soluci\u00f3n a los grandes problemas de la sociedad no se har\u00e1 por decretos en los salones ministeriales de este gobierno. En el pr\u00f3ximo periodo el Estado y sus poderes intentar\u00e1 defender a toda costa a la clase privilegiada de nuestro pa\u00eds, imponiendo una serie de medidas reaccionarias, la defensa de nuestras conquistas y la exigencia de nuestras demandas ante programas privatizadores, reducciones salariales, despidos masivos y la imposici\u00f3n de impuesto reaccionario debe expresarse en las calles de manera organizada y con claridad de quienes son nuestros enemigos de clase y sobre cuales debe recaer la crisis: los m\u00e1s ricos de este pa\u00eds.<\/p>\n<p>Ante esto debemos exigir: nacionalizaci\u00f3n inmediata de todas las empresas privatizadas durante los gobiernos de ARENA, FMLN y Gana; una banca nacionalizada y \u00fanica para ofrecer cr\u00e9ditos a los micros y peque\u00f1os empresarios; la expropiaci\u00f3n y nacionalizaci\u00f3n de f\u00e1bricas que amenacen con el cierre dejando a sus empleados sin sustento; la puesta en marcha de estas bajo el control de los trabajadores mismos, bajo un plan econ\u00f3mico que pueda garantizar mejoras en las condiciones de vida de la clase obrera.<\/p>\n<p>Solo la unidad y la fuerza de los oprimidos puede garantizar un futuro diferente ante el colapso inminente de la econom\u00eda capitalista y los ataques del Estado, como explotados no podemos temerle a la ruina, si el empresario, el banquero, o el terrateniente ante la ruina pretende abandonarlo todos los trabajadores debemos tomar las riendas de las empresas y tierras y echarlas a andar en beneficio de todos y todas. Los estudiantes, desempleados y empleados informales deben estrechar lazos para luchar en contra de nuestros enemigos de clase y por un programa de lucha que incluya todas nuestras demandas de empleo, salarios acordes al costo de la vida, vivienda, salud, educaci\u00f3n y recreaci\u00f3n. Debemos luchar por una econom\u00eda racional y planificada por los trabajadores mismos.<\/p>","protected":false},"excerpt":{"rendered":"<p>El 2020 ha sido un a\u00f1o revelador para toda la econom\u00eda mundial, el impacto del virus de la Covid-19 aceler\u00f3 la crisis mundial del capitalismo que a\u00f1os previos se hab\u00eda estado preparando, atravesamos ya m\u00e1s de la mitad de este a\u00f1o y las proyecciones econ\u00f3micas de c\u00f3mo terminar\u00e1 la econom\u00eda mundial a\u00fan no es certera&#8230;<\/p>\n","protected":false},"author":8,"featured_media":9148,"comment_status":"open","ping_status":"open","sticky":false,"template":"","format":"standard","meta":{"_monsterinsights_skip_tracking":false,"_monsterinsights_sitenote_active":false,"_monsterinsights_sitenote_note":"","_monsterinsights_sitenote_category":0,"_uf_show_specific_survey":0,"_uf_disable_surveys":false,"_jetpack_memberships_contains_paid_content":false,"footnotes":""},"categories":[983,1085,4,537],"tags":[131,929],"class_list":["post-9146","post","type-post","status-publish","format-standard","has-post-thumbnail","hentry","category-bloque-popular-juvenil","category-crisis-capitalista","category-economia","category-principales","tag-crisis-economica","tag-nacionalizacion"],"aioseo_notices":[],"yoast_head":"<!-- This site is optimized with the Yoast SEO plugin v25.6 - https:\/\/yoast.com\/wordpress\/plugins\/seo\/ -->\n<title>La econom\u00eda en ca\u00edda libre luchemos porque la crisis caiga sobre los culpables: la oligarqu\u00eda del pa\u00eds<\/title>\n<meta name=\"robots\" content=\"index, follow, max-snippet:-1, max-image-preview:large, max-video-preview:-1\" \/>\n<link rel=\"canonical\" href=\"https:\/\/elcomunista.org\/?p=9146\" \/>\n<meta property=\"og:locale\" content=\"es_ES\" \/>\n<meta property=\"og:type\" content=\"article\" \/>\n<meta property=\"og:title\" content=\"La econom\u00eda en ca\u00edda libre luchemos porque la crisis caiga sobre los culpables: la oligarqu\u00eda del pa\u00eds\" \/>\n<meta property=\"og:description\" content=\"El 2020 ha sido un a\u00f1o revelador para toda la econom\u00eda mundial, el impacto del virus de la Covid-19 aceler\u00f3 la crisis mundial del capitalismo que a\u00f1os previos se hab\u00eda estado preparando, atravesamos ya m\u00e1s de la mitad de este a\u00f1o y las proyecciones econ\u00f3micas de c\u00f3mo terminar\u00e1 la econom\u00eda mundial a\u00fan no es certera...\" \/>\n<meta property=\"og:url\" content=\"https:\/\/elcomunista.org\/?p=9146\" \/>\n<meta property=\"og:site_name\" content=\"Revoluci\u00f3n Comunista\" \/>\n<meta property=\"article:publisher\" content=\"https:\/\/www.facebook.com\/Bloquepopularjuvenil\" \/>\n<meta property=\"article:author\" content=\"https:\/\/www.facebook.com\/JuandeLaCruzBPJ\" \/>\n<meta property=\"article:published_time\" content=\"2020-08-11T00:48:36+00:00\" \/>\n<meta property=\"article:modified_time\" content=\"2020-08-11T01:00:08+00:00\" \/>\n<meta property=\"og:image\" content=\"https:\/\/elcomunista.org\/wp-content\/uploads\/2020\/08\/Desempleo.jpg\" \/>\n\t<meta property=\"og:image:width\" content=\"1280\" \/>\n\t<meta property=\"og:image:height\" content=\"859\" \/>\n\t<meta property=\"og:image:type\" content=\"image\/jpeg\" \/>\n<meta name=\"author\" content=\"Juan de la Cruz\" \/>\n<meta name=\"twitter:card\" content=\"summary_large_image\" \/>\n<meta name=\"twitter:creator\" content=\"@juandelacruzcmi\" \/>\n<meta name=\"twitter:site\" content=\"@ElBPJ\" \/>\n<meta name=\"twitter:label1\" content=\"Escrito por\" \/>\n\t<meta name=\"twitter:data1\" content=\"Juan de la Cruz\" \/>\n\t<meta name=\"twitter:label2\" content=\"Tiempo de lectura\" \/>\n\t<meta name=\"twitter:data2\" content=\"6 minutos\" \/>\n<script type=\"application\/ld+json\" class=\"yoast-schema-graph\">{\"@context\":\"https:\/\/schema.org\",\"@graph\":[{\"@type\":\"Article\",\"@id\":\"https:\/\/elcomunista.org\/?p=9146#article\",\"isPartOf\":{\"@id\":\"https:\/\/elcomunista.org\/?p=9146\"},\"author\":{\"name\":\"Juan de la Cruz\",\"@id\":\"https:\/\/elcomunista.org\/#\/schema\/person\/e070ce76b01e8720e27ac0d46b82063f\"},\"headline\":\"La econom\u00eda en ca\u00edda libre luchemos porque la crisis caiga sobre los culpables: la oligarqu\u00eda del pa\u00eds\",\"datePublished\":\"2020-08-11T00:48:36+00:00\",\"dateModified\":\"2020-08-11T01:00:08+00:00\",\"mainEntityOfPage\":{\"@id\":\"https:\/\/elcomunista.org\/?p=9146\"},\"wordCount\":1288,\"commentCount\":0,\"publisher\":{\"@id\":\"https:\/\/elcomunista.org\/#organization\"},\"image\":{\"@id\":\"https:\/\/elcomunista.org\/?p=9146#primaryimage\"},\"thumbnailUrl\":\"https:\/\/elcomunista.org\/wp-content\/uploads\/2020\/08\/Desempleo.jpg\",\"keywords\":[\"Crisis econ\u00f3mica\",\"Nacionalizaci\u00f3n\"],\"articleSection\":[\"Bloque Popular Juvenil\",\"Crisis capitalista\",\"Econom\u00eda\",\"Principales\"],\"inLanguage\":\"es\",\"potentialAction\":[{\"@type\":\"CommentAction\",\"name\":\"Comment\",\"target\":[\"https:\/\/elcomunista.org\/?p=9146#respond\"]}]},{\"@type\":\"WebPage\",\"@id\":\"https:\/\/elcomunista.org\/?p=9146\",\"url\":\"https:\/\/elcomunista.org\/?p=9146\",\"name\":\"La econom\u00eda en ca\u00edda libre luchemos porque la crisis caiga sobre los culpables: la oligarqu\u00eda del pa\u00eds\",\"isPartOf\":{\"@id\":\"https:\/\/elcomunista.org\/#website\"},\"primaryImageOfPage\":{\"@id\":\"https:\/\/elcomunista.org\/?p=9146#primaryimage\"},\"image\":{\"@id\":\"https:\/\/elcomunista.org\/?p=9146#primaryimage\"},\"thumbnailUrl\":\"https:\/\/elcomunista.org\/wp-content\/uploads\/2020\/08\/Desempleo.jpg\",\"datePublished\":\"2020-08-11T00:48:36+00:00\",\"dateModified\":\"2020-08-11T01:00:08+00:00\",\"breadcrumb\":{\"@id\":\"https:\/\/elcomunista.org\/?p=9146#breadcrumb\"},\"inLanguage\":\"es\",\"potentialAction\":[{\"@type\":\"ReadAction\",\"target\":[\"https:\/\/elcomunista.org\/?p=9146\"]}]},{\"@type\":\"ImageObject\",\"inLanguage\":\"es\",\"@id\":\"https:\/\/elcomunista.org\/?p=9146#primaryimage\",\"url\":\"https:\/\/elcomunista.org\/wp-content\/uploads\/2020\/08\/Desempleo.jpg\",\"contentUrl\":\"https:\/\/elcomunista.org\/wp-content\/uploads\/2020\/08\/Desempleo.jpg\",\"width\":1280,\"height\":859},{\"@type\":\"BreadcrumbList\",\"@id\":\"https:\/\/elcomunista.org\/?p=9146#breadcrumb\",\"itemListElement\":[{\"@type\":\"ListItem\",\"position\":1,\"name\":\"Portada\",\"item\":\"https:\/\/elcomunista.org\/\"},{\"@type\":\"ListItem\",\"position\":2,\"name\":\"La econom\u00eda en ca\u00edda libre luchemos porque la crisis caiga sobre los culpables: la oligarqu\u00eda del pa\u00eds\"}]},{\"@type\":\"WebSite\",\"@id\":\"https:\/\/elcomunista.org\/#website\",\"url\":\"https:\/\/elcomunista.org\/\",\"name\":\"Revoluci\u00f3n Comunista\",\"description\":\"Internacional Comunista Revolucionaria\",\"publisher\":{\"@id\":\"https:\/\/elcomunista.org\/#organization\"},\"potentialAction\":[{\"@type\":\"SearchAction\",\"target\":{\"@type\":\"EntryPoint\",\"urlTemplate\":\"https:\/\/elcomunista.org\/?s={search_term_string}\"},\"query-input\":{\"@type\":\"PropertyValueSpecification\",\"valueRequired\":true,\"valueName\":\"search_term_string\"}}],\"inLanguage\":\"es\"},{\"@type\":\"Organization\",\"@id\":\"https:\/\/elcomunista.org\/#organization\",\"name\":\"Bloque Popular Juvenil\",\"url\":\"https:\/\/elcomunista.org\/\",\"logo\":{\"@type\":\"ImageObject\",\"inLanguage\":\"es\",\"@id\":\"https:\/\/elcomunista.org\/#\/schema\/logo\/image\/\",\"url\":\"https:\/\/bloquepopularjuvenil.org\/wp-content\/uploads\/2018\/11\/bpj-militante.jpg\",\"contentUrl\":\"https:\/\/bloquepopularjuvenil.org\/wp-content\/uploads\/2018\/11\/bpj-militante.jpg\",\"width\":4000,\"height\":1390,\"caption\":\"Bloque Popular Juvenil\"},\"image\":{\"@id\":\"https:\/\/elcomunista.org\/#\/schema\/logo\/image\/\"},\"sameAs\":[\"https:\/\/www.facebook.com\/Bloquepopularjuvenil\",\"https:\/\/x.com\/ElBPJ\",\"https:\/\/www.instagram.com\/elbloque_bpj\/?hl=es-la\"]},{\"@type\":\"Person\",\"@id\":\"https:\/\/elcomunista.org\/#\/schema\/person\/e070ce76b01e8720e27ac0d46b82063f\",\"name\":\"Juan de la Cruz\",\"image\":{\"@type\":\"ImageObject\",\"inLanguage\":\"es\",\"@id\":\"https:\/\/elcomunista.org\/#\/schema\/person\/image\/\",\"url\":\"https:\/\/secure.gravatar.com\/avatar\/1aac3a8e4bbf29ce7030b8cd6a02f12b?s=96&d=mm&r=g\",\"contentUrl\":\"https:\/\/secure.gravatar.com\/avatar\/1aac3a8e4bbf29ce7030b8cd6a02f12b?s=96&d=mm&r=g\",\"caption\":\"Juan de la Cruz\"},\"description\":\"Editor del peri\u00f3dico El Comunista, vocero de la secci\u00f3n salvadore\u00f1a de la Internacional Comunista Revolucionaria (ICR)\",\"sameAs\":[\"http:\/\/www.bloquepopularjuvenil.org\",\"https:\/\/www.facebook.com\/JuandeLaCruzBPJ\",\"https:\/\/x.com\/juandelacruzcmi\"],\"url\":\"https:\/\/elcomunista.org\/?author=8\"}]}<\/script>\n<!-- \/ Yoast SEO plugin. -->","yoast_head_json":{"title":"La econom\u00eda en ca\u00edda libre luchemos porque la crisis caiga sobre los culpables: la oligarqu\u00eda del pa\u00eds","robots":{"index":"index","follow":"follow","max-snippet":"max-snippet:-1","max-image-preview":"max-image-preview:large","max-video-preview":"max-video-preview:-1"},"canonical":"https:\/\/elcomunista.org\/?p=9146","og_locale":"es_ES","og_type":"article","og_title":"La econom\u00eda en ca\u00edda libre luchemos porque la crisis caiga sobre los culpables: la oligarqu\u00eda del pa\u00eds","og_description":"El 2020 ha sido un a\u00f1o revelador para toda la econom\u00eda mundial, el impacto del virus de la Covid-19 aceler\u00f3 la crisis mundial del capitalismo que a\u00f1os previos se hab\u00eda estado preparando, atravesamos ya m\u00e1s de la mitad de este a\u00f1o y las proyecciones econ\u00f3micas de c\u00f3mo terminar\u00e1 la econom\u00eda mundial a\u00fan no es certera...","og_url":"https:\/\/elcomunista.org\/?p=9146","og_site_name":"Revoluci\u00f3n Comunista","article_publisher":"https:\/\/www.facebook.com\/Bloquepopularjuvenil","article_author":"https:\/\/www.facebook.com\/JuandeLaCruzBPJ","article_published_time":"2020-08-11T00:48:36+00:00","article_modified_time":"2020-08-11T01:00:08+00:00","og_image":[{"width":1280,"height":859,"url":"https:\/\/elcomunista.org\/wp-content\/uploads\/2020\/08\/Desempleo.jpg","type":"image\/jpeg"}],"author":"Juan de la Cruz","twitter_card":"summary_large_image","twitter_creator":"@juandelacruzcmi","twitter_site":"@ElBPJ","twitter_misc":{"Escrito por":"Juan de la Cruz","Tiempo de lectura":"6 minutos"},"schema":{"@context":"https:\/\/schema.org","@graph":[{"@type":"Article","@id":"https:\/\/elcomunista.org\/?p=9146#article","isPartOf":{"@id":"https:\/\/elcomunista.org\/?p=9146"},"author":{"name":"Juan de la Cruz","@id":"https:\/\/elcomunista.org\/#\/schema\/person\/e070ce76b01e8720e27ac0d46b82063f"},"headline":"La econom\u00eda en ca\u00edda libre luchemos porque la crisis caiga sobre los culpables: la oligarqu\u00eda del pa\u00eds","datePublished":"2020-08-11T00:48:36+00:00","dateModified":"2020-08-11T01:00:08+00:00","mainEntityOfPage":{"@id":"https:\/\/elcomunista.org\/?p=9146"},"wordCount":1288,"commentCount":0,"publisher":{"@id":"https:\/\/elcomunista.org\/#organization"},"image":{"@id":"https:\/\/elcomunista.org\/?p=9146#primaryimage"},"thumbnailUrl":"https:\/\/elcomunista.org\/wp-content\/uploads\/2020\/08\/Desempleo.jpg","keywords":["Crisis econ\u00f3mica","Nacionalizaci\u00f3n"],"articleSection":["Bloque Popular Juvenil","Crisis capitalista","Econom\u00eda","Principales"],"inLanguage":"es","potentialAction":[{"@type":"CommentAction","name":"Comment","target":["https:\/\/elcomunista.org\/?p=9146#respond"]}]},{"@type":"WebPage","@id":"https:\/\/elcomunista.org\/?p=9146","url":"https:\/\/elcomunista.org\/?p=9146","name":"La econom\u00eda en ca\u00edda libre luchemos porque la crisis caiga sobre los culpables: la oligarqu\u00eda del pa\u00eds","isPartOf":{"@id":"https:\/\/elcomunista.org\/#website"},"primaryImageOfPage":{"@id":"https:\/\/elcomunista.org\/?p=9146#primaryimage"},"image":{"@id":"https:\/\/elcomunista.org\/?p=9146#primaryimage"},"thumbnailUrl":"https:\/\/elcomunista.org\/wp-content\/uploads\/2020\/08\/Desempleo.jpg","datePublished":"2020-08-11T00:48:36+00:00","dateModified":"2020-08-11T01:00:08+00:00","breadcrumb":{"@id":"https:\/\/elcomunista.org\/?p=9146#breadcrumb"},"inLanguage":"es","potentialAction":[{"@type":"ReadAction","target":["https:\/\/elcomunista.org\/?p=9146"]}]},{"@type":"ImageObject","inLanguage":"es","@id":"https:\/\/elcomunista.org\/?p=9146#primaryimage","url":"https:\/\/elcomunista.org\/wp-content\/uploads\/2020\/08\/Desempleo.jpg","contentUrl":"https:\/\/elcomunista.org\/wp-content\/uploads\/2020\/08\/Desempleo.jpg","width":1280,"height":859},{"@type":"BreadcrumbList","@id":"https:\/\/elcomunista.org\/?p=9146#breadcrumb","itemListElement":[{"@type":"ListItem","position":1,"name":"Portada","item":"https:\/\/elcomunista.org\/"},{"@type":"ListItem","position":2,"name":"La econom\u00eda en ca\u00edda libre luchemos porque la crisis caiga sobre los culpables: la oligarqu\u00eda del pa\u00eds"}]},{"@type":"WebSite","@id":"https:\/\/elcomunista.org\/#website","url":"https:\/\/elcomunista.org\/","name":"Revoluci\u00f3n Comunista","description":"Internacional Comunista Revolucionaria","publisher":{"@id":"https:\/\/elcomunista.org\/#organization"},"potentialAction":[{"@type":"SearchAction","target":{"@type":"EntryPoint","urlTemplate":"https:\/\/elcomunista.org\/?s={search_term_string}"},"query-input":{"@type":"PropertyValueSpecification","valueRequired":true,"valueName":"search_term_string"}}],"inLanguage":"es"},{"@type":"Organization","@id":"https:\/\/elcomunista.org\/#organization","name":"Bloque Popular Juvenil","url":"https:\/\/elcomunista.org\/","logo":{"@type":"ImageObject","inLanguage":"es","@id":"https:\/\/elcomunista.org\/#\/schema\/logo\/image\/","url":"https:\/\/bloquepopularjuvenil.org\/wp-content\/uploads\/2018\/11\/bpj-militante.jpg","contentUrl":"https:\/\/bloquepopularjuvenil.org\/wp-content\/uploads\/2018\/11\/bpj-militante.jpg","width":4000,"height":1390,"caption":"Bloque Popular Juvenil"},"image":{"@id":"https:\/\/elcomunista.org\/#\/schema\/logo\/image\/"},"sameAs":["https:\/\/www.facebook.com\/Bloquepopularjuvenil","https:\/\/x.com\/ElBPJ","https:\/\/www.instagram.com\/elbloque_bpj\/?hl=es-la"]},{"@type":"Person","@id":"https:\/\/elcomunista.org\/#\/schema\/person\/e070ce76b01e8720e27ac0d46b82063f","name":"Juan de la Cruz","image":{"@type":"ImageObject","inLanguage":"es","@id":"https:\/\/elcomunista.org\/#\/schema\/person\/image\/","url":"https:\/\/secure.gravatar.com\/avatar\/1aac3a8e4bbf29ce7030b8cd6a02f12b?s=96&d=mm&r=g","contentUrl":"https:\/\/secure.gravatar.com\/avatar\/1aac3a8e4bbf29ce7030b8cd6a02f12b?s=96&d=mm&r=g","caption":"Juan de la Cruz"},"description":"Editor del peri\u00f3dico El Comunista, vocero de la secci\u00f3n salvadore\u00f1a de la Internacional Comunista Revolucionaria (ICR)","sameAs":["http:\/\/www.bloquepopularjuvenil.org","https:\/\/www.facebook.com\/JuandeLaCruzBPJ","https:\/\/x.com\/juandelacruzcmi"],"url":"https:\/\/elcomunista.org\/?author=8"}]}},"jetpack_featured_media_url":"https:\/\/elcomunista.org\/wp-content\/uploads\/2020\/08\/Desempleo.jpg","jetpack_likes_enabled":true,"jetpack_sharing_enabled":true,"_links":{"self":[{"href":"https:\/\/elcomunista.org\/index.php?rest_route=\/wp\/v2\/posts\/9146"}],"collection":[{"href":"https:\/\/elcomunista.org\/index.php?rest_route=\/wp\/v2\/posts"}],"about":[{"href":"https:\/\/elcomunista.org\/index.php?rest_route=\/wp\/v2\/types\/post"}],"author":[{"embeddable":true,"href":"https:\/\/elcomunista.org\/index.php?rest_route=\/wp\/v2\/users\/8"}],"replies":[{"embeddable":true,"href":"https:\/\/elcomunista.org\/index.php?rest_route=%2Fwp%2Fv2%2Fcomments&post=9146"}],"version-history":[{"count":0,"href":"https:\/\/elcomunista.org\/index.php?rest_route=\/wp\/v2\/posts\/9146\/revisions"}],"wp:featuredmedia":[{"embeddable":true,"href":"https:\/\/elcomunista.org\/index.php?rest_route=\/wp\/v2\/media\/9148"}],"wp:attachment":[{"href":"https:\/\/elcomunista.org\/index.php?rest_route=%2Fwp%2Fv2%2Fmedia&parent=9146"}],"wp:term":[{"taxonomy":"category","embeddable":true,"href":"https:\/\/elcomunista.org\/index.php?rest_route=%2Fwp%2Fv2%2Fcategories&post=9146"},{"taxonomy":"post_tag","embeddable":true,"href":"https:\/\/elcomunista.org\/index.php?rest_route=%2Fwp%2Fv2%2Ftags&post=9146"}],"curies":[{"name":"wp","href":"https:\/\/api.w.org\/{rel}","templated":true}]}}