{"id":9377,"date":"2020-09-19T01:44:55","date_gmt":"2020-09-19T07:44:55","guid":{"rendered":"http:\/\/bloquepopularjuvenil.org\/?p=9377"},"modified":"2023-05-19T16:46:52","modified_gmt":"2023-05-19T22:46:52","slug":"caida-de-remesa-deportaciones-y-migracion-en-el-salvador","status":"publish","type":"post","link":"https:\/\/elcomunista.org\/?p=9377","title":{"rendered":"Ca\u00edda de remesa, deportaciones y migraci\u00f3n en El Salvador"},"content":{"rendered":"<p><strong>Albino Alfaro<\/strong><\/p>\r\n<p>En tiempos de pandemia, bajo un vicioso sistema capitalista, muchas cosas se han tornado dif\u00edciles para la econom\u00eda de los pa\u00edses empobrecidos latinoamericanos y una de las grandes problem\u00e1ticas es la ca\u00edda de las remesas desde el exterior, las cuales, en el caso de El Salvador equivalen a cerca del 17.1% del Producto Interno Bruto (PIB) y son una importante fuente de ingresos tanto para el diario vivir de muchas familias como para la econom\u00eda nacional.<\/p>\r\n<p>En un pa\u00eds acostumbrado a consumir mucho m\u00e1s de lo que produce, las remesas significan fuertes ingresos para los grandes inversionistas extranjeros y nacionales que captan la mayor\u00eda de este dinero a sus fortunas individuales, sin que se pueda invertir para garantizar el bienestar ciudadano tan necesario en esta pandemia.\u00a0 Seg\u00fan c\u00e1lculos del Banco Central de Reserva (BCR), en el mes de abril se sufri\u00f3 la ca\u00edda m\u00e1s fuerte de este rubro econ\u00f3mico, este hecho atiende al cierre de las econom\u00edas de los pa\u00edses de destino de los compatriotas remitentes, debido a la crisis sanitaria generada por el Covid-19.<\/p>\r\n<p>En Estados Unidos, pa\u00eds que representa 95.7% del total de remesas recibidas y que ha sido epicentro de la pandemia durante los \u00faltimos meses, la tasa de desempleo total pas\u00f3 de 3.6% en mayo de 2019 a 13.3% en mayo de 2020, y la tasa de desempleo latino registr\u00f3 17.6% en mayo de 2020, mayor en comparaci\u00f3n con la registrada el a\u00f1o pasado cuando fue de 4.2%.<\/p>\r\n<p>Los migrantes, en especial los indocumentados, son sin duda alguna uno de los sectores de la poblaci\u00f3n m\u00e1s afectados en esta pandemia, su situaci\u00f3n los pone en un lugar desolado y triste entre los escombros de la actual crisis, muchos no tienen la posibilidad de trabajar, ya sea porque los contratos han sido rotos sin ning\u00fan tipo de impedimento legal o que la mayor\u00eda de los trabajos generalmente realizados por migrantes indocumentados son en sectores que no brindan las condiciones para realizarse remotamente y esto provoca que no puedan obtener lo necesario para cubrir sus necesidades b\u00e1sicas.<\/p>\r\n<p>Otra de las duras situaciones es el hecho que la actual crisis sanitaria obliga a cualquier persona a tener a disposici\u00f3n asistencia m\u00e9dica digna, misma que los migrantes indocumentados no pueden obtener en los pa\u00edses de destino ya sea porque son excluidos de los programas de salud o porque temen correr un riesgo m\u00e1s alto de deportaci\u00f3n al ser atendidos por alguna enfermedad. Para el caso de los migrantes salvadore\u00f1os, el 50% son indocumentados y la situaci\u00f3n actual de desempleo en los pa\u00edses de destino de estos provoca en consecuencia la ca\u00edda de las remesas, repercutiendo negativamente en la realidad de miles de familias salvadore\u00f1as dependientes de ese ingreso que se ha vuelto fijo.<\/p>\r\n<p><strong>\u00a0<\/strong><strong>El impacto de la crisis del Covid-19 en los deportados<br \/><\/strong><\/p>\r\n<p>Las deportaciones son uno de los desenlaces m\u00e1s crueles para los migrantes irregulares, pero estas no solo significan el hecho de reingresar al pa\u00eds de origen, sino que son un duro golpe emocional que incluye un largo proceso de detenci\u00f3n en estado de hacinamiento, en muchos casos que toma hasta 18 meses, con severos atropellos a sus derechos humanos y un drama familiar debido a que varios de los sujetos de estas deportaciones son separados de sus familias sin ning\u00fan tipo de excepci\u00f3n. En tiempos de pandemia, el panorama no ha sido nada alentador para estas personas y dif\u00edcilmente ser\u00e1 mejor, pues al no encontrar en su pa\u00eds de origen ning\u00fan tipo de oportunidad laboral, sin opciones de educaci\u00f3n y salud digna, bajo el umbral de la pobreza y envueltos en un entorno plagado de violencia por las falencias del sistema desigual, prefieren tomar los muchos riegos de conlleva la migraci\u00f3n irregular en especial a Estados Unidos.<\/p>\r\n<p>En El Salvador, las deportaciones, a pesar de haberse reducido en un 67% en lo que va del 2020 en comparaci\u00f3n con el a\u00f1o anterior, no se detuvieron en ning\u00fan momento, ni siquiera en el punto m\u00e1s \u00e1lgido de la emergencia por Covid-19, todo esto se realiz\u00f3 con la venia de la administraci\u00f3n Bukele.<\/p>\r\n<p>Haciendo un simple an\u00e1lisis, esto brinda una gran contradicci\u00f3n con lo que el gobierno de El Salvador aplic\u00f3 durante los meses m\u00e1s cr\u00edticos de la pandemia, donde se tomaron medidas extremas con motivo de la supuesta b\u00fasqueda de la menor cantidad de contagios posibles por Covid-19 en el pa\u00eds, como cierres de aeropuertos y fronteras, lo cual imposibilit\u00f3 de golpe que los migrantes regulares varados en el exterior regresaran al pa\u00eds adem\u00e1s de una cuarentena obligatoria que en un principio era penada con castigo de detenci\u00f3n ilegal en centros de contenci\u00f3n del virus si esta no se acataba por la poblaci\u00f3n.\u00a0<\/p>\r\n<p>Las entidades del Ejecutivo a cargo de este tema manifestaron que el flujo de personas deportadas no se detuvo porque estas estaban siendo controlados por las autoridades de salud en los pa\u00edses a los que migraron y que en el caso de los dem\u00e1s salvadore\u00f1os varados (migrantes regulares), no se ten\u00eda un control sanitario igual, pero contrario a esta explicaci\u00f3n, en Estados Unidos, seg\u00fan distintas organizaciones y especialistas en derechos humanos de la ONU, las condiciones insalubres y de confinamiento en los centros de detenci\u00f3n son focos de infecci\u00f3n y constituyen un potencial peligro sanitario para los pa\u00edses de origen a los que son deportados los migrantes en este proceso.<\/p>\r\n<p>En El Salvador durante los meses m\u00e1s fuertes en lo que a contagios se refiere y en que se aplicaron las m\u00e1s duras y arbitrarias medidas por parte del Ejecutivo salvadore\u00f1o en contra del virus, el ciclo de retorno del migrante ilegal deportado se endureci\u00f3, debido en parte al duro proceso de encarcelamiento por razones legales migratorias en los centros de detenci\u00f3n en el pa\u00eds del que son deportados y por otro lado porque en su propio pa\u00eds de origen fueron objetos de cuarentena obligatoria siendo incluidos en los mismos centros de contenci\u00f3n que las dem\u00e1s personas que por distintas razones llegaban a ser recluidas, sin un protocolo especial de trato a este sector que trae traumas emocionales y que por sus condiciones anteriores en su detenci\u00f3n en los pa\u00edses deportadores representaban un peligro mayor a contagio por Covid-19 pero, al parecer al gobierno de El Salvador le complace m\u00e1s dar consentimiento a lo que el gobierno de EEUU decide que buscar opciones dignas para las personas migrantes irregulares.<\/p>\r\n<p>Muchos de los deportados durante la pandemia, al no cumplir ning\u00fan requisito que el gobierno de El Salvador media para ser sujetos de ayuda estatal, fueron excluidos de la entrega de los $300 y las canastas alimenticias, demostrando una vez m\u00e1s, como es normal para los gobiernos burgueses, que los sectores oprimidos de la sociedad no son su prioridad, en cambio su prioridad es manejar la crisis como instrumento para las elecciones que se avecinan en el pa\u00eds salvadore\u00f1o.<\/p>\r\n<p><strong>\u00bfCu\u00e1l es la alternativa socialista a la dependencia de las remesas? <\/strong><\/p>\r\n<p>La migraci\u00f3n irregular es causada esencialmente por la gran cantidad de desequilibrios que brinda el sistema capitalista instaurado en los pa\u00edses latinoamericanos y que son el patio trasero de econom\u00edas como la estadounidense, donde la clase trabajadora no tiene oportunidades de empleo digno, los campesinos no tienen acceso a tierras para producir y donde estos sectores se encuentran vulnerables respecto a la gran empresa privada que utiliza al Estado como un instrumento para consolidarse y mantenerse como clase dominante.<\/p>\r\n<p>En El Salvador, la dependencia de las remesas familiares y la migraci\u00f3n irregular se ha dado m\u00e1s fuertemente en los gobiernos civiles reformistas y derechistas, que luego de los Acuerdos de Paz, que pusieron fin a una guerra de 12 a\u00f1os provocada por descomunales atropellos a los derechos humanos por parte del Estado burgu\u00e9s, aunado a un gran proceso de cambios voraces en pro de la neoliberaci\u00f3n de la econom\u00eda, entre ellas las privatizaciones y la dolarizaci\u00f3n, provocaron que las condiciones de vida de las clases oprimidas salvadore\u00f1as se vieran reducidas a la miseria por medio de reformas pol\u00edticas y econ\u00f3micas que hasta hoy en d\u00eda siguen golpeando duramente el desarrollo econ\u00f3mico de los oprimidos y aumentando el desarrollo econ\u00f3mico de los grandes capitalistas.<\/p>\r\n<p>Esta dependencia solo puede ser combatida con un pleno desarrollo de las fuerzas productivas donde se asegure un mayor porcentaje de oportunidades de crecimiento humano y mejores niveles de vida a las grandes mayor\u00edas oprimidas salvadore\u00f1as y superando la crisis institucional que provocan la burocratizaci\u00f3n del Estado y la corrupci\u00f3n, que permite males como la evasi\u00f3n fiscal impune. La forma m\u00e1s acertada de solucionar esta dependencia, implica la reestructuraci\u00f3n del sistema de recaudaci\u00f3n fiscal. Se requieren reformas revolucionarias capaces de encauzar los recursos de la naci\u00f3n y dirigirlas a las clases oprimidas, las cuales son la mayor\u00eda y as\u00ed atender las necesidades b\u00e1sicas de vida de este sector. Necesitamos del socialismo para planificar la econom\u00eda con base en las necesidades reales de las poblaci\u00f3n y quitar de en medio de la ecuaci\u00f3n las ganancias obscenas que ostentan unos pocos ultraricos en el pa\u00eds.<\/p>\r\n<p>\u00a0<\/p>\r\n<p>\u00a0<\/p>","protected":false},"excerpt":{"rendered":"<p>Albino Alfaro En tiempos de pandemia, bajo un vicioso sistema capitalista, muchas cosas se han tornado dif\u00edciles para la econom\u00eda de los pa\u00edses empobrecidos latinoamericanos y una de las grandes problem\u00e1ticas es la ca\u00edda de las remesas desde el exterior, las cuales, en el caso de El Salvador equivalen a cerca del 17.1% del Producto&#8230;<\/p>\n","protected":false},"author":1,"featured_media":9378,"comment_status":"open","ping_status":"open","sticky":false,"template":"","format":"standard","meta":{"_monsterinsights_skip_tracking":false,"_monsterinsights_sitenote_active":false,"_monsterinsights_sitenote_note":"","_monsterinsights_sitenote_category":0,"_uf_show_specific_survey":0,"_uf_disable_surveys":false,"_jetpack_memberships_contains_paid_content":false,"footnotes":""},"categories":[983,4,537],"tags":[1260,357],"class_list":["post-9377","post","type-post","status-publish","format-standard","has-post-thumbnail","hentry","category-bloque-popular-juvenil","category-economia","category-principales","tag-deportaciones","tag-remesas-familiares"],"aioseo_notices":[],"yoast_head":"<!-- This site is optimized with the Yoast SEO plugin v25.6 - https:\/\/yoast.com\/wordpress\/plugins\/seo\/ -->\n<title>Ca\u00edda de remesa, deportaciones y migraci\u00f3n en El Salvador<\/title>\n<meta name=\"robots\" content=\"index, follow, max-snippet:-1, max-image-preview:large, max-video-preview:-1\" \/>\n<link rel=\"canonical\" href=\"https:\/\/elcomunista.org\/?p=9377\" \/>\n<meta property=\"og:locale\" content=\"es_ES\" \/>\n<meta property=\"og:type\" content=\"article\" \/>\n<meta property=\"og:title\" content=\"Ca\u00edda de remesa, deportaciones y migraci\u00f3n en El Salvador\" \/>\n<meta property=\"og:description\" content=\"Albino Alfaro En tiempos de pandemia, bajo un vicioso sistema capitalista, muchas cosas se han tornado dif\u00edciles para la econom\u00eda de los pa\u00edses empobrecidos latinoamericanos y una de las grandes problem\u00e1ticas es la ca\u00edda de las remesas desde el exterior, las cuales, en el caso de El Salvador equivalen a cerca del 17.1% del Producto...\" \/>\n<meta property=\"og:url\" content=\"https:\/\/elcomunista.org\/?p=9377\" \/>\n<meta property=\"og:site_name\" content=\"Revoluci\u00f3n Comunista\" \/>\n<meta property=\"article:publisher\" content=\"https:\/\/www.facebook.com\/Bloquepopularjuvenil\" \/>\n<meta property=\"article:published_time\" content=\"2020-09-19T07:44:55+00:00\" \/>\n<meta property=\"article:modified_time\" content=\"2023-05-19T22:46:52+00:00\" \/>\n<meta property=\"og:image\" content=\"https:\/\/elcomunista.org\/wp-content\/uploads\/2020\/09\/remesas.jpg\" \/>\n\t<meta property=\"og:image:width\" content=\"690\" \/>\n\t<meta property=\"og:image:height\" content=\"460\" \/>\n\t<meta property=\"og:image:type\" content=\"image\/jpeg\" \/>\n<meta name=\"author\" content=\"Bloque Popular Juvenil\" \/>\n<meta name=\"twitter:card\" content=\"summary_large_image\" \/>\n<meta name=\"twitter:creator\" content=\"@ElBPJ\" \/>\n<meta name=\"twitter:site\" content=\"@ElBPJ\" \/>\n<meta name=\"twitter:label1\" content=\"Escrito por\" \/>\n\t<meta name=\"twitter:data1\" content=\"Bloque Popular Juvenil\" \/>\n\t<meta name=\"twitter:label2\" content=\"Tiempo de lectura\" \/>\n\t<meta name=\"twitter:data2\" content=\"8 minutos\" \/>\n<script type=\"application\/ld+json\" class=\"yoast-schema-graph\">{\"@context\":\"https:\/\/schema.org\",\"@graph\":[{\"@type\":\"Article\",\"@id\":\"https:\/\/elcomunista.org\/?p=9377#article\",\"isPartOf\":{\"@id\":\"https:\/\/elcomunista.org\/?p=9377\"},\"author\":{\"name\":\"Bloque Popular Juvenil\",\"@id\":\"https:\/\/elcomunista.org\/#\/schema\/person\/d55d5350d790a4464cbc0e898065567d\"},\"headline\":\"Ca\u00edda de remesa, deportaciones y migraci\u00f3n en El Salvador\",\"datePublished\":\"2020-09-19T07:44:55+00:00\",\"dateModified\":\"2023-05-19T22:46:52+00:00\",\"mainEntityOfPage\":{\"@id\":\"https:\/\/elcomunista.org\/?p=9377\"},\"wordCount\":1605,\"commentCount\":0,\"publisher\":{\"@id\":\"https:\/\/elcomunista.org\/#organization\"},\"image\":{\"@id\":\"https:\/\/elcomunista.org\/?p=9377#primaryimage\"},\"thumbnailUrl\":\"https:\/\/elcomunista.org\/wp-content\/uploads\/2020\/09\/remesas.jpg\",\"keywords\":[\"deportaciones\",\"remesas familiares\"],\"articleSection\":[\"Bloque Popular Juvenil\",\"Econom\u00eda\",\"Principales\"],\"inLanguage\":\"es\",\"potentialAction\":[{\"@type\":\"CommentAction\",\"name\":\"Comment\",\"target\":[\"https:\/\/elcomunista.org\/?p=9377#respond\"]}]},{\"@type\":\"WebPage\",\"@id\":\"https:\/\/elcomunista.org\/?p=9377\",\"url\":\"https:\/\/elcomunista.org\/?p=9377\",\"name\":\"Ca\u00edda de remesa, deportaciones y migraci\u00f3n en El Salvador\",\"isPartOf\":{\"@id\":\"https:\/\/elcomunista.org\/#website\"},\"primaryImageOfPage\":{\"@id\":\"https:\/\/elcomunista.org\/?p=9377#primaryimage\"},\"image\":{\"@id\":\"https:\/\/elcomunista.org\/?p=9377#primaryimage\"},\"thumbnailUrl\":\"https:\/\/elcomunista.org\/wp-content\/uploads\/2020\/09\/remesas.jpg\",\"datePublished\":\"2020-09-19T07:44:55+00:00\",\"dateModified\":\"2023-05-19T22:46:52+00:00\",\"breadcrumb\":{\"@id\":\"https:\/\/elcomunista.org\/?p=9377#breadcrumb\"},\"inLanguage\":\"es\",\"potentialAction\":[{\"@type\":\"ReadAction\",\"target\":[\"https:\/\/elcomunista.org\/?p=9377\"]}]},{\"@type\":\"ImageObject\",\"inLanguage\":\"es\",\"@id\":\"https:\/\/elcomunista.org\/?p=9377#primaryimage\",\"url\":\"https:\/\/elcomunista.org\/wp-content\/uploads\/2020\/09\/remesas.jpg\",\"contentUrl\":\"https:\/\/elcomunista.org\/wp-content\/uploads\/2020\/09\/remesas.jpg\",\"width\":690,\"height\":460},{\"@type\":\"BreadcrumbList\",\"@id\":\"https:\/\/elcomunista.org\/?p=9377#breadcrumb\",\"itemListElement\":[{\"@type\":\"ListItem\",\"position\":1,\"name\":\"Portada\",\"item\":\"https:\/\/elcomunista.org\/\"},{\"@type\":\"ListItem\",\"position\":2,\"name\":\"Ca\u00edda de remesa, deportaciones y migraci\u00f3n en El Salvador\"}]},{\"@type\":\"WebSite\",\"@id\":\"https:\/\/elcomunista.org\/#website\",\"url\":\"https:\/\/elcomunista.org\/\",\"name\":\"Revoluci\u00f3n Comunista\",\"description\":\"Internacional Comunista Revolucionaria\",\"publisher\":{\"@id\":\"https:\/\/elcomunista.org\/#organization\"},\"potentialAction\":[{\"@type\":\"SearchAction\",\"target\":{\"@type\":\"EntryPoint\",\"urlTemplate\":\"https:\/\/elcomunista.org\/?s={search_term_string}\"},\"query-input\":{\"@type\":\"PropertyValueSpecification\",\"valueRequired\":true,\"valueName\":\"search_term_string\"}}],\"inLanguage\":\"es\"},{\"@type\":\"Organization\",\"@id\":\"https:\/\/elcomunista.org\/#organization\",\"name\":\"Bloque Popular Juvenil\",\"url\":\"https:\/\/elcomunista.org\/\",\"logo\":{\"@type\":\"ImageObject\",\"inLanguage\":\"es\",\"@id\":\"https:\/\/elcomunista.org\/#\/schema\/logo\/image\/\",\"url\":\"https:\/\/bloquepopularjuvenil.org\/wp-content\/uploads\/2018\/11\/bpj-militante.jpg\",\"contentUrl\":\"https:\/\/bloquepopularjuvenil.org\/wp-content\/uploads\/2018\/11\/bpj-militante.jpg\",\"width\":4000,\"height\":1390,\"caption\":\"Bloque Popular Juvenil\"},\"image\":{\"@id\":\"https:\/\/elcomunista.org\/#\/schema\/logo\/image\/\"},\"sameAs\":[\"https:\/\/www.facebook.com\/Bloquepopularjuvenil\",\"https:\/\/x.com\/ElBPJ\",\"https:\/\/www.instagram.com\/elbloque_bpj\/?hl=es-la\"]},{\"@type\":\"Person\",\"@id\":\"https:\/\/elcomunista.org\/#\/schema\/person\/d55d5350d790a4464cbc0e898065567d\",\"name\":\"Bloque Popular Juvenil\",\"image\":{\"@type\":\"ImageObject\",\"inLanguage\":\"es\",\"@id\":\"https:\/\/elcomunista.org\/#\/schema\/person\/image\/\",\"url\":\"https:\/\/secure.gravatar.com\/avatar\/85d12dca789bb6379dc38a198e1576cd?s=96&d=mm&r=g\",\"contentUrl\":\"https:\/\/secure.gravatar.com\/avatar\/85d12dca789bb6379dc38a198e1576cd?s=96&d=mm&r=g\",\"caption\":\"Bloque Popular Juvenil\"},\"url\":\"https:\/\/elcomunista.org\/?author=1\"}]}<\/script>\n<!-- \/ Yoast SEO plugin. -->","yoast_head_json":{"title":"Ca\u00edda de remesa, deportaciones y migraci\u00f3n en El Salvador","robots":{"index":"index","follow":"follow","max-snippet":"max-snippet:-1","max-image-preview":"max-image-preview:large","max-video-preview":"max-video-preview:-1"},"canonical":"https:\/\/elcomunista.org\/?p=9377","og_locale":"es_ES","og_type":"article","og_title":"Ca\u00edda de remesa, deportaciones y migraci\u00f3n en El Salvador","og_description":"Albino Alfaro En tiempos de pandemia, bajo un vicioso sistema capitalista, muchas cosas se han tornado dif\u00edciles para la econom\u00eda de los pa\u00edses empobrecidos latinoamericanos y una de las grandes problem\u00e1ticas es la ca\u00edda de las remesas desde el exterior, las cuales, en el caso de El Salvador equivalen a cerca del 17.1% del Producto...","og_url":"https:\/\/elcomunista.org\/?p=9377","og_site_name":"Revoluci\u00f3n Comunista","article_publisher":"https:\/\/www.facebook.com\/Bloquepopularjuvenil","article_published_time":"2020-09-19T07:44:55+00:00","article_modified_time":"2023-05-19T22:46:52+00:00","og_image":[{"width":690,"height":460,"url":"https:\/\/elcomunista.org\/wp-content\/uploads\/2020\/09\/remesas.jpg","type":"image\/jpeg"}],"author":"Bloque Popular Juvenil","twitter_card":"summary_large_image","twitter_creator":"@ElBPJ","twitter_site":"@ElBPJ","twitter_misc":{"Escrito por":"Bloque Popular Juvenil","Tiempo de lectura":"8 minutos"},"schema":{"@context":"https:\/\/schema.org","@graph":[{"@type":"Article","@id":"https:\/\/elcomunista.org\/?p=9377#article","isPartOf":{"@id":"https:\/\/elcomunista.org\/?p=9377"},"author":{"name":"Bloque Popular Juvenil","@id":"https:\/\/elcomunista.org\/#\/schema\/person\/d55d5350d790a4464cbc0e898065567d"},"headline":"Ca\u00edda de remesa, deportaciones y migraci\u00f3n en El Salvador","datePublished":"2020-09-19T07:44:55+00:00","dateModified":"2023-05-19T22:46:52+00:00","mainEntityOfPage":{"@id":"https:\/\/elcomunista.org\/?p=9377"},"wordCount":1605,"commentCount":0,"publisher":{"@id":"https:\/\/elcomunista.org\/#organization"},"image":{"@id":"https:\/\/elcomunista.org\/?p=9377#primaryimage"},"thumbnailUrl":"https:\/\/elcomunista.org\/wp-content\/uploads\/2020\/09\/remesas.jpg","keywords":["deportaciones","remesas familiares"],"articleSection":["Bloque Popular Juvenil","Econom\u00eda","Principales"],"inLanguage":"es","potentialAction":[{"@type":"CommentAction","name":"Comment","target":["https:\/\/elcomunista.org\/?p=9377#respond"]}]},{"@type":"WebPage","@id":"https:\/\/elcomunista.org\/?p=9377","url":"https:\/\/elcomunista.org\/?p=9377","name":"Ca\u00edda de remesa, deportaciones y migraci\u00f3n en El Salvador","isPartOf":{"@id":"https:\/\/elcomunista.org\/#website"},"primaryImageOfPage":{"@id":"https:\/\/elcomunista.org\/?p=9377#primaryimage"},"image":{"@id":"https:\/\/elcomunista.org\/?p=9377#primaryimage"},"thumbnailUrl":"https:\/\/elcomunista.org\/wp-content\/uploads\/2020\/09\/remesas.jpg","datePublished":"2020-09-19T07:44:55+00:00","dateModified":"2023-05-19T22:46:52+00:00","breadcrumb":{"@id":"https:\/\/elcomunista.org\/?p=9377#breadcrumb"},"inLanguage":"es","potentialAction":[{"@type":"ReadAction","target":["https:\/\/elcomunista.org\/?p=9377"]}]},{"@type":"ImageObject","inLanguage":"es","@id":"https:\/\/elcomunista.org\/?p=9377#primaryimage","url":"https:\/\/elcomunista.org\/wp-content\/uploads\/2020\/09\/remesas.jpg","contentUrl":"https:\/\/elcomunista.org\/wp-content\/uploads\/2020\/09\/remesas.jpg","width":690,"height":460},{"@type":"BreadcrumbList","@id":"https:\/\/elcomunista.org\/?p=9377#breadcrumb","itemListElement":[{"@type":"ListItem","position":1,"name":"Portada","item":"https:\/\/elcomunista.org\/"},{"@type":"ListItem","position":2,"name":"Ca\u00edda de remesa, deportaciones y migraci\u00f3n en El Salvador"}]},{"@type":"WebSite","@id":"https:\/\/elcomunista.org\/#website","url":"https:\/\/elcomunista.org\/","name":"Revoluci\u00f3n Comunista","description":"Internacional Comunista Revolucionaria","publisher":{"@id":"https:\/\/elcomunista.org\/#organization"},"potentialAction":[{"@type":"SearchAction","target":{"@type":"EntryPoint","urlTemplate":"https:\/\/elcomunista.org\/?s={search_term_string}"},"query-input":{"@type":"PropertyValueSpecification","valueRequired":true,"valueName":"search_term_string"}}],"inLanguage":"es"},{"@type":"Organization","@id":"https:\/\/elcomunista.org\/#organization","name":"Bloque Popular Juvenil","url":"https:\/\/elcomunista.org\/","logo":{"@type":"ImageObject","inLanguage":"es","@id":"https:\/\/elcomunista.org\/#\/schema\/logo\/image\/","url":"https:\/\/bloquepopularjuvenil.org\/wp-content\/uploads\/2018\/11\/bpj-militante.jpg","contentUrl":"https:\/\/bloquepopularjuvenil.org\/wp-content\/uploads\/2018\/11\/bpj-militante.jpg","width":4000,"height":1390,"caption":"Bloque Popular Juvenil"},"image":{"@id":"https:\/\/elcomunista.org\/#\/schema\/logo\/image\/"},"sameAs":["https:\/\/www.facebook.com\/Bloquepopularjuvenil","https:\/\/x.com\/ElBPJ","https:\/\/www.instagram.com\/elbloque_bpj\/?hl=es-la"]},{"@type":"Person","@id":"https:\/\/elcomunista.org\/#\/schema\/person\/d55d5350d790a4464cbc0e898065567d","name":"Bloque Popular Juvenil","image":{"@type":"ImageObject","inLanguage":"es","@id":"https:\/\/elcomunista.org\/#\/schema\/person\/image\/","url":"https:\/\/secure.gravatar.com\/avatar\/85d12dca789bb6379dc38a198e1576cd?s=96&d=mm&r=g","contentUrl":"https:\/\/secure.gravatar.com\/avatar\/85d12dca789bb6379dc38a198e1576cd?s=96&d=mm&r=g","caption":"Bloque Popular Juvenil"},"url":"https:\/\/elcomunista.org\/?author=1"}]}},"jetpack_featured_media_url":"https:\/\/elcomunista.org\/wp-content\/uploads\/2020\/09\/remesas.jpg","jetpack_likes_enabled":true,"jetpack_sharing_enabled":true,"_links":{"self":[{"href":"https:\/\/elcomunista.org\/index.php?rest_route=\/wp\/v2\/posts\/9377"}],"collection":[{"href":"https:\/\/elcomunista.org\/index.php?rest_route=\/wp\/v2\/posts"}],"about":[{"href":"https:\/\/elcomunista.org\/index.php?rest_route=\/wp\/v2\/types\/post"}],"author":[{"embeddable":true,"href":"https:\/\/elcomunista.org\/index.php?rest_route=\/wp\/v2\/users\/1"}],"replies":[{"embeddable":true,"href":"https:\/\/elcomunista.org\/index.php?rest_route=%2Fwp%2Fv2%2Fcomments&post=9377"}],"version-history":[{"count":0,"href":"https:\/\/elcomunista.org\/index.php?rest_route=\/wp\/v2\/posts\/9377\/revisions"}],"wp:featuredmedia":[{"embeddable":true,"href":"https:\/\/elcomunista.org\/index.php?rest_route=\/wp\/v2\/media\/9378"}],"wp:attachment":[{"href":"https:\/\/elcomunista.org\/index.php?rest_route=%2Fwp%2Fv2%2Fmedia&parent=9377"}],"wp:term":[{"taxonomy":"category","embeddable":true,"href":"https:\/\/elcomunista.org\/index.php?rest_route=%2Fwp%2Fv2%2Fcategories&post=9377"},{"taxonomy":"post_tag","embeddable":true,"href":"https:\/\/elcomunista.org\/index.php?rest_route=%2Fwp%2Fv2%2Ftags&post=9377"}],"curies":[{"name":"wp","href":"https:\/\/api.w.org\/{rel}","templated":true}]}}