{"id":9405,"date":"2020-09-22T23:54:56","date_gmt":"2020-09-23T05:54:56","guid":{"rendered":"http:\/\/bloquepopularjuvenil.org\/?p=9405"},"modified":"2020-09-23T00:05:35","modified_gmt":"2020-09-23T06:05:35","slug":"el-guernica-de-picasso-una-obra-maestra-del-arte-contemporaneo-y-del-arte-comprometido-politicamente","status":"publish","type":"post","link":"https:\/\/elcomunista.org\/?p=9405","title":{"rendered":"El Guernica de Picasso, una obra maestra del arte contempor\u00e1neo y del arte comprometido pol\u00edticamente."},"content":{"rendered":"<p>\u00ab\u00bfQu\u00e9 cree usted que es un artista? \u00bfUn imb\u00e9cil que s\u00f3lo tiene ojos si es pintor, o\u00eddos si es m\u00fasico, una lira que ocupa todo su coraz\u00f3n si es poeta, o incluso s\u00f3lo m\u00fasculos si es boxeador? Por el contrario, es un ser pol\u00edtico, constantemente consciente de los acontecimientos estremecedores, airados o afortunados a los que responde de todas maneras. \u00bfC\u00f3mo ser\u00eda posible disociarse de otros hombres; en virtud de qu\u00e9 indiferencia de marfil debes alejarte de la vida que tan abundantemente te proporcionan? No, la pintura no se hace para decorar apartamentos. Es un instrumento para la guerra ofensiva y defensiva contra el enemigo\u00bb.\u00a0<\/p>\n<p>Pablo Picasso, <em>Les Lettres Fran\u00e7aises<\/em>. Marzo de 1945<\/p>\n<hr \/>\n<p>Una de las obras de arte m\u00e1s importantes del siglo XX: el <em>Guernica<\/em>, de Pablo Picasso.Sin duda, se trata de una obra ic\u00f3nica contra la barbarie de la guerra pero no de \u201ccualquier guerra\u201d, como les gusta afirmar a los especialistas amancebados del establishment, sino contra las guerras de los poderosos que persiguen la opresi\u00f3n, la esclavizaci\u00f3n y el asesinato en masa de la gente com\u00fan y corriente.<\/p>\n<p>En enero de 1937, en plena guerra civil, el gobierno de la Rep\u00fablica espa\u00f1ola encarg\u00f3 a Pablo Picasso una obra de gran formato para ser exhibida en el Pabell\u00f3n de Espa\u00f1a de la Exposici\u00f3n Mundial de Par\u00eds, que deb\u00eda celebrarse en el mes de junio. El cometido del gobierno espa\u00f1ol era utilizar esta exposici\u00f3n como un alegato en defensa de la Espa\u00f1a republicana.<\/p>\n<p>Durante meses, Picasso, que atravesaba en aquel momento una fase depresiva en su labor creativa, trat\u00f3 de buscar en vano una imagen que le inspirara y que estuviera a la altura de lo que \u00e9l consideraba que deb\u00eda expresar el cuadro.<\/p>\n<p><strong>El bombardeo de Guernica<\/strong><\/p>\n<p>El 26 de abril de 1937, el ej\u00e9rcito franquista del norte peninsular, bajo la direcci\u00f3n de los generales Mola y Kindel\u00e1n, encarg\u00f3 al Alto Comando Alem\u00e1n el bombardeo a\u00e9reo de la ciudad vasca de Guernica, de unos 10.000 habitantes. El bombardeo fue llevado a cabo por la Legi\u00f3n C\u00f3ndor alemana, con apoyo de la aviaci\u00f3n italiana.<\/p>\n<p>Es ya conocido que la aviaci\u00f3n alemana dise\u00f1\u00f3 este bombardeo como un ensayo para posteriores bombardeos en la guerra mundial que se avecinaba, utilizando para ello los bombarderos Junker y Heinkel, que lanzaron cerca de 40 toneladas de bombas destructivas e incendiarias, algunas de hasta 250 kilos. Esto fue completado con el ametrallamiento desde el aire de la poblaci\u00f3n que corr\u00eda despavorida para ocultarse en los refugios y en los campos colindantes.<\/p>\n<p>El bombardeo dur\u00f3 3 horas, en oleadas regulares. El 85% de la ciudad qued\u00f3 devastada. La cifra exacta de muertos oscila, seg\u00fan las fuentes, desde varios cientos hasta m\u00e1s de 1.000. Como en los bombardeos anteriores de las ciudades vascas de Eibar y Durango, el cometido era llevar el terror a la poblaci\u00f3n civil, pero tambi\u00e9n hab\u00eda un elemento pol\u00edtico en la elecci\u00f3n de Guernica como objetivo militar, al hospedar los s\u00edmbolos m\u00e1s importantes del pueblo vasco, como la Casa de Juntas y el roble centenario, s\u00edmbolo de las libertades vascas.<\/p>\n<p>Las noticias del bombardeo de Guernica y las fotograf\u00edas de la matanza y devastaci\u00f3n fueron reproducidas por la prensa europea en los d\u00edas siguientes. Picasso qued\u00f3 conmocionado por la magnitud de la masacre y las im\u00e1genes. La inspiraci\u00f3n para su obra, que hab\u00eda permanecido comprimida en los pliegues ocultos de su cerebro durante meses, se desat\u00f3 explosivamente con una fuerza tel\u00farica. El 1 de mayo realiz\u00f3 el primer esbozo de la obra, y tras 35 d\u00edas de una labor fren\u00e9tica pudo presentarla a tiempo al mundo para que fuera exhibida en la Exposici\u00f3n.<\/p>\n<p>Picasso era consciente de que estaba creando una obra imperecedera. El impacto de la misma fue enorme, y recibi\u00f3 una aclamaci\u00f3n un\u00e1nime. Despu\u00e9s de la Exposici\u00f3n, el cuadro realiz\u00f3 una gira itinerante por media Europa, como instrumento de propaganda a favor de la Rep\u00fablica espa\u00f1ola. En mayo de 1939, la pintura fue embarcada hacia Nueva York, en un traslado auspiciado por el Museo de Arte Moderno (MOMA), para recaudar fondos para los refugiados republicanos espa\u00f1oles. En EEUU, el cuadro fue exhibido en nuevas giras por todo el pa\u00eds, hasta que a mediados de los a\u00f1os 40 qued\u00f3 definitivamente expuesto en el MOMA.<\/p>\n<p>El Guernica es una de las expresiones m\u00e1s elevadas del arte comprometido pol\u00edticamente, que nada tiene que ver con el arte de propaganda. El Guernica es Arte con may\u00fasculas porque, como dice Alan Woods, tiene algo que decirnos, no es meramente una obra para admirar de un instante congelado, sino que suscita emociones en el espectador que le obligan a tomar conciencia y partido sobre un hecho, sobre una idea.<\/p>\n<p><strong>Contra el \u201crevisionismo\u201d del <em>Guernica<\/em><\/strong><\/p>\n<p>Ocurre frecuentemente con las obras de arte que simbolizan el compromiso pol\u00edtico, lo mismo que con los hechos hist\u00f3ricos o los personajes revolucionarios, y es que pasado el tiempo se los trata como iconos inofensivos, castrando su contenido revolucionario. De la misma manera, se oculta frecuentemente la militancia comunista de Picasso.<\/p>\n<p>As\u00ed, Paloma Esteban Leal, conservadora del Museo Reina Sof\u00eda de Madrid \u2013donde est\u00e1 instalado el <em>Guernica<\/em>\u2013 comentaba hace unos a\u00f1os en una entrevista para el diario espa\u00f1ol El Mundo:<\/p>\n<p>\u00abEn &#8216;Guernica&#8217; no hay bombas, ni aviones, ni nada por el estilo porque no es una guerra u otra guerra, ni \u00e9sta ni aqu\u00e9lla; es la manera en que Picasso muestra su rechazo a cualquier tipo de violencia de la guerra\u00bb.<\/p>\n<p>No es casual que los cr\u00edticos convencionales de arte traten de castrar el contenido concreto de esta obra, la masacre de la poblaci\u00f3n de Guernica por el fascismo. Al presentarla como un mero lloriqueo \u201cpacifista\u201d, matan su verdadero mensaje que es la denuncia militante del militarismo opresor.<\/p>\n<p>Despojar a una obra de arte, particularmente de arte comprometido, de su contenido concreto es una falsificaci\u00f3n art\u00edstica e hist\u00f3rica \u00bfC\u00f3mo separar el gran antecedente del Guernica, el gran cuadro de Goya \u201cLos fusilamiento del 3 de mayo\u201d, de los hechos que le dieron la vida: la brutal ocupaci\u00f3n napole\u00f3nica, y el levantamiento popular de Madrid? Lo que estas grandes obras de arte tienen de general, de simbolismo para otras experiencias humanas, parte precisamente de los hechos concretos en que est\u00e1n inspiradas. Algo que nunca podr\u00e1 alcanzar una obra que exponga el motivo de la guerra \u201cen general\u201d.<\/p>\n<figure>\n<p><img decoding=\"async\" src=\"http:\/\/www.luchadeclases.org\/images\/22g.jpg\" alt=\"22g\" \/><br \/>\u00abLos fusilamientos del 3 de mayo\u00bb, de Goya<\/p>\n<\/figure>\n<p>En la misma l\u00ednea, el Museo Reina Sof\u00eda ha dise\u00f1ado una exposici\u00f3n para conmemorar este 80\u00ba aniversario que se llama: \u201cPiedad y terror en Picasso: el camino a Guernica\u201d, donde se exhiben obras de Picasso desde 1924 con motivos de guerra y violencia que, supuestamente, le habr\u00edan ayudado a inspirarle el <em>Guernica<\/em>. Lo escandaloso de esta exposici\u00f3n es que \u00a1no contiene ni una sola referencia a la guerra civil espa\u00f1ola ni al bombardeo de Guernica!<\/p>\n<p>El objetivo es similar al que se\u00f1alamos antes, no mostrar la inspiraci\u00f3n del <em>Guernica<\/em> en la barbarie fascista, sino en obras anteriores del artista, como si estuvi\u00e9ramos ante una expresi\u00f3n del \u201carte por el arte\u201d, en lugar del arte por la vida. Ideas similares han venido a plantear numerosos \u201cespecialistas\u201d, se\u00f1alando que algunas de las figuras del Guernica se inspiran en cuadros de Girolamo Mirola, de Rubens, o en im\u00e1genes de la pel\u00edcula \u201cAdi\u00f3s a las armas\u201d de Frank Borzage \u00a1Algunos han llegado al punto de ver en el Guernica un trasfondo psicol\u00f3gico de la turbulenta vida afectiva del pintor!<\/p>\n<p>Afortunadamente, el propio Pablo Picasso respondi\u00f3 por adelantado a estos \u201ccr\u00edticos\u201d, cuando declar\u00f3 en una entrevista mientras trabajaba en su obra:<\/p>\n<p>\u00abLa guerra espa\u00f1ola es la lucha de la reacci\u00f3n contra el pueblo, contra la libertad. Toda mi vida como artista no ha sido m\u00e1s que una lucha continua contra la reacci\u00f3n y la muerte del arte. \u00bfC\u00f3mo podr\u00eda alguien pensar por un momento que podr\u00eda estar de acuerdo con la reacci\u00f3n y la muerte?&#8230; En el panel sobre el que estoy trabajando, que llamar\u00e9 \u00abGuernica\u00bb, y en todas mis recientes obras de arte, expreso claramente mi aborrecimiento por la casta militar que ha hundido a Espa\u00f1a en un oc\u00e9ano de dolor y muerte\u201d.<\/p>\n<p>Por si hiciera falta una palabra final sobre el car\u00e1cter \u201cpol\u00edtico\u201d del <em>Guernica<\/em>, baste decir que Picasso dej\u00f3 por escrito su mandato \u2013ya que nunca cedi\u00f3 la propiedad del cuadro\u2013 de que el Guernica s\u00f3lo residiera en Espa\u00f1a cuando fueran restablecidas las libertades pol\u00edticas, y no fue hasta 1981 que el cuadro qued\u00f3 instalado en el pa\u00eds.<\/p>\n<p><strong>El simbolismo del <em>Guernica<\/em><\/strong><\/p>\n<p>Aunque Picasso rechazaba con desd\u00e9n estar en la obligaci\u00f3n de \u00abdescifrar\u00bb el contenido concreto de sus obras, algo que consideraba indigno como artista, no podemos dejar de resaltar aqu\u00ed el simbolismo de esta obra que tanto impacto ha provocado durante varias generaciones. A este respecto, mucho se ha escrito y dicho, y s\u00f3lo reflejaremos unos cuantos apuntes.<\/p>\n<p>Lo primero que capta nuestra atenci\u00f3n es la ausencia de colores vivos, s\u00f3lo el blanco y el negro matizados por los grises, el reflejo de la guerra, la desolaci\u00f3n y la barbarie. La escena fundamental del cuadro recurre a un motivo profundamente espa\u00f1ol, como es la corrida de toros. El toro, impasible e inexpresivo, ubicado a la izquierda, representa la Bestia, que se yergue vencedora sobre el pueblo, representado por el torero que yace agonizante con su cuerpo destrozado y su espada rota, aunque su mano se aferra a una flor, que simboliza la vida. El caballo del \u201cpicador\u201d, que ocupa el centro, aparece ensartado por una lanza, relincha de dolor y de injusticia con su cabeza y expresi\u00f3n desencajada vuelta hacia el toro. Debajo de este, una madre grita desgarradoramente al toro con su hijo muerto en sus brazos. A la derecha, devorada por el fuego, una figura humana \u2013claramente inspirada en el \u201cfusilado\u201d del famoso cuadro de Goya que antes mencionamos\u2013 levanta sus brazos en se\u00f1al de injusticia.<\/p>\n<p>Dos mujeres se apresuran hacia el caballo y hacia el centro del cuadro, una extiende el brazo por encima de la cabeza sosteniendo una vela iluminando el alboroto, mientras la otra, semierguida y con sus piernas quebradas, parece suplicar.<\/p>\n<p>Arriba en el centro, la bombilla el\u00e9ctrica en forma de ojo y sol, es el testigo de la barbarie, que se encarga de ver para el resto del mundo, para que el crimen quede registrado.<\/p>\n<p><strong>El <em>Guernica<\/em>: Un llamamiento para la acci\u00f3n<\/strong><\/p>\n<p>El capitalismo es horror sin fin. Multitud de Guernicas han tenido lugar d\u00e9cadas despu\u00e9s: en la 2\u00aa Guerra Mundial, en Vietnam, Irak, Siria, Palestina, y otros sitios. Como dice Alan Woods: \u201cEl objetivo del gran arte no es entretener, no es s\u00f3lo mostrar de una manera superficial y neutral, sino penetrar debajo de la superficie y exponer la realidad que reside debajo\u201d. El Guernica nos sigue conmoviendo porque refleja la realidad actual del capitalismo. Tambi\u00e9n es un manifiesto, un llamamiento de atenci\u00f3n sobre lo que nos destina el capitalismo si no es derribado.<\/p>\n<p>Pero otro mundo est\u00e1 pugnando por nacer, un mundo socialista sin guerras, explotaci\u00f3n ni opresi\u00f3n. El <em>Guernica<\/em> debe inspirarnos para hacerlo realidad.<\/p>","protected":false},"excerpt":{"rendered":"<p>\u00ab\u00bfQu\u00e9 cree usted que es un artista? \u00bfUn imb\u00e9cil que s\u00f3lo tiene ojos si es pintor, o\u00eddos si es m\u00fasico, una lira que ocupa todo su coraz\u00f3n si es poeta, o incluso s\u00f3lo m\u00fasculos si es boxeador? Por el contrario, es un ser pol\u00edtico, constantemente consciente de los acontecimientos estremecedores, airados o afortunados a los&#8230;<\/p>\n","protected":false},"author":22,"featured_media":9406,"comment_status":"open","ping_status":"open","sticky":false,"template":"","format":"standard","meta":{"_monsterinsights_skip_tracking":false,"_monsterinsights_sitenote_active":false,"_monsterinsights_sitenote_note":"","_monsterinsights_sitenote_category":0,"_uf_show_specific_survey":0,"_uf_disable_surveys":false,"_jetpack_memberships_contains_paid_content":false,"footnotes":""},"categories":[63,537],"tags":[1266,1267],"class_list":["post-9405","post","type-post","status-publish","format-standard","has-post-thumbnail","hentry","category-arte-y-cultura","category-principales","tag-el-guernica","tag-picasso"],"aioseo_notices":[],"yoast_head":"<!-- This site is optimized with the Yoast SEO plugin v25.6 - https:\/\/yoast.com\/wordpress\/plugins\/seo\/ -->\n<title>El Guernica de Picasso, una obra maestra del arte contempor\u00e1neo y del arte comprometido pol\u00edticamente.<\/title>\n<meta name=\"robots\" content=\"index, follow, max-snippet:-1, max-image-preview:large, max-video-preview:-1\" \/>\n<link rel=\"canonical\" href=\"https:\/\/elcomunista.org\/?p=9405\" \/>\n<meta property=\"og:locale\" content=\"es_ES\" \/>\n<meta property=\"og:type\" content=\"article\" \/>\n<meta property=\"og:title\" content=\"El Guernica de Picasso, una obra maestra del arte contempor\u00e1neo y del arte comprometido pol\u00edticamente.\" \/>\n<meta property=\"og:description\" content=\"\u00ab\u00bfQu\u00e9 cree usted que es un artista? \u00bfUn imb\u00e9cil que s\u00f3lo tiene ojos si es pintor, o\u00eddos si es m\u00fasico, una lira que ocupa todo su coraz\u00f3n si es poeta, o incluso s\u00f3lo m\u00fasculos si es boxeador? Por el contrario, es un ser pol\u00edtico, constantemente consciente de los acontecimientos estremecedores, airados o afortunados a los...\" \/>\n<meta property=\"og:url\" content=\"https:\/\/elcomunista.org\/?p=9405\" \/>\n<meta property=\"og:site_name\" content=\"Revoluci\u00f3n Comunista\" \/>\n<meta property=\"article:publisher\" content=\"https:\/\/www.facebook.com\/Bloquepopularjuvenil\" \/>\n<meta property=\"article:published_time\" content=\"2020-09-23T05:54:56+00:00\" \/>\n<meta property=\"article:modified_time\" content=\"2020-09-23T06:05:35+00:00\" \/>\n<meta property=\"og:image\" content=\"https:\/\/elcomunista.org\/wp-content\/uploads\/2020\/09\/GUERNICA-DESTACADA.jpg\" \/>\n\t<meta property=\"og:image:width\" content=\"1024\" \/>\n\t<meta property=\"og:image:height\" content=\"466\" \/>\n\t<meta property=\"og:image:type\" content=\"image\/jpeg\" \/>\n<meta name=\"author\" content=\"David Rey\" \/>\n<meta name=\"twitter:card\" content=\"summary_large_image\" \/>\n<meta name=\"twitter:creator\" content=\"@ElBPJ\" \/>\n<meta name=\"twitter:site\" content=\"@ElBPJ\" \/>\n<meta name=\"twitter:label1\" content=\"Escrito por\" \/>\n\t<meta name=\"twitter:data1\" content=\"David Rey\" \/>\n\t<meta name=\"twitter:label2\" content=\"Tiempo de lectura\" \/>\n\t<meta name=\"twitter:data2\" content=\"10 minutos\" \/>\n<script type=\"application\/ld+json\" class=\"yoast-schema-graph\">{\"@context\":\"https:\/\/schema.org\",\"@graph\":[{\"@type\":\"Article\",\"@id\":\"https:\/\/elcomunista.org\/?p=9405#article\",\"isPartOf\":{\"@id\":\"https:\/\/elcomunista.org\/?p=9405\"},\"author\":{\"name\":\"David Rey\",\"@id\":\"https:\/\/elcomunista.org\/#\/schema\/person\/c065fb3c6c6d7abe2cafd2cff036d50a\"},\"headline\":\"El Guernica de Picasso, una obra maestra del arte contempor\u00e1neo y del arte comprometido pol\u00edticamente.\",\"datePublished\":\"2020-09-23T05:54:56+00:00\",\"dateModified\":\"2020-09-23T06:05:35+00:00\",\"mainEntityOfPage\":{\"@id\":\"https:\/\/elcomunista.org\/?p=9405\"},\"wordCount\":1959,\"commentCount\":0,\"publisher\":{\"@id\":\"https:\/\/elcomunista.org\/#organization\"},\"image\":{\"@id\":\"https:\/\/elcomunista.org\/?p=9405#primaryimage\"},\"thumbnailUrl\":\"https:\/\/elcomunista.org\/wp-content\/uploads\/2020\/09\/GUERNICA-DESTACADA.jpg\",\"keywords\":[\"El Guernica\",\"Picasso\"],\"articleSection\":[\"Arte y Cultura\",\"Principales\"],\"inLanguage\":\"es\",\"potentialAction\":[{\"@type\":\"CommentAction\",\"name\":\"Comment\",\"target\":[\"https:\/\/elcomunista.org\/?p=9405#respond\"]}]},{\"@type\":\"WebPage\",\"@id\":\"https:\/\/elcomunista.org\/?p=9405\",\"url\":\"https:\/\/elcomunista.org\/?p=9405\",\"name\":\"El Guernica de Picasso, una obra maestra del arte contempor\u00e1neo y del arte comprometido pol\u00edticamente.\",\"isPartOf\":{\"@id\":\"https:\/\/elcomunista.org\/#website\"},\"primaryImageOfPage\":{\"@id\":\"https:\/\/elcomunista.org\/?p=9405#primaryimage\"},\"image\":{\"@id\":\"https:\/\/elcomunista.org\/?p=9405#primaryimage\"},\"thumbnailUrl\":\"https:\/\/elcomunista.org\/wp-content\/uploads\/2020\/09\/GUERNICA-DESTACADA.jpg\",\"datePublished\":\"2020-09-23T05:54:56+00:00\",\"dateModified\":\"2020-09-23T06:05:35+00:00\",\"breadcrumb\":{\"@id\":\"https:\/\/elcomunista.org\/?p=9405#breadcrumb\"},\"inLanguage\":\"es\",\"potentialAction\":[{\"@type\":\"ReadAction\",\"target\":[\"https:\/\/elcomunista.org\/?p=9405\"]}]},{\"@type\":\"ImageObject\",\"inLanguage\":\"es\",\"@id\":\"https:\/\/elcomunista.org\/?p=9405#primaryimage\",\"url\":\"https:\/\/elcomunista.org\/wp-content\/uploads\/2020\/09\/GUERNICA-DESTACADA.jpg\",\"contentUrl\":\"https:\/\/elcomunista.org\/wp-content\/uploads\/2020\/09\/GUERNICA-DESTACADA.jpg\",\"width\":1024,\"height\":466},{\"@type\":\"BreadcrumbList\",\"@id\":\"https:\/\/elcomunista.org\/?p=9405#breadcrumb\",\"itemListElement\":[{\"@type\":\"ListItem\",\"position\":1,\"name\":\"Portada\",\"item\":\"https:\/\/elcomunista.org\/\"},{\"@type\":\"ListItem\",\"position\":2,\"name\":\"El Guernica de Picasso, una obra maestra del arte contempor\u00e1neo y del arte comprometido pol\u00edticamente.\"}]},{\"@type\":\"WebSite\",\"@id\":\"https:\/\/elcomunista.org\/#website\",\"url\":\"https:\/\/elcomunista.org\/\",\"name\":\"Revoluci\u00f3n Comunista\",\"description\":\"Internacional Comunista Revolucionaria\",\"publisher\":{\"@id\":\"https:\/\/elcomunista.org\/#organization\"},\"potentialAction\":[{\"@type\":\"SearchAction\",\"target\":{\"@type\":\"EntryPoint\",\"urlTemplate\":\"https:\/\/elcomunista.org\/?s={search_term_string}\"},\"query-input\":{\"@type\":\"PropertyValueSpecification\",\"valueRequired\":true,\"valueName\":\"search_term_string\"}}],\"inLanguage\":\"es\"},{\"@type\":\"Organization\",\"@id\":\"https:\/\/elcomunista.org\/#organization\",\"name\":\"Bloque Popular Juvenil\",\"url\":\"https:\/\/elcomunista.org\/\",\"logo\":{\"@type\":\"ImageObject\",\"inLanguage\":\"es\",\"@id\":\"https:\/\/elcomunista.org\/#\/schema\/logo\/image\/\",\"url\":\"https:\/\/bloquepopularjuvenil.org\/wp-content\/uploads\/2018\/11\/bpj-militante.jpg\",\"contentUrl\":\"https:\/\/bloquepopularjuvenil.org\/wp-content\/uploads\/2018\/11\/bpj-militante.jpg\",\"width\":4000,\"height\":1390,\"caption\":\"Bloque Popular Juvenil\"},\"image\":{\"@id\":\"https:\/\/elcomunista.org\/#\/schema\/logo\/image\/\"},\"sameAs\":[\"https:\/\/www.facebook.com\/Bloquepopularjuvenil\",\"https:\/\/x.com\/ElBPJ\",\"https:\/\/www.instagram.com\/elbloque_bpj\/?hl=es-la\"]},{\"@type\":\"Person\",\"@id\":\"https:\/\/elcomunista.org\/#\/schema\/person\/c065fb3c6c6d7abe2cafd2cff036d50a\",\"name\":\"David Rey\",\"image\":{\"@type\":\"ImageObject\",\"inLanguage\":\"es\",\"@id\":\"https:\/\/elcomunista.org\/#\/schema\/person\/image\/\",\"url\":\"https:\/\/secure.gravatar.com\/avatar\/c74c7fe5cb5f7b7367a5ec19f0006806?s=96&d=mm&r=g\",\"contentUrl\":\"https:\/\/secure.gravatar.com\/avatar\/c74c7fe5cb5f7b7367a5ec19f0006806?s=96&d=mm&r=g\",\"caption\":\"David Rey\"},\"url\":\"https:\/\/elcomunista.org\/?author=22\"}]}<\/script>\n<!-- \/ Yoast SEO plugin. -->","yoast_head_json":{"title":"El Guernica de Picasso, una obra maestra del arte contempor\u00e1neo y del arte comprometido pol\u00edticamente.","robots":{"index":"index","follow":"follow","max-snippet":"max-snippet:-1","max-image-preview":"max-image-preview:large","max-video-preview":"max-video-preview:-1"},"canonical":"https:\/\/elcomunista.org\/?p=9405","og_locale":"es_ES","og_type":"article","og_title":"El Guernica de Picasso, una obra maestra del arte contempor\u00e1neo y del arte comprometido pol\u00edticamente.","og_description":"\u00ab\u00bfQu\u00e9 cree usted que es un artista? \u00bfUn imb\u00e9cil que s\u00f3lo tiene ojos si es pintor, o\u00eddos si es m\u00fasico, una lira que ocupa todo su coraz\u00f3n si es poeta, o incluso s\u00f3lo m\u00fasculos si es boxeador? Por el contrario, es un ser pol\u00edtico, constantemente consciente de los acontecimientos estremecedores, airados o afortunados a los...","og_url":"https:\/\/elcomunista.org\/?p=9405","og_site_name":"Revoluci\u00f3n Comunista","article_publisher":"https:\/\/www.facebook.com\/Bloquepopularjuvenil","article_published_time":"2020-09-23T05:54:56+00:00","article_modified_time":"2020-09-23T06:05:35+00:00","og_image":[{"width":1024,"height":466,"url":"https:\/\/elcomunista.org\/wp-content\/uploads\/2020\/09\/GUERNICA-DESTACADA.jpg","type":"image\/jpeg"}],"author":"David Rey","twitter_card":"summary_large_image","twitter_creator":"@ElBPJ","twitter_site":"@ElBPJ","twitter_misc":{"Escrito por":"David Rey","Tiempo de lectura":"10 minutos"},"schema":{"@context":"https:\/\/schema.org","@graph":[{"@type":"Article","@id":"https:\/\/elcomunista.org\/?p=9405#article","isPartOf":{"@id":"https:\/\/elcomunista.org\/?p=9405"},"author":{"name":"David Rey","@id":"https:\/\/elcomunista.org\/#\/schema\/person\/c065fb3c6c6d7abe2cafd2cff036d50a"},"headline":"El Guernica de Picasso, una obra maestra del arte contempor\u00e1neo y del arte comprometido pol\u00edticamente.","datePublished":"2020-09-23T05:54:56+00:00","dateModified":"2020-09-23T06:05:35+00:00","mainEntityOfPage":{"@id":"https:\/\/elcomunista.org\/?p=9405"},"wordCount":1959,"commentCount":0,"publisher":{"@id":"https:\/\/elcomunista.org\/#organization"},"image":{"@id":"https:\/\/elcomunista.org\/?p=9405#primaryimage"},"thumbnailUrl":"https:\/\/elcomunista.org\/wp-content\/uploads\/2020\/09\/GUERNICA-DESTACADA.jpg","keywords":["El Guernica","Picasso"],"articleSection":["Arte y Cultura","Principales"],"inLanguage":"es","potentialAction":[{"@type":"CommentAction","name":"Comment","target":["https:\/\/elcomunista.org\/?p=9405#respond"]}]},{"@type":"WebPage","@id":"https:\/\/elcomunista.org\/?p=9405","url":"https:\/\/elcomunista.org\/?p=9405","name":"El Guernica de Picasso, una obra maestra del arte contempor\u00e1neo y del arte comprometido pol\u00edticamente.","isPartOf":{"@id":"https:\/\/elcomunista.org\/#website"},"primaryImageOfPage":{"@id":"https:\/\/elcomunista.org\/?p=9405#primaryimage"},"image":{"@id":"https:\/\/elcomunista.org\/?p=9405#primaryimage"},"thumbnailUrl":"https:\/\/elcomunista.org\/wp-content\/uploads\/2020\/09\/GUERNICA-DESTACADA.jpg","datePublished":"2020-09-23T05:54:56+00:00","dateModified":"2020-09-23T06:05:35+00:00","breadcrumb":{"@id":"https:\/\/elcomunista.org\/?p=9405#breadcrumb"},"inLanguage":"es","potentialAction":[{"@type":"ReadAction","target":["https:\/\/elcomunista.org\/?p=9405"]}]},{"@type":"ImageObject","inLanguage":"es","@id":"https:\/\/elcomunista.org\/?p=9405#primaryimage","url":"https:\/\/elcomunista.org\/wp-content\/uploads\/2020\/09\/GUERNICA-DESTACADA.jpg","contentUrl":"https:\/\/elcomunista.org\/wp-content\/uploads\/2020\/09\/GUERNICA-DESTACADA.jpg","width":1024,"height":466},{"@type":"BreadcrumbList","@id":"https:\/\/elcomunista.org\/?p=9405#breadcrumb","itemListElement":[{"@type":"ListItem","position":1,"name":"Portada","item":"https:\/\/elcomunista.org\/"},{"@type":"ListItem","position":2,"name":"El Guernica de Picasso, una obra maestra del arte contempor\u00e1neo y del arte comprometido pol\u00edticamente."}]},{"@type":"WebSite","@id":"https:\/\/elcomunista.org\/#website","url":"https:\/\/elcomunista.org\/","name":"Revoluci\u00f3n Comunista","description":"Internacional Comunista Revolucionaria","publisher":{"@id":"https:\/\/elcomunista.org\/#organization"},"potentialAction":[{"@type":"SearchAction","target":{"@type":"EntryPoint","urlTemplate":"https:\/\/elcomunista.org\/?s={search_term_string}"},"query-input":{"@type":"PropertyValueSpecification","valueRequired":true,"valueName":"search_term_string"}}],"inLanguage":"es"},{"@type":"Organization","@id":"https:\/\/elcomunista.org\/#organization","name":"Bloque Popular Juvenil","url":"https:\/\/elcomunista.org\/","logo":{"@type":"ImageObject","inLanguage":"es","@id":"https:\/\/elcomunista.org\/#\/schema\/logo\/image\/","url":"https:\/\/bloquepopularjuvenil.org\/wp-content\/uploads\/2018\/11\/bpj-militante.jpg","contentUrl":"https:\/\/bloquepopularjuvenil.org\/wp-content\/uploads\/2018\/11\/bpj-militante.jpg","width":4000,"height":1390,"caption":"Bloque Popular Juvenil"},"image":{"@id":"https:\/\/elcomunista.org\/#\/schema\/logo\/image\/"},"sameAs":["https:\/\/www.facebook.com\/Bloquepopularjuvenil","https:\/\/x.com\/ElBPJ","https:\/\/www.instagram.com\/elbloque_bpj\/?hl=es-la"]},{"@type":"Person","@id":"https:\/\/elcomunista.org\/#\/schema\/person\/c065fb3c6c6d7abe2cafd2cff036d50a","name":"David Rey","image":{"@type":"ImageObject","inLanguage":"es","@id":"https:\/\/elcomunista.org\/#\/schema\/person\/image\/","url":"https:\/\/secure.gravatar.com\/avatar\/c74c7fe5cb5f7b7367a5ec19f0006806?s=96&d=mm&r=g","contentUrl":"https:\/\/secure.gravatar.com\/avatar\/c74c7fe5cb5f7b7367a5ec19f0006806?s=96&d=mm&r=g","caption":"David Rey"},"url":"https:\/\/elcomunista.org\/?author=22"}]}},"jetpack_featured_media_url":"https:\/\/elcomunista.org\/wp-content\/uploads\/2020\/09\/GUERNICA-DESTACADA.jpg","jetpack_likes_enabled":true,"jetpack_sharing_enabled":true,"_links":{"self":[{"href":"https:\/\/elcomunista.org\/index.php?rest_route=\/wp\/v2\/posts\/9405"}],"collection":[{"href":"https:\/\/elcomunista.org\/index.php?rest_route=\/wp\/v2\/posts"}],"about":[{"href":"https:\/\/elcomunista.org\/index.php?rest_route=\/wp\/v2\/types\/post"}],"author":[{"embeddable":true,"href":"https:\/\/elcomunista.org\/index.php?rest_route=\/wp\/v2\/users\/22"}],"replies":[{"embeddable":true,"href":"https:\/\/elcomunista.org\/index.php?rest_route=%2Fwp%2Fv2%2Fcomments&post=9405"}],"version-history":[{"count":0,"href":"https:\/\/elcomunista.org\/index.php?rest_route=\/wp\/v2\/posts\/9405\/revisions"}],"wp:featuredmedia":[{"embeddable":true,"href":"https:\/\/elcomunista.org\/index.php?rest_route=\/wp\/v2\/media\/9406"}],"wp:attachment":[{"href":"https:\/\/elcomunista.org\/index.php?rest_route=%2Fwp%2Fv2%2Fmedia&parent=9405"}],"wp:term":[{"taxonomy":"category","embeddable":true,"href":"https:\/\/elcomunista.org\/index.php?rest_route=%2Fwp%2Fv2%2Fcategories&post=9405"},{"taxonomy":"post_tag","embeddable":true,"href":"https:\/\/elcomunista.org\/index.php?rest_route=%2Fwp%2Fv2%2Ftags&post=9405"}],"curies":[{"name":"wp","href":"https:\/\/api.w.org\/{rel}","templated":true}]}}