{"id":9668,"date":"2020-10-22T12:39:00","date_gmt":"2020-10-22T18:39:00","guid":{"rendered":"http:\/\/bloquepopularjuvenil.org\/?p=9668"},"modified":"2020-10-22T12:39:33","modified_gmt":"2020-10-22T18:39:33","slug":"colombia-la-tragica-farsa-de-duque-y-uribe-y-la-necesidad-de-una-direccion-revolucionaria","status":"publish","type":"post","link":"https:\/\/elcomunista.org\/?p=9668","title":{"rendered":"Colombia: la tr\u00e1gica farsa de Duque y Uribe y la necesidad de una direcci\u00f3n revolucionaria"},"content":{"rendered":"<p><em>Escrito por: Mar\u00eda J. Espinosa &#8211; CMI Colombia<\/em><\/p>\n<p>Para que un joven o un trabajador pierda la vida en Colombia, lo \u00fanico que hace falta es que est\u00e9 con vida. El sue\u00f1o de paz que prometi\u00f3 el anterior gobierno de Juan Manuel Santos fue una patra\u00f1a destinada a desarmar a las FARC y controlar la actividad pol\u00edtica de la oposici\u00f3n durante su mandato. Contrario a las intenciones consagradas en el <a href=\"https:\/\/www.jep.gov.co\/Marco%20Normativo\/Normativa_v2\/01%20ACUERDOS\/N01.pdf\">Acuerdo final para la terminaci\u00f3n del conflicto y la construcci\u00f3n de una paz estable y duradera<\/a>, no se ha dado la Reforma Rural Integral, no ha habido ning\u00fan tipo de apertura democr\u00e1tica, las drogas il\u00edcitas siguen siendo un problema muy grave y la situaci\u00f3n de las v\u00edctimas es tan desesperada como siempre.<\/p>\n<p>Por el contrario, se ha reactivado la pr\u00e1ctica del desplazamiento forzado, la influencia del narcotr\u00e1fico es tal, que el Centro Democr\u00e1tico (CD), el partido fundado por \u00c1lvaro Uribe que puso a Iv\u00e1n Duque en la Presidencia de la Rep\u00fablica, es m\u00e1s cercano a un c\u00e1rtel mafioso que a una organizaci\u00f3n pol\u00edtica. La amistad del extinto narcotraficante \u201c\u00d1e\u00f1e\u201d Hern\u00e1ndez con el presidente Duque ha resultado tan evidente como los nexos mafiosos de la vicepresidenta Martha Luc\u00eda Ram\u00edrez y a\u00fan no hay una explicaci\u00f3n clara de por qu\u00e9 el exembajador Fernando Sanclemente, nieto del l\u00edder fascista Gilberto Alzate Avenda\u00f1o, ten\u00eda un laboratorio de coca\u00edna en una de sus propiedades. Mientras, las v\u00edctimas de esta actividad, aumentan. Hasta el momento, el partido FARC cuenta m\u00e1s de doscientos excombatientes asesinados desde la firma del acuerdo, los cr\u00edmenes contra l\u00edderes sociales contin\u00faan y el asesinato de\u00a0<a href=\"https:\/\/www.marxist.com\/del-ensayo-al-hecho-colombia-tiene-un-estado-corrupto-y-asesino.htm\">Javier Ordo\u00f1ez<\/a>, as\u00ed como la posterior represi\u00f3n que sufrieron las manifestaciones por este homicidio, dejan claro que no hay m\u00e1s ley que el capricho de la burgues\u00eda.<\/p>\n<p>\u201cHegel dice en alguna parte que todos los grandes hechos y personajes de la historia universal se producen, como si dij\u00e9ramos, dos veces. Pero se olvid\u00f3 agregar: una vez como tragedia y otra vez como farsa.\u201d (Karl Marx. El dieciocho brumario de Luis Bonaparte. En: Carlos Marx &amp; Federico Engels. Obras escogidas. Tomo I. Mosc\u00fa: Ediciones en Lenguas Extranjeras, s.f. p. 250.) \u00bfPero qu\u00e9 pasa con los peque\u00f1os personajes? \u00bfQu\u00e9 es de aquellos cuyas grandes ambiciones apenas logran llenar un par de renglones en alguna enciclopedia muy especializada?<\/p>\n<p>\u00c1lvaro Uribe V\u00e9lez y su t\u00edtere, Iv\u00e1n Duque M\u00e1rquez, como ejemplos de figuras hist\u00f3ricas de importancia min\u00fascula, parecen sintetizar ambos g\u00e9neros po\u00e9ticos: cada tragedia de la que son responsables, se contrasta con actos p\u00fablicos, trinos o discursos marcados por lo farsesco y el rid\u00edculo; una realidad que se extiende a todo el CD. Cuadros como Mar\u00eda Fernanda Cabal o Paloma Valencia, despiertan las carcajadas de trabajadores y estudiantes cada vez que comparten sus ideas sobre la historia pol\u00edtica. En un caso reciente, la nieta del presidente Guillermo Le\u00f3n Valencia (1962-1966) acus\u00f3 a Fidel Castro de haber asesinado a Gait\u00e1n. Y ni qu\u00e9 decir de un tipo apellido Casta\u00f1o que es \u201cl\u00edder espiritual del uribismo\u201d y se precia de que su mayor talento es \u201cputiar mamertos\u201d (insultar a la gente de izquierdas).<\/p>\n<p>La \u00fanica forma en que gentes tan atrasadas logren imponerse sobre los honrados y esforzados trabajadores de Colombia es ejerciendo una violencia sin l\u00edmites. Cualquier opci\u00f3n de abrir espacios de participaci\u00f3n para los obreros y campesinos est\u00e1 descartada ya que la intervenci\u00f3n de la clase productora en el poder pol\u00edtico dar\u00eda resultados tan efectivos que evidenciar\u00edan al instante que la existencia de la burgues\u00eda es innecesaria. Sirva de ejemplo la Uni\u00f3n Patri\u00f3tica: esta fuerza pol\u00edtica que surgi\u00f3 de un anterior proceso de paz con las FARC, logr\u00f3 en su primera campa\u00f1a electoral poner congresistas, diputados y concejales. Cada uno de esos compa\u00f1eros mostr\u00f3 dotes de liderazgo que redundaban en mejoras en las condiciones de vida en los pueblos y veredas donde ejerc\u00edan sus actividades. En cuesti\u00f3n de semanas inici\u00f3 una serie de asesinatos que llegaron a sumar m\u00e1s de seis mil v\u00edctimas. Hasta el momento, la impunidad contra este genocidio ha sido total.<\/p>\n<h4><span style=\"color: #800000;\">Un pueblo valeroso<\/span><\/h4>\n<p>Quienes s\u00ed han dado aut\u00e9nticas pruebas de hero\u00edsmo son los trabajadores, campesinos y estudiantes de Colombia. Desde hace un a\u00f1o, cuando era evidente que bajo Iv\u00e1n Duque el constante escenario de miseria y violencia en el que nos mantiene la burgues\u00eda se desarrollaba en un teatro en el que todas las salidas estaban clausuradas, se inici\u00f3 una ola de movilizaciones que s\u00f3lo amain\u00f3 con la llegada del COVID-19. La presencia de este virus estimul\u00f3 la codicia de la burgues\u00eda y esta coyuntura se ha tomado como excusa para implementar un r\u00e9gimen totalitario en donde la supuesta divisi\u00f3n de poderes que promueve la democracia burguesa en sus versiones m\u00e1s tradicionales, se convierte en una grotesca caricatura ya que todas las instancias del poder p\u00fablico est\u00e1n en manos del Centro Democr\u00e1tico o de sus fuerzas aliadas. Quiz\u00e1 uno de los mayores actos de descaro fue el protagonizado por el ministro de Defensa Carlos Trujillo Garc\u00eda, hijo de un pol\u00edtico cercano a Pablo Escobar, quien se neg\u00f3 con insolente obstinaci\u00f3n a aceptar un fallo de la Corte Suprema de Justicia que lo obligaba a excusarse por los abusos de autoridad de la Polic\u00eda Nacional y el ESMAD durante las protestas contra el asesinato de Javier Ordo\u00f1ez. En cambio, Trujillo prefiri\u00f3 se\u00f1alar y acusar de todo lo imaginable a quien cuestione en algo el proceder del Gobierno.<\/p>\n<p>Esta actitud d\u00e9spota, antes que acobardar a los trabajadores, ha alimentado su indignaci\u00f3n. Evidencia de ello, es el apoyo recibido por la Minga: una gran manifestaci\u00f3n de las comunidades ind\u00edgenas que tradicionalmente se adelanta en esta \u00e9poca del a\u00f1o pero que quiz\u00e1, s\u00f3lo hasta este 2020 ha encontrado un nivel de simpat\u00eda tan grande por parte del pa\u00eds. Asimismo, como parte de las acciones iniciadas el 21 de noviembre del a\u00f1o pasado, se ha organizado una jornada de paro general, a realizarse el 21 de este mes en la que, seg\u00fan se ha informado, la Guardia Ind\u00edgena se encargar\u00e1 de la seguridad de quienes asistan a la movilizaci\u00f3n. Previamente, desde el d\u00eda 20, los trabajadores del magisterio han iniciado una huelga de 48 horas con la que se han solidarizado obreros de distintos sectores.<\/p>\n<h4><span style=\"color: #800000;\">Crisis de direcci\u00f3n<\/span><\/h4>\n<p>La violencia pol\u00edtica que ha acompa\u00f1ado la historia republicana de Colombia, no s\u00f3lo ha dejado hu\u00e9rfanas o sin hijos a millones de familias obreras y campesinas. Dentro de ese gran n\u00famero de v\u00edctimas cayeron tambi\u00e9n los m\u00e1s resueltos y valerosos l\u00edderes. El resultado ha sido que lo sobrevive de la izquierda colombiana sean las tendencias menos revolucionarias. Ejemplo de ello es que la instancia que representa al sector m\u00e1s amplio es Gustavo Petro y su Colombia Humana que, a pesar de la campa\u00f1a medi\u00e1tica que lo asocia a lo m\u00e1s radical de la izquierda, realmente defiende un programa liberal. En sus propias palabras, su apuesta es por un \u201ccapitalismo humano\u201d.<\/p>\n<p>Pero el gran capital no ha sido muy humano con Petro. A pesar de que alg\u00fan apoyo recibi\u00f3 en su campa\u00f1a del sector financiero, este ha cerrado filas en torno a Duque cada vez que su incompetencia y corrupci\u00f3n han quedado en evidencia. La actividad de la reacci\u00f3n en su contra es arrolladora; de ella, incluso, ha participado el mism\u00edsimo Donald Trump. Petro respondi\u00f3 al ataque exhibiendo una vieja foto con Ted Kennedy (1932-2009).<\/p>\n<p>Ya es hora de que Petro responda a la burgues\u00eda de manera efectiva y no confiando en posibles escenarios de di\u00e1logo fraterno entre clases que ni existen, ni tiene raz\u00f3n de ser en medio de una crisis mundial del capitalismo que supera sus precedentes. El aumento cotidiano de la miseria y la violencia demuestran que no hay condiciones para un supuesto \u201ccapitalismo humano\u201d y s\u00ed plantean la necesidad de organizar la producci\u00f3n econ\u00f3mica a partir de un plan democr\u00e1tico.<\/p>\n<p>Hace un tiempo Petro llam\u00f3 a una jornada de desobediencia civil que consist\u00eda en no pagar servicios p\u00fablicos. Quiz\u00e1 una iniciativa as\u00ed podr\u00eda tener impacto en el capitalismo desarrollado pero en Colombia muchos no tienen acceso a servicios p\u00fablicos y el abuso de las empresas privadas que los operan se ejerce con la complacencia y apoyo del Estado. Esta jornada de paro, es una ocasi\u00f3n perfecta para que Petro llame a organizar una huelga general que se prolongue hasta la renuncia de Duque y su gabinete. Esas jornadas de lucha ser\u00edan, adem\u00e1s, el escenario perfecto para que se mostrara dispuesto a actualizar sus propuestas con las necesidades de los trabajadores, valerse del pueblo como gu\u00eda y no como instrumento. En este momento en que el Estado est\u00e1 en quiebra, carece de capacidad para enfrentar los problemas y con una burgues\u00eda incapaz de generar empleo, la paralizaci\u00f3n de la producci\u00f3n demostrar\u00eda el poder de los trabajadores y la inoperancia del Gobierno. A su vez, el desarrollo intelectual adquirido por lo m\u00e1s avanzado de la clase obrera en los \u00faltimos treinta a\u00f1os, garantiza la posibilidad de atender todas los aspectos de la econom\u00eda. Y, sin duda, una aut\u00e9ntica acci\u00f3n revolucionaria de masas ser\u00eda inspiradora para otros pa\u00edses de la regi\u00f3n como Chile o incluso Brasil, que tambi\u00e9n padecen lo m\u00e1s atrasado de la reacci\u00f3n burguesa.<\/p>\n<h4><span style=\"color: #800000;\">Una alternativa necesaria<\/span><\/h4>\n<p>A diferencia de otros momentos del pasado, una dirigencia d\u00e9bil no ha desarticulado el movimiento. A pesar de que no existe una propuesta revolucionaria en el entorno m\u00e1s inmediato, la indignaci\u00f3n se mantiene, el descontento de los trabajadores con Duque y Uribe crece d\u00eda con d\u00eda, el deseo de unidad se incrementa entre los obreros, as\u00ed como sus ganas de aprender y de sustentar sus posiciones con argumentos. Evidencia de ello es el inter\u00e9s que ha surgido por nuestras publicaciones y actividades.<\/p>\n<p>Hoy m\u00e1s que nunca, el pueblo est\u00e1 ansioso de una dirigencia revolucionaria. Entre las bases de la Colombia Humana, la Uni\u00f3n Patri\u00f3tica y el nuevo partido FARC hay j\u00f3venes que tienen mucho que decir con respecto a los yerros de sus l\u00edderes. Por fuera de estas organizaciones, tambi\u00e9n son muchos los que exploran alternativas distintas para combatir al r\u00e9gimen de Uribe-Duque. Ellos y su lucha casi instintiva, han hecho imposible que las fantas\u00edas fascistas de muchos dirigentes del CD se hagan realidad. Este avance s\u00f3lo ser\u00e1 posible poniendo fin a las m\u00faltiples divisiones que se han querido promover al interior de la izquierda. En buena medida, estas surgen de la falta de trabajo te\u00f3rico y de debates que lo alimenten. Es urgente construir escenarios de debate que permitan ir forjando un programa de lucha que conlleve al derrocamiento del r\u00e9gimen de Duque, as\u00ed como formar una direcci\u00f3n revolucionaria, de cuadros marxistas enraizados en el movimiento obrero, campesino y juvenil, capaces de liderar a clase obrera en la construcci\u00f3n de una Colombia socialista, lista para integrarse a una federaci\u00f3n socialista de la Am\u00e9rica toda.<\/p>\n<p>Contacta a los camaradas de la Corriente Marxista Internacional en Colombia: <br \/>Correo: <a href=\"mailto:colombiamarxista@gmail.com\">colombiamarxista@gmail.com<\/a>\u00a0<br \/>Facebook: <a href=\"http:\/\/www.facebook.com\/ColombiaMarxista\">www.facebook.com\/ColombiaMarxista<\/a><\/p>","protected":false},"excerpt":{"rendered":"<p>Escrito por: Mar\u00eda J. Espinosa &#8211; CMI Colombia Para que un joven o un trabajador pierda la vida en Colombia, lo \u00fanico que hace falta es que est\u00e9 con vida. El sue\u00f1o de paz que prometi\u00f3 el anterior gobierno de Juan Manuel Santos fue una patra\u00f1a destinada a desarmar a las FARC y controlar la&#8230;<\/p>\n","protected":false},"author":62,"featured_media":9669,"comment_status":"open","ping_status":"open","sticky":false,"template":"","format":"standard","meta":{"_monsterinsights_skip_tracking":false,"_monsterinsights_sitenote_active":false,"_monsterinsights_sitenote_note":"","_monsterinsights_sitenote_category":0,"_uf_show_specific_survey":0,"_uf_disable_surveys":false,"_jetpack_memberships_contains_paid_content":false,"footnotes":""},"categories":[22,537],"tags":[114,192,962],"class_list":["post-9668","post","type-post","status-publish","format-standard","has-post-thumbnail","hentry","category-colombia","category-principales","tag-colombia","tag-crisis","tag-duque"],"aioseo_notices":[],"yoast_head":"<!-- This site is optimized with the Yoast SEO plugin v25.6 - https:\/\/yoast.com\/wordpress\/plugins\/seo\/ -->\n<title>Colombia: la tr\u00e1gica farsa de Duque y Uribe y la necesidad de una direcci\u00f3n revolucionaria<\/title>\n<meta name=\"robots\" content=\"index, follow, max-snippet:-1, max-image-preview:large, max-video-preview:-1\" \/>\n<link rel=\"canonical\" href=\"https:\/\/elcomunista.org\/?p=9668\" \/>\n<meta property=\"og:locale\" content=\"es_ES\" \/>\n<meta property=\"og:type\" content=\"article\" \/>\n<meta property=\"og:title\" content=\"Colombia: la tr\u00e1gica farsa de Duque y Uribe y la necesidad de una direcci\u00f3n revolucionaria\" \/>\n<meta property=\"og:description\" content=\"Escrito por: Mar\u00eda J. Espinosa &#8211; CMI Colombia Para que un joven o un trabajador pierda la vida en Colombia, lo \u00fanico que hace falta es que est\u00e9 con vida. El sue\u00f1o de paz que prometi\u00f3 el anterior gobierno de Juan Manuel Santos fue una patra\u00f1a destinada a desarmar a las FARC y controlar la...\" \/>\n<meta property=\"og:url\" content=\"https:\/\/elcomunista.org\/?p=9668\" \/>\n<meta property=\"og:site_name\" content=\"Revoluci\u00f3n Comunista\" \/>\n<meta property=\"article:publisher\" content=\"https:\/\/www.facebook.com\/Bloquepopularjuvenil\" \/>\n<meta property=\"article:published_time\" content=\"2020-10-22T18:39:00+00:00\" \/>\n<meta property=\"article:modified_time\" content=\"2020-10-22T18:39:33+00:00\" \/>\n<meta property=\"og:image\" content=\"https:\/\/elcomunista.org\/wp-content\/uploads\/2020\/10\/duque_war-1170x585-1.jpg\" \/>\n\t<meta property=\"og:image:width\" content=\"1170\" \/>\n\t<meta property=\"og:image:height\" content=\"585\" \/>\n\t<meta property=\"og:image:type\" content=\"image\/jpeg\" \/>\n<meta name=\"author\" content=\"Internacional Comunista Revolucionaria\" \/>\n<meta name=\"twitter:card\" content=\"summary_large_image\" \/>\n<meta name=\"twitter:creator\" content=\"@ElBPJ\" \/>\n<meta name=\"twitter:site\" content=\"@ElBPJ\" \/>\n<meta name=\"twitter:label1\" content=\"Escrito por\" \/>\n\t<meta name=\"twitter:data1\" content=\"Internacional Comunista Revolucionaria\" \/>\n\t<meta name=\"twitter:label2\" content=\"Tiempo de lectura\" \/>\n\t<meta name=\"twitter:data2\" content=\"10 minutos\" \/>\n<script type=\"application\/ld+json\" class=\"yoast-schema-graph\">{\"@context\":\"https:\/\/schema.org\",\"@graph\":[{\"@type\":\"Article\",\"@id\":\"https:\/\/elcomunista.org\/?p=9668#article\",\"isPartOf\":{\"@id\":\"https:\/\/elcomunista.org\/?p=9668\"},\"author\":{\"name\":\"Internacional Comunista Revolucionaria\",\"@id\":\"https:\/\/elcomunista.org\/#\/schema\/person\/f263a81caf9b6558c019b2d6b83e55be\"},\"headline\":\"Colombia: la tr\u00e1gica farsa de Duque y Uribe y la necesidad de una direcci\u00f3n revolucionaria\",\"datePublished\":\"2020-10-22T18:39:00+00:00\",\"dateModified\":\"2020-10-22T18:39:33+00:00\",\"mainEntityOfPage\":{\"@id\":\"https:\/\/elcomunista.org\/?p=9668\"},\"wordCount\":1988,\"commentCount\":0,\"publisher\":{\"@id\":\"https:\/\/elcomunista.org\/#organization\"},\"image\":{\"@id\":\"https:\/\/elcomunista.org\/?p=9668#primaryimage\"},\"thumbnailUrl\":\"https:\/\/elcomunista.org\/wp-content\/uploads\/2020\/10\/duque_war-1170x585-1.jpg\",\"keywords\":[\"Colombia\",\"crisis\",\"Duque\"],\"articleSection\":[\"Colombia\",\"Principales\"],\"inLanguage\":\"es\",\"potentialAction\":[{\"@type\":\"CommentAction\",\"name\":\"Comment\",\"target\":[\"https:\/\/elcomunista.org\/?p=9668#respond\"]}]},{\"@type\":\"WebPage\",\"@id\":\"https:\/\/elcomunista.org\/?p=9668\",\"url\":\"https:\/\/elcomunista.org\/?p=9668\",\"name\":\"Colombia: la tr\u00e1gica farsa de Duque y Uribe y la necesidad de una direcci\u00f3n revolucionaria\",\"isPartOf\":{\"@id\":\"https:\/\/elcomunista.org\/#website\"},\"primaryImageOfPage\":{\"@id\":\"https:\/\/elcomunista.org\/?p=9668#primaryimage\"},\"image\":{\"@id\":\"https:\/\/elcomunista.org\/?p=9668#primaryimage\"},\"thumbnailUrl\":\"https:\/\/elcomunista.org\/wp-content\/uploads\/2020\/10\/duque_war-1170x585-1.jpg\",\"datePublished\":\"2020-10-22T18:39:00+00:00\",\"dateModified\":\"2020-10-22T18:39:33+00:00\",\"breadcrumb\":{\"@id\":\"https:\/\/elcomunista.org\/?p=9668#breadcrumb\"},\"inLanguage\":\"es\",\"potentialAction\":[{\"@type\":\"ReadAction\",\"target\":[\"https:\/\/elcomunista.org\/?p=9668\"]}]},{\"@type\":\"ImageObject\",\"inLanguage\":\"es\",\"@id\":\"https:\/\/elcomunista.org\/?p=9668#primaryimage\",\"url\":\"https:\/\/elcomunista.org\/wp-content\/uploads\/2020\/10\/duque_war-1170x585-1.jpg\",\"contentUrl\":\"https:\/\/elcomunista.org\/wp-content\/uploads\/2020\/10\/duque_war-1170x585-1.jpg\",\"width\":1170,\"height\":585},{\"@type\":\"BreadcrumbList\",\"@id\":\"https:\/\/elcomunista.org\/?p=9668#breadcrumb\",\"itemListElement\":[{\"@type\":\"ListItem\",\"position\":1,\"name\":\"Portada\",\"item\":\"https:\/\/elcomunista.org\/\"},{\"@type\":\"ListItem\",\"position\":2,\"name\":\"Colombia: la tr\u00e1gica farsa de Duque y Uribe y la necesidad de una direcci\u00f3n revolucionaria\"}]},{\"@type\":\"WebSite\",\"@id\":\"https:\/\/elcomunista.org\/#website\",\"url\":\"https:\/\/elcomunista.org\/\",\"name\":\"Revoluci\u00f3n Comunista\",\"description\":\"Internacional Comunista Revolucionaria\",\"publisher\":{\"@id\":\"https:\/\/elcomunista.org\/#organization\"},\"potentialAction\":[{\"@type\":\"SearchAction\",\"target\":{\"@type\":\"EntryPoint\",\"urlTemplate\":\"https:\/\/elcomunista.org\/?s={search_term_string}\"},\"query-input\":{\"@type\":\"PropertyValueSpecification\",\"valueRequired\":true,\"valueName\":\"search_term_string\"}}],\"inLanguage\":\"es\"},{\"@type\":\"Organization\",\"@id\":\"https:\/\/elcomunista.org\/#organization\",\"name\":\"Bloque Popular Juvenil\",\"url\":\"https:\/\/elcomunista.org\/\",\"logo\":{\"@type\":\"ImageObject\",\"inLanguage\":\"es\",\"@id\":\"https:\/\/elcomunista.org\/#\/schema\/logo\/image\/\",\"url\":\"https:\/\/bloquepopularjuvenil.org\/wp-content\/uploads\/2018\/11\/bpj-militante.jpg\",\"contentUrl\":\"https:\/\/bloquepopularjuvenil.org\/wp-content\/uploads\/2018\/11\/bpj-militante.jpg\",\"width\":4000,\"height\":1390,\"caption\":\"Bloque Popular Juvenil\"},\"image\":{\"@id\":\"https:\/\/elcomunista.org\/#\/schema\/logo\/image\/\"},\"sameAs\":[\"https:\/\/www.facebook.com\/Bloquepopularjuvenil\",\"https:\/\/x.com\/ElBPJ\",\"https:\/\/www.instagram.com\/elbloque_bpj\/?hl=es-la\"]},{\"@type\":\"Person\",\"@id\":\"https:\/\/elcomunista.org\/#\/schema\/person\/f263a81caf9b6558c019b2d6b83e55be\",\"name\":\"Internacional Comunista Revolucionaria\",\"image\":{\"@type\":\"ImageObject\",\"inLanguage\":\"es\",\"@id\":\"https:\/\/elcomunista.org\/#\/schema\/person\/image\/\",\"url\":\"https:\/\/secure.gravatar.com\/avatar\/007ae9c82193c93b7cbb3bbda1ed8c15?s=96&d=mm&r=g\",\"contentUrl\":\"https:\/\/secure.gravatar.com\/avatar\/007ae9c82193c93b7cbb3bbda1ed8c15?s=96&d=mm&r=g\",\"caption\":\"Internacional Comunista Revolucionaria\"},\"url\":\"https:\/\/elcomunista.org\/?author=62\"}]}<\/script>\n<!-- \/ Yoast SEO plugin. -->","yoast_head_json":{"title":"Colombia: la tr\u00e1gica farsa de Duque y Uribe y la necesidad de una direcci\u00f3n revolucionaria","robots":{"index":"index","follow":"follow","max-snippet":"max-snippet:-1","max-image-preview":"max-image-preview:large","max-video-preview":"max-video-preview:-1"},"canonical":"https:\/\/elcomunista.org\/?p=9668","og_locale":"es_ES","og_type":"article","og_title":"Colombia: la tr\u00e1gica farsa de Duque y Uribe y la necesidad de una direcci\u00f3n revolucionaria","og_description":"Escrito por: Mar\u00eda J. Espinosa &#8211; CMI Colombia Para que un joven o un trabajador pierda la vida en Colombia, lo \u00fanico que hace falta es que est\u00e9 con vida. El sue\u00f1o de paz que prometi\u00f3 el anterior gobierno de Juan Manuel Santos fue una patra\u00f1a destinada a desarmar a las FARC y controlar la...","og_url":"https:\/\/elcomunista.org\/?p=9668","og_site_name":"Revoluci\u00f3n Comunista","article_publisher":"https:\/\/www.facebook.com\/Bloquepopularjuvenil","article_published_time":"2020-10-22T18:39:00+00:00","article_modified_time":"2020-10-22T18:39:33+00:00","og_image":[{"width":1170,"height":585,"url":"https:\/\/elcomunista.org\/wp-content\/uploads\/2020\/10\/duque_war-1170x585-1.jpg","type":"image\/jpeg"}],"author":"Internacional Comunista Revolucionaria","twitter_card":"summary_large_image","twitter_creator":"@ElBPJ","twitter_site":"@ElBPJ","twitter_misc":{"Escrito por":"Internacional Comunista Revolucionaria","Tiempo de lectura":"10 minutos"},"schema":{"@context":"https:\/\/schema.org","@graph":[{"@type":"Article","@id":"https:\/\/elcomunista.org\/?p=9668#article","isPartOf":{"@id":"https:\/\/elcomunista.org\/?p=9668"},"author":{"name":"Internacional Comunista Revolucionaria","@id":"https:\/\/elcomunista.org\/#\/schema\/person\/f263a81caf9b6558c019b2d6b83e55be"},"headline":"Colombia: la tr\u00e1gica farsa de Duque y Uribe y la necesidad de una direcci\u00f3n revolucionaria","datePublished":"2020-10-22T18:39:00+00:00","dateModified":"2020-10-22T18:39:33+00:00","mainEntityOfPage":{"@id":"https:\/\/elcomunista.org\/?p=9668"},"wordCount":1988,"commentCount":0,"publisher":{"@id":"https:\/\/elcomunista.org\/#organization"},"image":{"@id":"https:\/\/elcomunista.org\/?p=9668#primaryimage"},"thumbnailUrl":"https:\/\/elcomunista.org\/wp-content\/uploads\/2020\/10\/duque_war-1170x585-1.jpg","keywords":["Colombia","crisis","Duque"],"articleSection":["Colombia","Principales"],"inLanguage":"es","potentialAction":[{"@type":"CommentAction","name":"Comment","target":["https:\/\/elcomunista.org\/?p=9668#respond"]}]},{"@type":"WebPage","@id":"https:\/\/elcomunista.org\/?p=9668","url":"https:\/\/elcomunista.org\/?p=9668","name":"Colombia: la tr\u00e1gica farsa de Duque y Uribe y la necesidad de una direcci\u00f3n revolucionaria","isPartOf":{"@id":"https:\/\/elcomunista.org\/#website"},"primaryImageOfPage":{"@id":"https:\/\/elcomunista.org\/?p=9668#primaryimage"},"image":{"@id":"https:\/\/elcomunista.org\/?p=9668#primaryimage"},"thumbnailUrl":"https:\/\/elcomunista.org\/wp-content\/uploads\/2020\/10\/duque_war-1170x585-1.jpg","datePublished":"2020-10-22T18:39:00+00:00","dateModified":"2020-10-22T18:39:33+00:00","breadcrumb":{"@id":"https:\/\/elcomunista.org\/?p=9668#breadcrumb"},"inLanguage":"es","potentialAction":[{"@type":"ReadAction","target":["https:\/\/elcomunista.org\/?p=9668"]}]},{"@type":"ImageObject","inLanguage":"es","@id":"https:\/\/elcomunista.org\/?p=9668#primaryimage","url":"https:\/\/elcomunista.org\/wp-content\/uploads\/2020\/10\/duque_war-1170x585-1.jpg","contentUrl":"https:\/\/elcomunista.org\/wp-content\/uploads\/2020\/10\/duque_war-1170x585-1.jpg","width":1170,"height":585},{"@type":"BreadcrumbList","@id":"https:\/\/elcomunista.org\/?p=9668#breadcrumb","itemListElement":[{"@type":"ListItem","position":1,"name":"Portada","item":"https:\/\/elcomunista.org\/"},{"@type":"ListItem","position":2,"name":"Colombia: la tr\u00e1gica farsa de Duque y Uribe y la necesidad de una direcci\u00f3n revolucionaria"}]},{"@type":"WebSite","@id":"https:\/\/elcomunista.org\/#website","url":"https:\/\/elcomunista.org\/","name":"Revoluci\u00f3n Comunista","description":"Internacional Comunista Revolucionaria","publisher":{"@id":"https:\/\/elcomunista.org\/#organization"},"potentialAction":[{"@type":"SearchAction","target":{"@type":"EntryPoint","urlTemplate":"https:\/\/elcomunista.org\/?s={search_term_string}"},"query-input":{"@type":"PropertyValueSpecification","valueRequired":true,"valueName":"search_term_string"}}],"inLanguage":"es"},{"@type":"Organization","@id":"https:\/\/elcomunista.org\/#organization","name":"Bloque Popular Juvenil","url":"https:\/\/elcomunista.org\/","logo":{"@type":"ImageObject","inLanguage":"es","@id":"https:\/\/elcomunista.org\/#\/schema\/logo\/image\/","url":"https:\/\/bloquepopularjuvenil.org\/wp-content\/uploads\/2018\/11\/bpj-militante.jpg","contentUrl":"https:\/\/bloquepopularjuvenil.org\/wp-content\/uploads\/2018\/11\/bpj-militante.jpg","width":4000,"height":1390,"caption":"Bloque Popular Juvenil"},"image":{"@id":"https:\/\/elcomunista.org\/#\/schema\/logo\/image\/"},"sameAs":["https:\/\/www.facebook.com\/Bloquepopularjuvenil","https:\/\/x.com\/ElBPJ","https:\/\/www.instagram.com\/elbloque_bpj\/?hl=es-la"]},{"@type":"Person","@id":"https:\/\/elcomunista.org\/#\/schema\/person\/f263a81caf9b6558c019b2d6b83e55be","name":"Internacional Comunista Revolucionaria","image":{"@type":"ImageObject","inLanguage":"es","@id":"https:\/\/elcomunista.org\/#\/schema\/person\/image\/","url":"https:\/\/secure.gravatar.com\/avatar\/007ae9c82193c93b7cbb3bbda1ed8c15?s=96&d=mm&r=g","contentUrl":"https:\/\/secure.gravatar.com\/avatar\/007ae9c82193c93b7cbb3bbda1ed8c15?s=96&d=mm&r=g","caption":"Internacional Comunista Revolucionaria"},"url":"https:\/\/elcomunista.org\/?author=62"}]}},"jetpack_featured_media_url":"https:\/\/elcomunista.org\/wp-content\/uploads\/2020\/10\/duque_war-1170x585-1.jpg","jetpack_likes_enabled":true,"jetpack_sharing_enabled":true,"_links":{"self":[{"href":"https:\/\/elcomunista.org\/index.php?rest_route=\/wp\/v2\/posts\/9668"}],"collection":[{"href":"https:\/\/elcomunista.org\/index.php?rest_route=\/wp\/v2\/posts"}],"about":[{"href":"https:\/\/elcomunista.org\/index.php?rest_route=\/wp\/v2\/types\/post"}],"author":[{"embeddable":true,"href":"https:\/\/elcomunista.org\/index.php?rest_route=\/wp\/v2\/users\/62"}],"replies":[{"embeddable":true,"href":"https:\/\/elcomunista.org\/index.php?rest_route=%2Fwp%2Fv2%2Fcomments&post=9668"}],"version-history":[{"count":0,"href":"https:\/\/elcomunista.org\/index.php?rest_route=\/wp\/v2\/posts\/9668\/revisions"}],"wp:featuredmedia":[{"embeddable":true,"href":"https:\/\/elcomunista.org\/index.php?rest_route=\/wp\/v2\/media\/9669"}],"wp:attachment":[{"href":"https:\/\/elcomunista.org\/index.php?rest_route=%2Fwp%2Fv2%2Fmedia&parent=9668"}],"wp:term":[{"taxonomy":"category","embeddable":true,"href":"https:\/\/elcomunista.org\/index.php?rest_route=%2Fwp%2Fv2%2Fcategories&post=9668"},{"taxonomy":"post_tag","embeddable":true,"href":"https:\/\/elcomunista.org\/index.php?rest_route=%2Fwp%2Fv2%2Ftags&post=9668"}],"curies":[{"name":"wp","href":"https:\/\/api.w.org\/{rel}","templated":true}]}}