{"id":9903,"date":"2020-12-01T08:59:23","date_gmt":"2020-12-01T14:59:23","guid":{"rendered":"http:\/\/bloquepopularjuvenil.org\/?p=9903"},"modified":"2020-12-01T08:59:23","modified_gmt":"2020-12-01T14:59:23","slug":"cuba-revolucion-comunista-contra-el-movimiento-de-san-isidro-y-contra-la-burocracia","status":"publish","type":"post","link":"https:\/\/elcomunista.org\/?p=9903","title":{"rendered":"Cuba: Revoluci\u00f3n comunista contra el Movimiento de San Isidro y contra la burocracia"},"content":{"rendered":"<p>Las provocaciones del llamado \u00abMovimiento San Isidro\u00bb, la posterior concentraci\u00f3n en el Ministerio de Cultura y la T\u00e1ngana en Trillo han generado en Cuba un amplio debate y tambi\u00e9n en los medios internacionales. Publicamos aqu\u00ed un art\u00edculo que hemos recibido del joven comunista cubano Yunier Mena, para informaci\u00f3n de nuestros lectores.<\/p>\n<hr \/>\n<p><strong>Por Yunier Mena Benavides <\/strong><\/p>\n<p>Un amplio debate en las redes sociales y en medios de comunicaci\u00f3n internacionales de derecha sobre el grup\u00fasculo contrarrevolucionario de San Isidro y el accionar del gobierno cubano ante los hechos cometidos por esta agrupaci\u00f3n hizo que la prensa estatal cubana informara de manera especial al respecto. El llamado Movimiento de San Isidro ampara bajo el concepto de arte sus groseras actividades pro-imperialistas y pro-capitalistas en Cuba. A partir de las denuncias infundadas de represi\u00f3n cultural llevadas a cabo por los mercenarios un conjunto de creadores e intelectuales cubanos exigi\u00f3 al Ministerio de Cultura que tal censura infundada cesara, al igual que toda otra censura administrativa dogm\u00e1tica y burocr\u00e1tica de la cual muchos de ellos ha sido v\u00edctima. Seg\u00fan el Viceministro de Cultura su ministerio tom\u00f3 nota de las demandas de los creadores y lleg\u00f3 con ellos al acuerdo de trabajar juntos por el respeto y el apoyo a la creaci\u00f3n independiente y por una Cuba pr\u00f3spera.<\/p>\n<p>El reclamo de libertades creativas y de condiciones para ejercitar la creatividad son demandas inobjetables, as\u00ed como los derechos de expresi\u00f3n y reuni\u00f3n y el derecho popular de alzamiento o desacato contra reg\u00edmenes inconstitucionales. Con este \u00faltimo, como ha quedado demostrado, nada tienen que ver las acciones ofensivas del Movimiento de San Isidro a la identidad cubana. Dicho movimiento, que no pasa de ser un exiguo n\u00famero de ciudadanos cegados por la ideolog\u00eda imperialista, fue muy bien catalogado por una periodista como un ejemplo de vulgaridad y mentira, y no hay manera posible de definirlo con mejor precisi\u00f3n, ritmo y lucidez. Los j\u00f3venes reunidos en La Habana supieron rechazar el show medi\u00e1tico que volvi\u00f3 tristemente c\u00e9lebres a tales contrarrevolucionarios y a las declaraciones injerencistas de funcionarios capitalistas extranjeros. El respaldo juvenil al socialismo y el desacuerdo de la joven generaci\u00f3n con el modo de vida capitalista quedaron evidenciados.\u00a0 La posici\u00f3n de las autoridades cubanas y la firme decisi\u00f3n de la juventud fue ampliamente transmita por los espacios informativos de la televisi\u00f3n nacional, lo cual no ha ocurrido con las demandas y criterios intercambiados en las afueras del Ministerio de Cultura y en la reuni\u00f3n sostenida entre el Viceministro de Cultura y los intelectuales, quienes a pesar de la atenci\u00f3n brindada por el Estado al sector de la cultura tienen insatisfacciones reales. Es ello un acontecimiento donde se constata una actitud burocr\u00e1tica arraigada en el aparato estatal que no admite di\u00e1logo con los que difieren con \u00e9l no en principios.<\/p>\n<p>Si las farsas de mal gusto montadas por la contrarrevoluci\u00f3n ideol\u00f3gica o el bloqueo econ\u00f3mico no pueden hacer que se vengan abajo las conquistas sociales de las que Cuba se enorgullece, la burocracia s\u00ed tiene el potencial para conseguirlo. Cuando la burocracia nacional gobernante silencia o amplifica a su conveniencia la voz de la gente, cuando promueve la propiedad privada y la actividad mercantil como estrategia clave para solucionar las carencias econ\u00f3micas, cuando suplanta en la direcci\u00f3n de la econom\u00eda y la sociedad a los mismos que producen, cuando clausura o impide cuanto no se origina desde ella, cuando obvia la ciencia marxista, es un agente que deforma y revierte la revoluci\u00f3n. Las relaciones de producci\u00f3n capitalistas vigentes en los v\u00ednculos entre los actores de la econom\u00eda nacional reproducen a nivel cultural una afirmaci\u00f3n ideol\u00f3gica de tal realidad, proceso que lleva a actuar como comerciantes a grandes mayor\u00edas y las conduce err\u00f3neamente a pensar que el capitalismo es el \u00fanico y el mejor modo de producir, distribuir y consumir.<\/p>\n<p>Si los cubanos aspiran a un verdadero socialismo est\u00e1n obligados a subsanar las desviaciones burocr\u00e1ticas y mercantilistas. No es posible mantenerse rumbo al socialismo sin democracia obrera y sin pluripartidismo de las alternativas comunistas, si los trabajadores no son los dirigentes de la revoluci\u00f3n a todos los niveles no se transforman en un hombre nuevo porque no se desenajenan ni transforman al transformar la naturaleza durante el trabajo. El unipartidismo que rige en la naci\u00f3n solo sirve para acentuar el monologismo y el refrenamiento caros a la burocracia. Si bien la democracia comunista no es unipartidista, tampoco es pluripartidista al estilo de las seudodemocracias del mundo capitalista. En un pa\u00eds en tr\u00e1nsito al socialismo los burgueses, los que explotan o anhelan explotar el trabajo ajeno no tienen derechos pol\u00edticos. Como mismo existen las farsas contrarrevolucionarias subversivas y las farsas democr\u00e1tico-burguesas existen las farsas burocr\u00e1ticas y han existido a lo largo de la historia, jam\u00e1s dejemos que la Revoluci\u00f3n Cubana fenezca en una obscena caricatura.<\/p>\n<p>&nbsp;<\/p>\n","protected":false},"excerpt":{"rendered":"<p>Las provocaciones del llamado \u00abMovimiento San Isidro\u00bb, la posterior concentraci\u00f3n en el Ministerio de Cultura y la T\u00e1ngana en Trillo han generado en Cuba un amplio debate y tambi\u00e9n en los medios internacionales. Publicamos aqu\u00ed un art\u00edculo que hemos recibido del joven comunista cubano Yunier Mena, para informaci\u00f3n de nuestros lectores. Por Yunier Mena Benavides&#8230;<\/p>\n","protected":false},"author":62,"featured_media":9904,"comment_status":"open","ping_status":"open","sticky":false,"template":"","format":"standard","meta":{"_monsterinsights_skip_tracking":false,"_monsterinsights_sitenote_active":false,"_monsterinsights_sitenote_note":"","_monsterinsights_sitenote_category":0,"_uf_show_specific_survey":0,"_uf_disable_surveys":false,"_jetpack_memberships_contains_paid_content":false,"footnotes":""},"categories":[986,984,537],"tags":[587,172,585,522,803],"class_list":["post-9903","post","type-post","status-publish","format-standard","has-post-thumbnail","hentry","category-destacada","category-internacional-comunista-revolucionaria","category-principales","tag-cuba","tag-marxismo","tag-revolucion-cubana","tag-socialismo","tag-solidaridad"],"aioseo_notices":[],"yoast_head":"<!-- This site is optimized with the Yoast SEO plugin v25.6 - https:\/\/yoast.com\/wordpress\/plugins\/seo\/ -->\n<title>Cuba: Revoluci\u00f3n comunista contra el Movimiento de San Isidro y contra la burocracia<\/title>\n<meta name=\"robots\" content=\"index, follow, max-snippet:-1, max-image-preview:large, max-video-preview:-1\" \/>\n<link rel=\"canonical\" href=\"https:\/\/elcomunista.org\/?p=9903\" \/>\n<meta property=\"og:locale\" content=\"es_ES\" \/>\n<meta property=\"og:type\" content=\"article\" \/>\n<meta property=\"og:title\" content=\"Cuba: Revoluci\u00f3n comunista contra el Movimiento de San Isidro y contra la burocracia\" \/>\n<meta property=\"og:description\" content=\"Las provocaciones del llamado \u00abMovimiento San Isidro\u00bb, la posterior concentraci\u00f3n en el Ministerio de Cultura y la T\u00e1ngana en Trillo han generado en Cuba un amplio debate y tambi\u00e9n en los medios internacionales. Publicamos aqu\u00ed un art\u00edculo que hemos recibido del joven comunista cubano Yunier Mena, para informaci\u00f3n de nuestros lectores. Por Yunier Mena Benavides...\" \/>\n<meta property=\"og:url\" content=\"https:\/\/elcomunista.org\/?p=9903\" \/>\n<meta property=\"og:site_name\" content=\"Revoluci\u00f3n Comunista\" \/>\n<meta property=\"article:publisher\" content=\"https:\/\/www.facebook.com\/Bloquepopularjuvenil\" \/>\n<meta property=\"article:published_time\" content=\"2020-12-01T14:59:23+00:00\" \/>\n<meta property=\"og:image\" content=\"https:\/\/elcomunista.org\/wp-content\/uploads\/2020\/12\/Cuba.jpg\" \/>\n\t<meta property=\"og:image:width\" content=\"750\" \/>\n\t<meta property=\"og:image:height\" content=\"498\" \/>\n\t<meta property=\"og:image:type\" content=\"image\/jpeg\" \/>\n<meta name=\"author\" content=\"Internacional Comunista Revolucionaria\" \/>\n<meta name=\"twitter:card\" content=\"summary_large_image\" \/>\n<meta name=\"twitter:creator\" content=\"@ElBPJ\" \/>\n<meta name=\"twitter:site\" content=\"@ElBPJ\" \/>\n<meta name=\"twitter:label1\" content=\"Escrito por\" \/>\n\t<meta name=\"twitter:data1\" content=\"Internacional Comunista Revolucionaria\" \/>\n\t<meta name=\"twitter:label2\" content=\"Tiempo de lectura\" \/>\n\t<meta name=\"twitter:data2\" content=\"4 minutos\" \/>\n<script type=\"application\/ld+json\" class=\"yoast-schema-graph\">{\"@context\":\"https:\/\/schema.org\",\"@graph\":[{\"@type\":\"Article\",\"@id\":\"https:\/\/elcomunista.org\/?p=9903#article\",\"isPartOf\":{\"@id\":\"https:\/\/elcomunista.org\/?p=9903\"},\"author\":{\"name\":\"Internacional Comunista Revolucionaria\",\"@id\":\"https:\/\/elcomunista.org\/#\/schema\/person\/f263a81caf9b6558c019b2d6b83e55be\"},\"headline\":\"Cuba: Revoluci\u00f3n comunista contra el Movimiento de San Isidro y contra la burocracia\",\"datePublished\":\"2020-12-01T14:59:23+00:00\",\"mainEntityOfPage\":{\"@id\":\"https:\/\/elcomunista.org\/?p=9903\"},\"wordCount\":866,\"commentCount\":0,\"publisher\":{\"@id\":\"https:\/\/elcomunista.org\/#organization\"},\"image\":{\"@id\":\"https:\/\/elcomunista.org\/?p=9903#primaryimage\"},\"thumbnailUrl\":\"https:\/\/elcomunista.org\/wp-content\/uploads\/2020\/12\/Cuba.jpg\",\"keywords\":[\"Cuba\",\"Marxismo\",\"Revoluci\u00f3n Cubana\",\"Socialismo\",\"Solidaridad\"],\"articleSection\":[\"Destacada\",\"Internacional Comunista Revolucionaria\",\"Principales\"],\"inLanguage\":\"es\",\"potentialAction\":[{\"@type\":\"CommentAction\",\"name\":\"Comment\",\"target\":[\"https:\/\/elcomunista.org\/?p=9903#respond\"]}]},{\"@type\":\"WebPage\",\"@id\":\"https:\/\/elcomunista.org\/?p=9903\",\"url\":\"https:\/\/elcomunista.org\/?p=9903\",\"name\":\"Cuba: Revoluci\u00f3n comunista contra el Movimiento de San Isidro y contra la burocracia\",\"isPartOf\":{\"@id\":\"https:\/\/elcomunista.org\/#website\"},\"primaryImageOfPage\":{\"@id\":\"https:\/\/elcomunista.org\/?p=9903#primaryimage\"},\"image\":{\"@id\":\"https:\/\/elcomunista.org\/?p=9903#primaryimage\"},\"thumbnailUrl\":\"https:\/\/elcomunista.org\/wp-content\/uploads\/2020\/12\/Cuba.jpg\",\"datePublished\":\"2020-12-01T14:59:23+00:00\",\"breadcrumb\":{\"@id\":\"https:\/\/elcomunista.org\/?p=9903#breadcrumb\"},\"inLanguage\":\"es\",\"potentialAction\":[{\"@type\":\"ReadAction\",\"target\":[\"https:\/\/elcomunista.org\/?p=9903\"]}]},{\"@type\":\"ImageObject\",\"inLanguage\":\"es\",\"@id\":\"https:\/\/elcomunista.org\/?p=9903#primaryimage\",\"url\":\"https:\/\/elcomunista.org\/wp-content\/uploads\/2020\/12\/Cuba.jpg\",\"contentUrl\":\"https:\/\/elcomunista.org\/wp-content\/uploads\/2020\/12\/Cuba.jpg\",\"width\":750,\"height\":498},{\"@type\":\"BreadcrumbList\",\"@id\":\"https:\/\/elcomunista.org\/?p=9903#breadcrumb\",\"itemListElement\":[{\"@type\":\"ListItem\",\"position\":1,\"name\":\"Portada\",\"item\":\"https:\/\/elcomunista.org\/\"},{\"@type\":\"ListItem\",\"position\":2,\"name\":\"Cuba: Revoluci\u00f3n comunista contra el Movimiento de San Isidro y contra la burocracia\"}]},{\"@type\":\"WebSite\",\"@id\":\"https:\/\/elcomunista.org\/#website\",\"url\":\"https:\/\/elcomunista.org\/\",\"name\":\"Revoluci\u00f3n Comunista\",\"description\":\"Internacional Comunista Revolucionaria\",\"publisher\":{\"@id\":\"https:\/\/elcomunista.org\/#organization\"},\"potentialAction\":[{\"@type\":\"SearchAction\",\"target\":{\"@type\":\"EntryPoint\",\"urlTemplate\":\"https:\/\/elcomunista.org\/?s={search_term_string}\"},\"query-input\":{\"@type\":\"PropertyValueSpecification\",\"valueRequired\":true,\"valueName\":\"search_term_string\"}}],\"inLanguage\":\"es\"},{\"@type\":\"Organization\",\"@id\":\"https:\/\/elcomunista.org\/#organization\",\"name\":\"Bloque Popular Juvenil\",\"url\":\"https:\/\/elcomunista.org\/\",\"logo\":{\"@type\":\"ImageObject\",\"inLanguage\":\"es\",\"@id\":\"https:\/\/elcomunista.org\/#\/schema\/logo\/image\/\",\"url\":\"https:\/\/bloquepopularjuvenil.org\/wp-content\/uploads\/2018\/11\/bpj-militante.jpg\",\"contentUrl\":\"https:\/\/bloquepopularjuvenil.org\/wp-content\/uploads\/2018\/11\/bpj-militante.jpg\",\"width\":4000,\"height\":1390,\"caption\":\"Bloque Popular Juvenil\"},\"image\":{\"@id\":\"https:\/\/elcomunista.org\/#\/schema\/logo\/image\/\"},\"sameAs\":[\"https:\/\/www.facebook.com\/Bloquepopularjuvenil\",\"https:\/\/x.com\/ElBPJ\",\"https:\/\/www.instagram.com\/elbloque_bpj\/?hl=es-la\"]},{\"@type\":\"Person\",\"@id\":\"https:\/\/elcomunista.org\/#\/schema\/person\/f263a81caf9b6558c019b2d6b83e55be\",\"name\":\"Internacional Comunista Revolucionaria\",\"image\":{\"@type\":\"ImageObject\",\"inLanguage\":\"es\",\"@id\":\"https:\/\/elcomunista.org\/#\/schema\/person\/image\/\",\"url\":\"https:\/\/secure.gravatar.com\/avatar\/007ae9c82193c93b7cbb3bbda1ed8c15?s=96&d=mm&r=g\",\"contentUrl\":\"https:\/\/secure.gravatar.com\/avatar\/007ae9c82193c93b7cbb3bbda1ed8c15?s=96&d=mm&r=g\",\"caption\":\"Internacional Comunista Revolucionaria\"},\"url\":\"https:\/\/elcomunista.org\/?author=62\"}]}<\/script>\n<!-- \/ Yoast SEO plugin. -->","yoast_head_json":{"title":"Cuba: Revoluci\u00f3n comunista contra el Movimiento de San Isidro y contra la burocracia","robots":{"index":"index","follow":"follow","max-snippet":"max-snippet:-1","max-image-preview":"max-image-preview:large","max-video-preview":"max-video-preview:-1"},"canonical":"https:\/\/elcomunista.org\/?p=9903","og_locale":"es_ES","og_type":"article","og_title":"Cuba: Revoluci\u00f3n comunista contra el Movimiento de San Isidro y contra la burocracia","og_description":"Las provocaciones del llamado \u00abMovimiento San Isidro\u00bb, la posterior concentraci\u00f3n en el Ministerio de Cultura y la T\u00e1ngana en Trillo han generado en Cuba un amplio debate y tambi\u00e9n en los medios internacionales. Publicamos aqu\u00ed un art\u00edculo que hemos recibido del joven comunista cubano Yunier Mena, para informaci\u00f3n de nuestros lectores. Por Yunier Mena Benavides...","og_url":"https:\/\/elcomunista.org\/?p=9903","og_site_name":"Revoluci\u00f3n Comunista","article_publisher":"https:\/\/www.facebook.com\/Bloquepopularjuvenil","article_published_time":"2020-12-01T14:59:23+00:00","og_image":[{"width":750,"height":498,"url":"https:\/\/elcomunista.org\/wp-content\/uploads\/2020\/12\/Cuba.jpg","type":"image\/jpeg"}],"author":"Internacional Comunista Revolucionaria","twitter_card":"summary_large_image","twitter_creator":"@ElBPJ","twitter_site":"@ElBPJ","twitter_misc":{"Escrito por":"Internacional Comunista Revolucionaria","Tiempo de lectura":"4 minutos"},"schema":{"@context":"https:\/\/schema.org","@graph":[{"@type":"Article","@id":"https:\/\/elcomunista.org\/?p=9903#article","isPartOf":{"@id":"https:\/\/elcomunista.org\/?p=9903"},"author":{"name":"Internacional Comunista Revolucionaria","@id":"https:\/\/elcomunista.org\/#\/schema\/person\/f263a81caf9b6558c019b2d6b83e55be"},"headline":"Cuba: Revoluci\u00f3n comunista contra el Movimiento de San Isidro y contra la burocracia","datePublished":"2020-12-01T14:59:23+00:00","mainEntityOfPage":{"@id":"https:\/\/elcomunista.org\/?p=9903"},"wordCount":866,"commentCount":0,"publisher":{"@id":"https:\/\/elcomunista.org\/#organization"},"image":{"@id":"https:\/\/elcomunista.org\/?p=9903#primaryimage"},"thumbnailUrl":"https:\/\/elcomunista.org\/wp-content\/uploads\/2020\/12\/Cuba.jpg","keywords":["Cuba","Marxismo","Revoluci\u00f3n Cubana","Socialismo","Solidaridad"],"articleSection":["Destacada","Internacional Comunista Revolucionaria","Principales"],"inLanguage":"es","potentialAction":[{"@type":"CommentAction","name":"Comment","target":["https:\/\/elcomunista.org\/?p=9903#respond"]}]},{"@type":"WebPage","@id":"https:\/\/elcomunista.org\/?p=9903","url":"https:\/\/elcomunista.org\/?p=9903","name":"Cuba: Revoluci\u00f3n comunista contra el Movimiento de San Isidro y contra la burocracia","isPartOf":{"@id":"https:\/\/elcomunista.org\/#website"},"primaryImageOfPage":{"@id":"https:\/\/elcomunista.org\/?p=9903#primaryimage"},"image":{"@id":"https:\/\/elcomunista.org\/?p=9903#primaryimage"},"thumbnailUrl":"https:\/\/elcomunista.org\/wp-content\/uploads\/2020\/12\/Cuba.jpg","datePublished":"2020-12-01T14:59:23+00:00","breadcrumb":{"@id":"https:\/\/elcomunista.org\/?p=9903#breadcrumb"},"inLanguage":"es","potentialAction":[{"@type":"ReadAction","target":["https:\/\/elcomunista.org\/?p=9903"]}]},{"@type":"ImageObject","inLanguage":"es","@id":"https:\/\/elcomunista.org\/?p=9903#primaryimage","url":"https:\/\/elcomunista.org\/wp-content\/uploads\/2020\/12\/Cuba.jpg","contentUrl":"https:\/\/elcomunista.org\/wp-content\/uploads\/2020\/12\/Cuba.jpg","width":750,"height":498},{"@type":"BreadcrumbList","@id":"https:\/\/elcomunista.org\/?p=9903#breadcrumb","itemListElement":[{"@type":"ListItem","position":1,"name":"Portada","item":"https:\/\/elcomunista.org\/"},{"@type":"ListItem","position":2,"name":"Cuba: Revoluci\u00f3n comunista contra el Movimiento de San Isidro y contra la burocracia"}]},{"@type":"WebSite","@id":"https:\/\/elcomunista.org\/#website","url":"https:\/\/elcomunista.org\/","name":"Revoluci\u00f3n Comunista","description":"Internacional Comunista Revolucionaria","publisher":{"@id":"https:\/\/elcomunista.org\/#organization"},"potentialAction":[{"@type":"SearchAction","target":{"@type":"EntryPoint","urlTemplate":"https:\/\/elcomunista.org\/?s={search_term_string}"},"query-input":{"@type":"PropertyValueSpecification","valueRequired":true,"valueName":"search_term_string"}}],"inLanguage":"es"},{"@type":"Organization","@id":"https:\/\/elcomunista.org\/#organization","name":"Bloque Popular Juvenil","url":"https:\/\/elcomunista.org\/","logo":{"@type":"ImageObject","inLanguage":"es","@id":"https:\/\/elcomunista.org\/#\/schema\/logo\/image\/","url":"https:\/\/bloquepopularjuvenil.org\/wp-content\/uploads\/2018\/11\/bpj-militante.jpg","contentUrl":"https:\/\/bloquepopularjuvenil.org\/wp-content\/uploads\/2018\/11\/bpj-militante.jpg","width":4000,"height":1390,"caption":"Bloque Popular Juvenil"},"image":{"@id":"https:\/\/elcomunista.org\/#\/schema\/logo\/image\/"},"sameAs":["https:\/\/www.facebook.com\/Bloquepopularjuvenil","https:\/\/x.com\/ElBPJ","https:\/\/www.instagram.com\/elbloque_bpj\/?hl=es-la"]},{"@type":"Person","@id":"https:\/\/elcomunista.org\/#\/schema\/person\/f263a81caf9b6558c019b2d6b83e55be","name":"Internacional Comunista Revolucionaria","image":{"@type":"ImageObject","inLanguage":"es","@id":"https:\/\/elcomunista.org\/#\/schema\/person\/image\/","url":"https:\/\/secure.gravatar.com\/avatar\/007ae9c82193c93b7cbb3bbda1ed8c15?s=96&d=mm&r=g","contentUrl":"https:\/\/secure.gravatar.com\/avatar\/007ae9c82193c93b7cbb3bbda1ed8c15?s=96&d=mm&r=g","caption":"Internacional Comunista Revolucionaria"},"url":"https:\/\/elcomunista.org\/?author=62"}]}},"jetpack_featured_media_url":"https:\/\/elcomunista.org\/wp-content\/uploads\/2020\/12\/Cuba.jpg","jetpack_likes_enabled":true,"jetpack_sharing_enabled":true,"_links":{"self":[{"href":"https:\/\/elcomunista.org\/index.php?rest_route=\/wp\/v2\/posts\/9903"}],"collection":[{"href":"https:\/\/elcomunista.org\/index.php?rest_route=\/wp\/v2\/posts"}],"about":[{"href":"https:\/\/elcomunista.org\/index.php?rest_route=\/wp\/v2\/types\/post"}],"author":[{"embeddable":true,"href":"https:\/\/elcomunista.org\/index.php?rest_route=\/wp\/v2\/users\/62"}],"replies":[{"embeddable":true,"href":"https:\/\/elcomunista.org\/index.php?rest_route=%2Fwp%2Fv2%2Fcomments&post=9903"}],"version-history":[{"count":0,"href":"https:\/\/elcomunista.org\/index.php?rest_route=\/wp\/v2\/posts\/9903\/revisions"}],"wp:featuredmedia":[{"embeddable":true,"href":"https:\/\/elcomunista.org\/index.php?rest_route=\/wp\/v2\/media\/9904"}],"wp:attachment":[{"href":"https:\/\/elcomunista.org\/index.php?rest_route=%2Fwp%2Fv2%2Fmedia&parent=9903"}],"wp:term":[{"taxonomy":"category","embeddable":true,"href":"https:\/\/elcomunista.org\/index.php?rest_route=%2Fwp%2Fv2%2Fcategories&post=9903"},{"taxonomy":"post_tag","embeddable":true,"href":"https:\/\/elcomunista.org\/index.php?rest_route=%2Fwp%2Fv2%2Ftags&post=9903"}],"curies":[{"name":"wp","href":"https:\/\/api.w.org\/{rel}","templated":true}]}}